{"id":654560,"date":"2026-01-10T18:54:09","date_gmt":"2026-01-10T18:54:09","guid":{"rendered":"https:\/\/www.europesays.com\/fr\/654560\/"},"modified":"2026-01-10T18:54:09","modified_gmt":"2026-01-10T18:54:09","slug":"paris-craignant-des-incidents-apres-la-defaite-de-lalgerie-ce-soir-dans-la-can-la-prefecture-de-police-interdit-les-rassemblements-sur-les-champs-elysees-et-dans-une-grande-partie-du-8e-arrondisse","status":"publish","type":"post","link":"https:\/\/www.europesays.com\/fr\/654560\/","title":{"rendered":"Paris : Craignant des incidents apr\u00e8s la d\u00e9faite de l&rsquo;Alg\u00e9rie ce soir dans la CAN, la Pr\u00e9fecture de police interdit les rassemblements sur les Champs-Elys\u00e9es et dans une grande partie du 8e arrondissement"},"content":{"rendered":"<p>Craignant des incidents apr\u00e8s la d\u00e9fait de l&rsquo;Alg\u00e9rie ce soir dans la CAN, la Pr\u00e9fecture de police interdit les rassemblements sur les Champs-Elys\u00e9es et dans une grande partie du 8e arrondissement.\u00a0Les\u00a0Fennecs se sont inclin\u00e9s 0-2 en quart de finale de la Coupe d&rsquo;Afrique des Nations ce soir contre le Nig\u00e9ria, apr\u00e8s des buts de la star nig\u00e9riane Victor Osimhen \u00e0 la 47e minute de jeu et d&rsquo;Akor Adams \u00e0 la 57e.<\/p>\n<p>\u00a0Les rassemblements de tous les supporters des nations qualifi\u00e9es en quart de finale de la CAN (S\u00e9n\u00e9gal, Mali, Cameroun, Maroc, Alg\u00e9rie, Nig\u00e9ria, Egypte, C\u00f4te d&rsquo;Ivoire) sont en effet interdits, jusqu&rsquo;au demain \u00e0 2h du matin.<\/p>\n<p>Pour toute personne identifi\u00e9e comme un fan de l&rsquo;une de ces s\u00e9lections, le transport de tout \u00abobjet pouvant constituer une arme\u00bb, \u00abd&rsquo;artifice de divertissement et d&rsquo;article pyrotechnique\u00bb ou \u00abd&rsquo;\u00e9quipement de protection visant \u00e0 mettre en \u00e9chec tout ou partie des moyens utilis\u00e9s par les repr\u00e9sentants de la force publique\u00bb sera fermement punie.<\/p>\n<p>Les forces de l&rsquo;ordre se r\u00e9servent le droit de faire voler certains drones dans Paris afin d&rsquo;identifier les possibles \u00abatteintes \u00e0 la s\u00e9curit\u00e9 des personnes et des biens\u00bb.<\/p>\n<p>Ils pr\u00e9cisent que \u00able nombre maximal de cam\u00e9ras pouvant proc\u00e9der simultan\u00e9ment \u00e0 des enregistrements est fix\u00e9 \u00e0 2 cam\u00e9ras embarqu\u00e9es sur des a\u00e9ronefs t\u00e9l\u00e9-pilot\u00e9s\u00bb.<\/p>\n<p>Ces arr\u00eat\u00e9s valent dans une grande partie du 8e arrondissement parisien, notamment l&rsquo;ensemble de l&rsquo;avenue des Champs-Elys\u00e9es et ses environs proches.<\/p>\n","protected":false},"excerpt":{"rendered":"Craignant des incidents apr\u00e8s la d\u00e9fait de l&rsquo;Alg\u00e9rie ce soir dans la CAN, la Pr\u00e9fecture de police interdit&hellip;\n","protected":false},"author":2,"featured_media":654561,"comment_status":"","ping_status":"","sticky":false,"template":"","format":"standard","meta":{"footnotes":""},"categories":[1888],"tags":[1111,1928,11,1927,23240,71594,1777,674,63,1011,27,12,1926,626,1925,25,809],"class_list":{"0":"post-654560","1":"post","2":"type-post","3":"status-publish","4":"format-standard","5":"has-post-thumbnail","7":"category-paris","8":"tag-actu","9":"tag-actu-paris","10":"tag-actualites","11":"tag-actualites-paris","12":"tag-algu00e9rie","13":"tag-can","14":"tag-eu","15":"tag-europe","16":"tag-football","17":"tag-fr","18":"tag-france","19":"tag-news","20":"tag-news-paris","21":"tag-paris","22":"tag-paris-news","23":"tag-republique-francaise","24":"tag-violence"},"share_on_mastodon":{"url":"https:\/\/pubeurope.com\/@fr\/115872324999278221","error":""},"_links":{"self":[{"href":"https:\/\/www.europesays.com\/fr\/wp-json\/wp\/v2\/posts\/654560","targetHints":{"allow":["GET"]}}],"collection":[{"href":"https:\/\/www.europesays.com\/fr\/wp-json\/wp\/v2\/posts"}],"about":[{"href":"https:\/\/www.europesays.com\/fr\/wp-json\/wp\/v2\/types\/post"}],"author":[{"embeddable":true,"href":"https:\/\/www.europesays.com\/fr\/wp-json\/wp\/v2\/users\/2"}],"replies":[{"embeddable":true,"href":"https:\/\/www.europesays.com\/fr\/wp-json\/wp\/v2\/comments?post=654560"}],"version-history":[{"count":0,"href":"https:\/\/www.europesays.com\/fr\/wp-json\/wp\/v2\/posts\/654560\/revisions"}],"wp:featuredmedia":[{"embeddable":true,"href":"https:\/\/www.europesays.com\/fr\/wp-json\/wp\/v2\/media\/654561"}],"wp:attachment":[{"href":"https:\/\/www.europesays.com\/fr\/wp-json\/wp\/v2\/media?parent=654560"}],"wp:term":[{"taxonomy":"category","embeddable":true,"href":"https:\/\/www.europesays.com\/fr\/wp-json\/wp\/v2\/categories?post=654560"},{"taxonomy":"post_tag","embeddable":true,"href":"https:\/\/www.europesays.com\/fr\/wp-json\/wp\/v2\/tags?post=654560"}],"curies":[{"name":"wp","href":"https:\/\/api.w.org\/{rel}","templated":true}]}}