{"id":654562,"date":"2026-01-10T18:55:12","date_gmt":"2026-01-10T18:55:12","guid":{"rendered":"https:\/\/www.europesays.com\/fr\/654562\/"},"modified":"2026-01-10T18:55:12","modified_gmt":"2026-01-10T18:55:12","slug":"affaire-legrand-bloch-a-france-inter-le-parquet-de-paris-ouvre-une-enquete","status":"publish","type":"post","link":"https:\/\/www.europesays.com\/fr\/654562\/","title":{"rendered":"Affaire Legrand-Bloch \u00e0 France Inter\u00a0: le parquet de Paris ouvre une enqu\u00eate"},"content":{"rendered":"<p class=\"paragraph text_align_left lp-f-body-02\">Et de deux. Apr\u00e8s avoir confirm\u00e9 le 25 d\u00e9cembre dernier avoir ouvert une enqu\u00eate sur <a href=\"https:\/\/www.leparisien.fr\/culture-loisirs\/tv\/thomas-legrand-suspendu-de-france-inter-5-minutes-pour-comprendre-la-polemique-06-09-2025-6X3J42WHPZHMNOGXPHOXPNXV5Y.php\" target=\"_blank\" rel=\"noreferrer noopener\">l\u2019enregistrement clandestin<\/a> d\u2019une conversation entre les journalistes Patrick Cohen et Thomas Legrand et deux responsables socialistes, le parquet de Paris vient selon nos informations de faire de m\u00eame concernant une possible nouvelle captation clandestine d\u2019un \u00e9change priv\u00e9 entre le m\u00eame Thomas Legrand et <a href=\"https:\/\/www.leparisien.fr\/culture-loisirs\/lancienne-directrice-emblematique-de-france-inter-laurence-bloch-quitte-radio-france-30-05-2024-CPOFXLA7ARE2XGUJLPMOVTMYEU.php\" target=\"_blank\" rel=\"noreferrer noopener\">Laurence Bloch, son ancienne patronne \u00e0 France Inter<\/a>.<\/p>\n<p class=\"\">Les faits pr\u00e9sum\u00e9s se sont d\u00e9roul\u00e9s dans une brasserie du XIVe arrondissement de Paris le 15 d\u00e9cembre dernier. Le journaliste et la retrait\u00e9e du service public avaient \u00e9chang\u00e9 plus d\u2019une heure au sein de l\u2019\u00e9tablissement, avant de voir leur conversation rapport\u00e9e d\u00e8s le lendemain matin par Europe 1 et CNews.<\/p>\n<p>En ligne de mire, Europe 1 et CNews<\/p>\n<p class=\"\">Thomas Legrand et Laurence Bloch ont depuis port\u00e9 plainte. Le journaliste de Lib\u00e9ration <a href=\"https:\/\/www.leparisien.fr\/culture-loisirs\/tv\/nous-visons-trois-delits-le-journaliste-thomas-legrand-porte-plainte-contre-europe-1-et-cnews-24-12-2025-ZZDV7FQUOFCUTHXY5MUCSU32WU.php\" target=\"_blank\" rel=\"noreferrer noopener\">cible trois d\u00e9lits<\/a> concernant aussi bien la possible \u00ab captation ill\u00e9gale \u00bb de sa conversation que l\u2019utilisation qui a \u00e9t\u00e9 faite de ce suppos\u00e9 enregistrement, avec en ligne de mire les m\u00e9dias Europe 1 et CNews.<\/p>\n<p class=\"\">Et notamment une phrase de <a href=\"https:\/\/www.leparisien.fr\/culture-loisirs\/tv\/pascal-praud-quitte-bien-rtl-pour-europe-1-22-06-2023-EQODFZ7HUFCRHIH6GBBSWYRJRA.php\" rel=\"noopener\" target=\"_blank\">Pascal Praud<\/a> prononc\u00e9e le 16 d\u00e9cembre au d\u00e9but de son \u00e9mission, \u00ab L\u2019Heure des pros \u00bb, diffus\u00e9e sur le canal 14. Apr\u00e8s avoir cit\u00e9 \u00e0 l\u2019antenne des propos pr\u00eat\u00e9s \u00e0 Laurence Bloch lors de cette conversation de la veille avec Thomas Legrand, l\u2019animateur avait pr\u00e9cis\u00e9 \u00e0 son public : \u00ab Tout ce qu\u2019on se dit est enregistr\u00e9 bien s\u00fbr. On ne peut pas le passer bien \u00e9videmment parce que c\u2019est interdit. Mais tout ce que je vous ai dit, tout cela est codifi\u00e9. \u00bb La preuve indubitable pour le camp Legrand de l\u2019existence d\u2019un enregistrement de l\u2019\u00e9change.<\/p>\n<p class=\"\">Contact\u00e9, le parquet de Paris a confirm\u00e9 vendredi soir que sa section de protection des libert\u00e9s fondamentales a confi\u00e9 l\u2019enqu\u00eate sur cette affaire \u00ab d\u2019atteinte \u00e0 la vie priv\u00e9e \u00bb \u00e0 la brigade de police judiciaire de r\u00e9pression de la d\u00e9linquance contre la personne (BRDP).<\/p>\n<p>Un magazine fond\u00e9 par des proches de Marion Mar\u00e9chal<\/p>\n<p class=\"\">La plainte de Thomas Legrand s\u2019ajoute \u00e0 celle qu\u2019il a d\u00e9pos\u00e9e le 18 septembre contre X et contre L\u2019Incorrect, un magazine fond\u00e9 par des proches de Marion Mar\u00e9chal. Le dossier concerne cette fois la publication, en septembre, par le titre de presse, de vid\u00e9os tourn\u00e9es clandestinement et montrant <a href=\"https:\/\/www.leparisien.fr\/culture-loisirs\/tv\/thomas-legrand-suspendu-de-france-inter-5-minutes-pour-comprendre-la-polemique-06-09-2025-6X3J42WHPZHMNOGXPHOXPNXV5Y.php\" rel=\"noopener\" target=\"_blank\">une autre conversation priv\u00e9e<\/a> dans un autre caf\u00e9 parisien entre lui, son confr\u00e8re Patrick Cohen et deux responsables du Parti socialiste.<\/p>\n<p class=\"\">Une premi\u00e8re affaire dont le parquet s\u2019est d\u00e9j\u00e0 saisi avec des investigations en cours. Thomas Legrand et Patrick Cohen &#8211; qui a \u00e9galement port\u00e9 plainte dans ce dossier &#8211; ont ainsi \u00e9t\u00e9 entendus le 3 novembre dernier par la police, tout comme le directeur de la r\u00e9daction de L\u2019Incorrect, Arthur de Watrigant, d\u00e9but d\u00e9cembre.<\/p>\n","protected":false},"excerpt":{"rendered":"Et de deux. Apr\u00e8s avoir confirm\u00e9 le 25 d\u00e9cembre dernier avoir ouvert une enqu\u00eate sur l\u2019enregistrement clandestin d\u2019une&hellip;\n","protected":false},"author":2,"featured_media":654563,"comment_status":"","ping_status":"","sticky":false,"template":"","format":"standard","meta":{"footnotes":""},"categories":[1888],"tags":[11,872,1777,674,1011,27,12,626,25,2205],"class_list":{"0":"post-654562","1":"post","2":"type-post","3":"status-publish","4":"format-standard","5":"has-post-thumbnail","7":"category-paris","8":"tag-actualites","9":"tag-culture-et-loisirs","10":"tag-eu","11":"tag-europe","12":"tag-fr","13":"tag-france","14":"tag-news","15":"tag-paris","16":"tag-republique-francaise","17":"tag-television-medias"},"share_on_mastodon":{"url":"https:\/\/pubeurope.com\/@fr\/115872328795692589","error":""},"_links":{"self":[{"href":"https:\/\/www.europesays.com\/fr\/wp-json\/wp\/v2\/posts\/654562","targetHints":{"allow":["GET"]}}],"collection":[{"href":"https:\/\/www.europesays.com\/fr\/wp-json\/wp\/v2\/posts"}],"about":[{"href":"https:\/\/www.europesays.com\/fr\/wp-json\/wp\/v2\/types\/post"}],"author":[{"embeddable":true,"href":"https:\/\/www.europesays.com\/fr\/wp-json\/wp\/v2\/users\/2"}],"replies":[{"embeddable":true,"href":"https:\/\/www.europesays.com\/fr\/wp-json\/wp\/v2\/comments?post=654562"}],"version-history":[{"count":0,"href":"https:\/\/www.europesays.com\/fr\/wp-json\/wp\/v2\/posts\/654562\/revisions"}],"wp:featuredmedia":[{"embeddable":true,"href":"https:\/\/www.europesays.com\/fr\/wp-json\/wp\/v2\/media\/654563"}],"wp:attachment":[{"href":"https:\/\/www.europesays.com\/fr\/wp-json\/wp\/v2\/media?parent=654562"}],"wp:term":[{"taxonomy":"category","embeddable":true,"href":"https:\/\/www.europesays.com\/fr\/wp-json\/wp\/v2\/categories?post=654562"},{"taxonomy":"post_tag","embeddable":true,"href":"https:\/\/www.europesays.com\/fr\/wp-json\/wp\/v2\/tags?post=654562"}],"curies":[{"name":"wp","href":"https:\/\/api.w.org\/{rel}","templated":true}]}}