{"id":654568,"date":"2026-01-10T18:58:24","date_gmt":"2026-01-10T18:58:24","guid":{"rendered":"https:\/\/www.europesays.com\/fr\/654568\/"},"modified":"2026-01-10T18:58:24","modified_gmt":"2026-01-10T18:58:24","slug":"guerre-en-ukraine-il-ne-sera-pas-necessaire-denlever-vladimir-poutine-pour-regler-le-probleme-juge-trump","status":"publish","type":"post","link":"https:\/\/www.europesays.com\/fr\/654568\/","title":{"rendered":"Guerre en Ukraine : il ne sera \u00ab\u00a0pas n\u00e9cessaire\u00a0\u00bb d\u2019enlever Vladimir Poutine pour \u00ab\u00a0r\u00e9gler le probl\u00e8me\u00a0\u00bb, juge Trump"},"content":{"rendered":"<p class=\"paragraph text_align_left lp-f-body-02\">Il ne mise pas sur la mani\u00e8re forte pour faire c\u00e9der la Russie. <a href=\"https:\/\/www.leparisien.fr\/international\/etats-unis\/donald-trump\/\" target=\"_blank\" rel=\"noreferrer noopener\">Donald Trump<\/a> ne compte en tout cas pas enlever le pr\u00e9sident russe, <a href=\"https:\/\/www.leparisien.fr\/international\/vladimir-poutine\/\" target=\"_blank\" rel=\"noreferrer noopener\">Vladimir Poutine<\/a>, a-t-il d\u00e9clar\u00e9 s\u00e9rieusement vendredi. Questionn\u00e9 \u00e0 ce sujet par un journaliste sur <a href=\"https:\/\/www.leparisien.fr\/international\/ukraine\/\" target=\"_blank\" rel=\"noreferrer noopener\">la guerre en Ukraine<\/a> qui s\u00e9vit depuis bient\u00f4t quatre ans, le pr\u00e9sident am\u00e9ricain a expliqu\u00e9 qu\u2019il pensait que \u00ab ce ne sera pas n\u00e9cessaire \u00bb d\u2019agir ainsi.<\/p>\n<p class=\"\">Le sujet n\u2019est pas venu par hasard sur la table. L\u2019interrogation a \u00e9merg\u00e9 dans la foul\u00e9e de <a href=\"https:\/\/www.leparisien.fr\/international\/venezuela-agent-infiltre-replique-de-la-residence-presidentielle-comment-larmee-americaine-a-prepare-la-capture-de-maduro-04-01-2026-GFWLFPC6CZHLFNJOYPRQCNI3SQ.php\" target=\"_blank\" rel=\"noreferrer noopener\">la capture du dictateur v\u00e9n\u00e9zu\u00e9lien Nicolas Maduro<\/a>. Emmen\u00e9 de force aux \u00c9tats-Unis au cours d\u2019une op\u00e9ration survenue le 3 janvier, il est depuis incarc\u00e9r\u00e9 en Am\u00e9rique et une proc\u00e9dure judicaire, notamment pour <a href=\"https:\/\/www.leparisien.fr\/international\/je-suis-toujours-le-president-du-venezuela-accuse-de-narcoterrorisme-nicolas-maduro-plaide-non-coupable-a-new-york-05-01-2026-YPR3LMGVFZB5TANFI63BRIQB4Q.php\" target=\"_blank\" rel=\"noreferrer noopener\">narcoterrorisme<\/a>, a \u00e9t\u00e9 lanc\u00e9e contre lui.<\/p>\n<p>\u00ab L\u2019\u00e9conomie russe se porte mal \u00bb<\/p>\n<p class=\"\">Depuis, le pr\u00e9sident ukrainien, <a href=\"https:\/\/www.leparisien.fr\/international\/volodymyr-zelensky\/\" target=\"_blank\" rel=\"noreferrer noopener\">Volodymyr Zelensky<\/a>, a \u00e9mis l\u2019id\u00e9e qu\u2019une op\u00e9ration du m\u00eame genre pourrait avoir lieu au Kremlin, le si\u00e8ge de la pr\u00e9sidence russe, \u00e0 l\u2019encontre de Vladimir Poutine. \u00ab S\u2019il est permis de s\u2019occuper des dictateurs de cette fa\u00e7on, alors les \u00c9tats-Unis savent ce qu\u2019ils doivent faire ensuite \u00bb, a-t-il notamment d\u00e9clar\u00e9. Il a aussi sugg\u00e9r\u00e9 que faire subir le m\u00eame sort au dirigeant tch\u00e9tch\u00e8ne <a href=\"https:\/\/www.leparisien.fr\/international\/guerre-en-ukraine-ramzan-kadyrov-lallie-tchetchene-qui-appelle-poutine-a-utiliser-larme-nucleaire-03-10-2022-MP2K3KFMTJF7RA7AI2P2YBNVBQ.php\" target=\"_self\" rel=\"noopener\">Ramzan Kadyrov<\/a> pourrait servir d\u2019exemple \u00e0 Vladimir Poutine.<\/p>\n<p class=\"\">S\u2019il a salu\u00e9 sa \u00ab formidable relation \u00bb avec Vladimir Poutine, Donald Trump s\u2019est dit vendredi \u00ab d\u00e9\u00e7u \u00bb par la tournure des \u00e9v\u00e9nements alors qu\u2019aucune perspective s\u00e9rieuse de paix n\u2019\u00e9merge pour l\u2019instant en Ukraine.<\/p>\n<p class=\"\">Lors des discussions, la Russie met r\u00e9guli\u00e8rement en avant un point qu\u2019elle pr\u00e9sente comme inacceptable afin de retarder l\u2019\u00e9ch\u00e9ance. Cette semaine, elle a ainsi fait savoir que toute troupe \u00e9trang\u00e8re d\u00e9ploy\u00e9e en Ukraine dans le cadre d\u2019une garantie de s\u00e9curit\u00e9 serait consid\u00e9r\u00e9e comme <a href=\"https:\/\/www.leparisien.fr\/international\/ukraine\/5-000-soldats-francais-commandement-au-mont-valerien-la-force-multinationale-en-ukraine-presentee-par-macron-aux-chefs-de-partis-09-01-2026-QZOJ4NLLAFBUDM2SXTIGUC4H2U.php\" target=\"_blank\" rel=\"noreferrer noopener\">une \u00ab cible l\u00e9gitime \u00bb<\/a>.<\/p>\n<p class=\"\">Donald Trump a soulign\u00e9 qu\u2019il pensait que ce conflit ne serait pas le plus difficile \u00e0 r\u00e9soudre. Il a rappel\u00e9 les nombreuses pertes russes. Il assure \u00e9galement que l\u2019\u00e9conomie de la Russie \u00ab se porte mal \u00bb. \u00ab Je pense que nous allons voir le bout de tout \u00e7a et trouver un accord. \u00bb<\/p>\n","protected":false},"excerpt":{"rendered":"Il ne mise pas sur la mani\u00e8re forte pour faire c\u00e9der la Russie. Donald Trump ne compte en&hellip;\n","protected":false},"author":2,"featured_media":654569,"comment_status":"","ping_status":"","sticky":false,"template":"","format":"standard","meta":{"footnotes":""},"categories":[1590],"tags":[11,1777,674,14,12,220],"class_list":{"0":"post-654568","1":"post","2":"type-post","3":"status-publish","4":"format-standard","5":"has-post-thumbnail","7":"category-ukraine","8":"tag-actualites","9":"tag-eu","10":"tag-europe","11":"tag-international","12":"tag-news","13":"tag-ukraine"},"share_on_mastodon":{"url":"https:\/\/pubeurope.com\/@fr\/115872340602405928","error":""},"_links":{"self":[{"href":"https:\/\/www.europesays.com\/fr\/wp-json\/wp\/v2\/posts\/654568","targetHints":{"allow":["GET"]}}],"collection":[{"href":"https:\/\/www.europesays.com\/fr\/wp-json\/wp\/v2\/posts"}],"about":[{"href":"https:\/\/www.europesays.com\/fr\/wp-json\/wp\/v2\/types\/post"}],"author":[{"embeddable":true,"href":"https:\/\/www.europesays.com\/fr\/wp-json\/wp\/v2\/users\/2"}],"replies":[{"embeddable":true,"href":"https:\/\/www.europesays.com\/fr\/wp-json\/wp\/v2\/comments?post=654568"}],"version-history":[{"count":0,"href":"https:\/\/www.europesays.com\/fr\/wp-json\/wp\/v2\/posts\/654568\/revisions"}],"wp:featuredmedia":[{"embeddable":true,"href":"https:\/\/www.europesays.com\/fr\/wp-json\/wp\/v2\/media\/654569"}],"wp:attachment":[{"href":"https:\/\/www.europesays.com\/fr\/wp-json\/wp\/v2\/media?parent=654568"}],"wp:term":[{"taxonomy":"category","embeddable":true,"href":"https:\/\/www.europesays.com\/fr\/wp-json\/wp\/v2\/categories?post=654568"},{"taxonomy":"post_tag","embeddable":true,"href":"https:\/\/www.europesays.com\/fr\/wp-json\/wp\/v2\/tags?post=654568"}],"curies":[{"name":"wp","href":"https:\/\/api.w.org\/{rel}","templated":true}]}}