{"id":654570,"date":"2026-01-10T18:59:13","date_gmt":"2026-01-10T18:59:13","guid":{"rendered":"https:\/\/www.europesays.com\/fr\/654570\/"},"modified":"2026-01-10T18:59:13","modified_gmt":"2026-01-10T18:59:13","slug":"donald-trump-signe-un-decret-pour-proteger-les-revenus-petroliers-venezueliens-detenus-aux-etats-unis","status":"publish","type":"post","link":"https:\/\/www.europesays.com\/fr\/654570\/","title":{"rendered":"Donald Trump signe un d\u00e9cret pour prot\u00e9ger les revenus p\u00e9troliers v\u00e9n\u00e9zu\u00e9liens d\u00e9tenus aux \u00c9tats-Unis"},"content":{"rendered":"<p>\n    Le document pr\u00e9voit la cr\u00e9ation d\u2019un Fonds de d\u00e9p\u00f4t appartenant \u00e0 l\u2019\u00c9tat v\u00e9n\u00e9zu\u00e9lien mais install\u00e9 aux \u00c9tats-Unis et sous contr\u00f4le du gouvernement am\u00e9ricain.<\/p>\n<p class=\"fig-paragraph\"><a href=\"http:\/\/www.lefigaro.fr\/conjoncture\/washington-decidera-quelles-entreprises-pourront-exploiter-le-petrole-au-venezuela-selon-donald-trump-20260109\" data-fig-type=\"NewsFlash\" data-gtm-custom-categorie=\"navigation\" data-gtm-custom-action=\"crossclick\" data-gtm-custom-label=\"Contextuel\" data-gtm-event=\"customEventSPE\" data-fig-domain=\"LEFIGARO\" target=\"_blank\" rel=\"noopener\">Donald Trump<\/a>\u00a0a sign\u00e9 un\u00a0<a href=\"https:\/\/www.whitehouse.gov\/presidential-actions\/executive-orders\/\" target=\"_blank\" rel=\"noopener\" data-gtm-custom-categorie=\"navigation\" data-gtm-custom-action=\"crossclick\" data-gtm-custom-label=\"Contextuel\" data-gtm-event=\"customEventSPE\">d\u00e9cret d&rsquo;urgence<\/a>\u00a0destin\u00e9 \u00e0 placer sous protection sp\u00e9ciale les avoirs v\u00e9n\u00e9zu\u00e9liens, dont les revenus p\u00e9troliers, plac\u00e9s sur le territoire am\u00e9ricain, afin d&#8217;emp\u00eacher notamment qu&rsquo;ils soient saisis par des tribunaux ou des cr\u00e9anciers. En signant vendredi ce texte, le pr\u00e9sident am\u00e9ricain vise \u00e0 \u00abpromouvoir les objectifs de la politique \u00e9trang\u00e8re des \u00c9tats-Unis\u00bb, a d\u00e9clar\u00e9 la Maison-Blanche dans une fiche d&rsquo;information accompagnant le d\u00e9cret.<\/p>\n<p class=\"fig-paragraph\">Le d\u00e9cret pr\u00e9voit la cr\u00e9ation d&rsquo;un Fonds de d\u00e9p\u00f4t appartenant \u00e0 l&rsquo;\u00c9tat v\u00e9n\u00e9zu\u00e9lien mais install\u00e9 aux \u00c9tats-Unis et sous contr\u00f4le du gouvernement am\u00e9ricain. Il regroupera l&rsquo;ensemble des comptes et fonds d\u00e9j\u00e0 pr\u00e9sents dans le pays et appartenant aux diff\u00e9rentes entit\u00e9s publiques v\u00e9n\u00e9zu\u00e9liennes, ainsi que les revenus g\u00e9n\u00e9r\u00e9s par la vente du p\u00e9trole v\u00e9n\u00e9zu\u00e9lien.<\/p>\n<p>                                            <a class=\"fig-a11y-skip\" href=\"#fig-a11y-skip-main-inarticle\" data-module=\"a11y-skip\" data-context=\"was @visible\"><br \/>\n    Passer la publicit\u00e9<br \/>\n<\/a>            <\/p>\n<p class=\"fig-paragraph\">Il interdit par ailleurs formellement la saisie sur le Fonds en cas de poursuites contre l&rsquo;\u00c9tat v\u00e9n\u00e9zu\u00e9lien ou pour r\u00e9cup\u00e9ration de cr\u00e9ances. En outre, le d\u00e9partement du Tr\u00e9sor devra libeller ce Fonds de fa\u00e7on \u00e0 \u00abce qu&rsquo;il refl\u00e8te son statut de propri\u00e9t\u00e9 souveraine du gouvernement v\u00e9n\u00e9zu\u00e9lien, g\u00e9r\u00e9 par les \u00c9tats-Unis, et non une propri\u00e9t\u00e9 des \u00c9tats-Unis\u00bb.<\/p>\n<p>                                            \u00abVous aurez une s\u00e9curit\u00e9 totale\u00bb<\/p>\n<p class=\"fig-paragraph\">Donald Trump a r\u00e9uni vendredi les dirigeants des grands groupes p\u00e9troliers afin de les pousser \u00e0 se lancer \u00e0 l&rsquo;assaut des vastes r\u00e9serves de brut du Venezuela, sans pour autant obtenir d&rsquo;engagements tangibles des participants. \u00abVous aurez une s\u00e9curit\u00e9 totale\u00bb pour op\u00e9rer, a-t-il vant\u00e9 durant l&rsquo;\u00e9change, sans pr\u00e9ciser quelles formes prendrait cette garantie de s\u00e9curit\u00e9 alors qu&rsquo;il a exclu une pr\u00e9sence militaire am\u00e9ricaine pour prot\u00e9ger l&rsquo;activit\u00e9 p\u00e9troli\u00e8re.<\/p>\n<p class=\"fig-paragraph\">Mais, a-t-il pr\u00e9venu, tout se fera sous l&rsquo;\u00e9gide des \u00c9tats-Unis, qui d\u00e9cideront quelles entreprises p\u00e9troli\u00e8res pourront exploiter les \u00e9normes ressources du pays. Dans son plan, Caracas n&rsquo;a pas son mot \u00e0 dire. Apr\u00e8s la r\u00e9union, le ministre de l&rsquo;\u00c9nergie, Chris Wright, a lui reconnu que relancer la production \u00abprendrait du temps\u00bb. Le Venezuela dispose des plus grandes r\u00e9serves prouv\u00e9es de brut du monde avec plus de 300 milliards de barils, selon l&rsquo;Organisation des pays exportateurs de p\u00e9trole (Opep), devant l&rsquo;Arabie saoudite (267 milliards) et l&rsquo;Iran.<\/p>\n<p class=\"fig-paragraph\">Malgr\u00e9 cela, sa production est modeste, plafonn\u00e9e \u00e0 un million de barils par jour, sous l&rsquo;effet du sous-investissement et des sanctions am\u00e9ricaines. Le brut v\u00e9n\u00e9zu\u00e9lien est par ailleurs plus visqueux que celui extrait aux \u00c9tats-Unis, ce qui rend son raffinage compliqu\u00e9, co\u00fbteux et polluant. Remettre \u00e0 niveau les installations suppose d&rsquo;investir des dizaines de milliards de dollars en d\u00e9pit des inqui\u00e9tudes sur l&rsquo;instabilit\u00e9 politique.<\/p>\n","protected":false},"excerpt":{"rendered":"Le document pr\u00e9voit la cr\u00e9ation d\u2019un Fonds de d\u00e9p\u00f4t appartenant \u00e0 l\u2019\u00c9tat v\u00e9n\u00e9zu\u00e9lien mais install\u00e9 aux \u00c9tats-Unis et&hellip;\n","protected":false},"author":2,"featured_media":654571,"comment_status":"","ping_status":"","sticky":false,"template":"","format":"standard","meta":{"footnotes":""},"categories":[1589],"tags":[11,75,73,1866,12,844,1864,1865,1863,308,337],"class_list":{"0":"post-654570","1":"post","2":"type-post","3":"status-publish","4":"format-standard","5":"has-post-thumbnail","7":"category-etats-unis","8":"tag-actualites","9":"tag-donald-trump","10":"tag-etats-unis","11":"tag-etats-unis-damerique","12":"tag-news","13":"tag-petrole","14":"tag-united-states","15":"tag-united-states-of-america","16":"tag-us","17":"tag-usa","18":"tag-venezuela"},"share_on_mastodon":{"url":"https:\/\/pubeurope.com\/@fr\/115872344571393785","error":""},"_links":{"self":[{"href":"https:\/\/www.europesays.com\/fr\/wp-json\/wp\/v2\/posts\/654570","targetHints":{"allow":["GET"]}}],"collection":[{"href":"https:\/\/www.europesays.com\/fr\/wp-json\/wp\/v2\/posts"}],"about":[{"href":"https:\/\/www.europesays.com\/fr\/wp-json\/wp\/v2\/types\/post"}],"author":[{"embeddable":true,"href":"https:\/\/www.europesays.com\/fr\/wp-json\/wp\/v2\/users\/2"}],"replies":[{"embeddable":true,"href":"https:\/\/www.europesays.com\/fr\/wp-json\/wp\/v2\/comments?post=654570"}],"version-history":[{"count":0,"href":"https:\/\/www.europesays.com\/fr\/wp-json\/wp\/v2\/posts\/654570\/revisions"}],"wp:featuredmedia":[{"embeddable":true,"href":"https:\/\/www.europesays.com\/fr\/wp-json\/wp\/v2\/media\/654571"}],"wp:attachment":[{"href":"https:\/\/www.europesays.com\/fr\/wp-json\/wp\/v2\/media?parent=654570"}],"wp:term":[{"taxonomy":"category","embeddable":true,"href":"https:\/\/www.europesays.com\/fr\/wp-json\/wp\/v2\/categories?post=654570"},{"taxonomy":"post_tag","embeddable":true,"href":"https:\/\/www.europesays.com\/fr\/wp-json\/wp\/v2\/tags?post=654570"}],"curies":[{"name":"wp","href":"https:\/\/api.w.org\/{rel}","templated":true}]}}