{"id":654578,"date":"2026-01-10T19:03:12","date_gmt":"2026-01-10T19:03:12","guid":{"rendered":"https:\/\/www.europesays.com\/fr\/654578\/"},"modified":"2026-01-10T19:03:12","modified_gmt":"2026-01-10T19:03:12","slug":"yvetot-un-automobiliste-a-eu-un-accident-et-a-ete-transfere-a-lhopital","status":"publish","type":"post","link":"https:\/\/www.europesays.com\/fr\/654578\/","title":{"rendered":"Yvetot. Un automobiliste a eu un accident et a \u00e9t\u00e9 transf\u00e9r\u00e9 \u00e0 l&rsquo;h\u00f4pital"},"content":{"rendered":"<p melodystyle=\"texte\">Un v\u00e9hicule s&rsquo;est accident\u00e9 samedi 10\u00a0janvier \u00e0 Yvetot, non loin de l&rsquo;intersection entre la commune et Autretot, peu apr\u00e8s 13h30. Les forces de l&rsquo;ordre sont intervenues.<\/p>\n<p>Aucune victime \u00e0 d\u00e9plorer<\/p>\n<p melodystyle=\"texte\">A leur arriv\u00e9e sur les lieux, les secours ont pris en charge l&rsquo;automobiliste qui a \u00e9t\u00e9 \u00e9vacu\u00e9 vers un h\u00f4pital pour un examen de contr\u00f4le. L&rsquo;accident n&rsquo;a pas fait de victime.<\/p>\n","protected":false},"excerpt":{"rendered":"Un v\u00e9hicule s&rsquo;est accident\u00e9 samedi 10\u00a0janvier \u00e0 Yvetot, non loin de l&rsquo;intersection entre la commune et Autretot, peu&hellip;\n","protected":false},"author":2,"featured_media":654579,"comment_status":"","ping_status":"","sticky":false,"template":"","format":"standard","meta":{"footnotes":""},"categories":[1586],"tags":[11,1777,674,1779,1011,27,12,25,1778,364],"class_list":{"0":"post-654578","1":"post","2":"type-post","3":"status-publish","4":"format-standard","5":"has-post-thumbnail","7":"category-europe","8":"tag-actualites","9":"tag-eu","10":"tag-europe","11":"tag-european-union","12":"tag-fr","13":"tag-france","14":"tag-news","15":"tag-republique-francaise","16":"tag-ue","17":"tag-union-europeenne"},"share_on_mastodon":{"url":"https:\/\/pubeurope.com\/@fr\/115872360287587603","error":""},"_links":{"self":[{"href":"https:\/\/www.europesays.com\/fr\/wp-json\/wp\/v2\/posts\/654578","targetHints":{"allow":["GET"]}}],"collection":[{"href":"https:\/\/www.europesays.com\/fr\/wp-json\/wp\/v2\/posts"}],"about":[{"href":"https:\/\/www.europesays.com\/fr\/wp-json\/wp\/v2\/types\/post"}],"author":[{"embeddable":true,"href":"https:\/\/www.europesays.com\/fr\/wp-json\/wp\/v2\/users\/2"}],"replies":[{"embeddable":true,"href":"https:\/\/www.europesays.com\/fr\/wp-json\/wp\/v2\/comments?post=654578"}],"version-history":[{"count":0,"href":"https:\/\/www.europesays.com\/fr\/wp-json\/wp\/v2\/posts\/654578\/revisions"}],"wp:featuredmedia":[{"embeddable":true,"href":"https:\/\/www.europesays.com\/fr\/wp-json\/wp\/v2\/media\/654579"}],"wp:attachment":[{"href":"https:\/\/www.europesays.com\/fr\/wp-json\/wp\/v2\/media?parent=654578"}],"wp:term":[{"taxonomy":"category","embeddable":true,"href":"https:\/\/www.europesays.com\/fr\/wp-json\/wp\/v2\/categories?post=654578"},{"taxonomy":"post_tag","embeddable":true,"href":"https:\/\/www.europesays.com\/fr\/wp-json\/wp\/v2\/tags?post=654578"}],"curies":[{"name":"wp","href":"https:\/\/api.w.org\/{rel}","templated":true}]}}