{"id":654582,"date":"2026-01-10T19:05:08","date_gmt":"2026-01-10T19:05:08","guid":{"rendered":"https:\/\/www.europesays.com\/fr\/654582\/"},"modified":"2026-01-10T19:05:08","modified_gmt":"2026-01-10T19:05:08","slug":"en-direct-venezuela-les-etats-unis-revendiquent-le-succes-de-leur-blocus-naval-en-mer-des-caraibes-le-monde-fr","status":"publish","type":"post","link":"https:\/\/www.europesays.com\/fr\/654582\/","title":{"rendered":"EN DIRECT, Venezuela : les Etats-Unis revendiquent le succ\u00e8s de leur blocus naval en mer des Cara\u00efbes &#8211; Le Monde.fr"},"content":{"rendered":"<ol>\n<li><a href=\"https:\/\/news.google.com\/rss\/articles\/CBMi_gFBVV95cUxQRUdnanlHeS0wWHFIajJpclhKTzZpYnVLTDlJelVhZi1HbDc5NEMwQjBZLWFFSjNYRklka1RldFRwb0xFYTJ1NWRoblVKRmtvZnBBblRBclh1cGtMeW9NRXJGOWYyaDdfZDVwQ3JVYVlaVFJJd01SUGQ3dXVXcDhoR2hpSEN3N3owd25DSEh2M1dZX2JfWFNlZzIzeDdBaUhBLW00LUo2N0NCQmZGQmlRNjBfVUI2QndOX2NNVmtLSEpJaGFoSFA1cG9xR1pUaEJUWGJZSWhOLWNmZUpldXU4N1p2YkZCT3JzUy01SmRadzhtUndCM00xamIwbTB3UQ?oc=5\" target=\"_blank\" rel=\"noopener\">EN DIRECT, Venezuela : les Etats-Unis revendiquent le succ\u00e8s de leur blocus naval en mer des Cara\u00efbes<\/a>&nbsp;&nbsp;Le Monde.fr<\/li>\n<li><a href=\"https:\/\/news.google.com\/rss\/articles\/CBMi0AFBVV95cUxOOEpLRW5UbWdIRzBfdDRvUHdvWnBMRm1kY2ZLRWh6TmNtRGNoQ1hMYXdvV1cyTEYxU3prTkxOTzNZUzVVX0NLY0FrQlpSME5FOFlxbFNFSkZYM0ctLVhITEVPdmFhSGhHZ29nMHlQQTNucXhRMnMyS3lIeXFXaFcza2JjN1NYM3RWVlJ1by0zYU45X0JCX3N5aXFreWtEdHdwQm82N08yNUJSUVZsaWU4TDQyOHJ4S3c3cTRzck9YREQ4ejJhRW5SRmVGSnZpSDRx?oc=5\" target=\"_blank\" rel=\"noopener\">Que contient vraiment la soute du p\u00e9trolier fant\u00f4me saisi dans l\u2019Atlantique ?<\/a>&nbsp;&nbsp;20 Minutes<\/li>\n<li><a href=\"https:\/\/news.google.com\/rss\/articles\/CBMingJBVV95cUxOQlFXZU9QS2Jzb2NDZEV3SlM4alVQUDRncFVfRnB3YU5jTzBGN2RNeTVMMEpNU1ZSdWtvX3I3UDQ4aGM4WHZlbF9rSldCWFVzYXRzU0pHaThpOVZoZ2Ewem5JLTJUdk1VdC1HRzAtQmM2bFBCRUtuNk5sTGZHaXdDNDZBTlNQOXVfdTZKTXZ4aGtBUFBwUkozZUJDYmhoOG44TUwyak9xc04wa2d4cU1oeUVfa2VDemFtZnBfSEYyY3VqbjVKV1phTlZaVVRrZy1uZG9KWXE1dTZ3QURBVzQ1WEFJNWxWN1Z0RVQ2Y1hBbFljV1g3OGFqLTRqNW13TnFhY0V3MnNQMVdjZjhELWJRbk5NUVpDTWpBTG5HRHJn?oc=5\" target=\"_blank\" rel=\"noopener\">Un p\u00e9trolier, soup\u00e7onn\u00e9 d&rsquo;appartenir \u00e0 \u00ab\u00a0la flotte fant\u00f4me\u00a0\u00bb a \u00e9t\u00e9 \u00ab\u00a0arraisonn\u00e9\u00a0\u00bb par les \u00c9tats-Unis en mer des Cara\u00efbes<\/a>&nbsp;&nbsp;BFM<\/li>\n<li><a href=\"https:\/\/news.google.com\/rss\/articles\/CBMiowJBVV95cUxOZ19GNzFvUXFBU0dsU2tYeXVEdjVWMG16LW1QV2h1ajZyYllnYjJuVV9oQzBoWk5teTZva2VSTUxPQ25jdF85Umk3WlNSUnhwOHFITFpoTFN0VXFxdjFkdnhUYW1RMjlEd0hXaHFCRldyOXFhYzhLbzhaVVZ6enBpazJXWld2TnFUTGpfRzNrQ3FBb0cxNG16WGFJNG9FdDRrUk4zRHl2UXVZQjE4SEdmUW5tbDROY3JkVXJHNlphclFmcUlZek9KMHpxUEFSMEJ0bFAxczN5YUhzTTdNMlU3ODVRRWFCZDFXTlFwS2xEeXg3eXc0MVAyUXVQY29HeEhwRE5zN2JPRnVQY1FaWUR3V2lpaTRNYWZyYlNUalZfTUgzTDg?oc=5\" target=\"_blank\" rel=\"noopener\">Deux membres d\u2019\u00e9quipage russes du p\u00e9trolier saisi par les \u00c9tats-Unis dans l\u2019Atlantique ont \u00e9t\u00e9 lib\u00e9r\u00e9s, annonce Moscou<\/a>&nbsp;&nbsp;Le Parisien<\/li>\n<li><a href=\"https:\/\/news.google.com\/rss\/articles\/CBMi2wFBVV95cUxNTlBVZTRGbnJsU2RPMHlvWjJsSzNwOFVUSUx0WDJnTFh6ZG5BM3ZXOFRQTGJBMkFCaGJSeEhGWW1pcE1ZM2JxcGQ2MW4ybGF4cWhqUTJGd1c2WnpIc1RTZURLQVFpTVhYSzEzVm03a3M1N3VuMGJzQUN5cGdyMVVfM29UdnN3MmhxQ1RQRFY0Q004WURLN3dNR1h2b0RoNnpULUFkcDdvQTBoT0Z5TjN1M09DNjFBQXdSTWFWQXZrU3NpWjAxd2tEN3RwU0dQOWl1SC1TZ0h6WWVpbGM?oc=5\" target=\"_blank\" rel=\"noopener\">Les \u00c9tats-Unis affirment avoir saisi un nouveau p\u00e9trolier parti du Venezuela<\/a>&nbsp;&nbsp;Le Figaro<\/li>\n<\/ol>\n","protected":false},"excerpt":{"rendered":"EN DIRECT, Venezuela : les Etats-Unis revendiquent le succ\u00e8s de leur blocus naval en mer des Cara\u00efbes&nbsp;&nbsp;Le Monde.fr&hellip;\n","protected":false},"author":2,"featured_media":395849,"comment_status":"","ping_status":"","sticky":false,"template":"","format":"standard","meta":{"footnotes":""},"categories":[2],"tags":[11,1011,27,12,25],"class_list":{"0":"post-654582","1":"post","2":"type-post","3":"status-publish","4":"format-standard","5":"has-post-thumbnail","7":"category-actualites","8":"tag-actualites","9":"tag-fr","10":"tag-france","11":"tag-news","12":"tag-republique-francaise"},"share_on_mastodon":{"url":"https:\/\/pubeurope.com\/@fr\/115872368150790044","error":""},"_links":{"self":[{"href":"https:\/\/www.europesays.com\/fr\/wp-json\/wp\/v2\/posts\/654582","targetHints":{"allow":["GET"]}}],"collection":[{"href":"https:\/\/www.europesays.com\/fr\/wp-json\/wp\/v2\/posts"}],"about":[{"href":"https:\/\/www.europesays.com\/fr\/wp-json\/wp\/v2\/types\/post"}],"author":[{"embeddable":true,"href":"https:\/\/www.europesays.com\/fr\/wp-json\/wp\/v2\/users\/2"}],"replies":[{"embeddable":true,"href":"https:\/\/www.europesays.com\/fr\/wp-json\/wp\/v2\/comments?post=654582"}],"version-history":[{"count":0,"href":"https:\/\/www.europesays.com\/fr\/wp-json\/wp\/v2\/posts\/654582\/revisions"}],"wp:featuredmedia":[{"embeddable":true,"href":"https:\/\/www.europesays.com\/fr\/wp-json\/wp\/v2\/media\/395849"}],"wp:attachment":[{"href":"https:\/\/www.europesays.com\/fr\/wp-json\/wp\/v2\/media?parent=654582"}],"wp:term":[{"taxonomy":"category","embeddable":true,"href":"https:\/\/www.europesays.com\/fr\/wp-json\/wp\/v2\/categories?post=654582"},{"taxonomy":"post_tag","embeddable":true,"href":"https:\/\/www.europesays.com\/fr\/wp-json\/wp\/v2\/tags?post=654582"}],"curies":[{"name":"wp","href":"https:\/\/api.w.org\/{rel}","templated":true}]}}