{"id":654609,"date":"2026-01-10T19:25:10","date_gmt":"2026-01-10T19:25:10","guid":{"rendered":"https:\/\/www.europesays.com\/fr\/654609\/"},"modified":"2026-01-10T19:25:10","modified_gmt":"2026-01-10T19:25:10","slug":"un-astronaute-de-liss-touche-par-un-probleme-de-sante-lequipage-de-la-station-spatiale-va-etre-evacue-en-urgence-dans-les-prochains-jours","status":"publish","type":"post","link":"https:\/\/www.europesays.com\/fr\/654609\/","title":{"rendered":"Un astronaute de l\u2019ISS touch\u00e9 par un probl\u00e8me de sant\u00e9\u00a0: l\u2019\u00e9quipage de la station spatiale va \u00eatre \u00e9vacu\u00e9 en urgence dans les prochains jours"},"content":{"rendered":"<p>\n                                                                    l&rsquo;essentiel<br \/>\n                                                                Un astronaute qui se trouve \u00e0 bord de\u00a0la Station spatiale internationale (ISS) a fait l\u2019objet d\u2019un probl\u00e8me de sant\u00e9. Quatre membres de l\u2019\u00e9quipage vont devoir \u00eatre \u00e9vacu\u00e9s tr\u00e8s prochainement.\n                            <\/p>\n<p>L\u2019\u00e9quipage de la Station spatiale internationale (ISS) devant \u00eatre \u00e9vacu\u00e9 \u00e0 cause d\u2019un probl\u00e8me m\u00e9dical pourrait \u00eatre de retour sur Terre d\u00e8s jeudi prochain, a annonc\u00e9 la Nasa ce vendredi 9\u00a0janvier. \u00ab\u00a0La Nasa et SpaceX pr\u00e9voient de d\u00e9samarrer Crew-11 de la Station spatiale internationale au plus t\u00f4t \u00e0 17\u00a0heures (heure de la c\u00f4te est, soit 22H GMT, NDLR) le 14\u00a0janvier, avec un amerrissage au large de la Californie pr\u00e9vu t\u00f4t le 15\u00a0janvier, en fonction des conditions m\u00e9t\u00e9orologiques et de r\u00e9cup\u00e9ration\u00a0\u00bb, a \u00e9crit la Nasa sur X.<\/p>\n<blockquote data-class=\"twitter-tweet\">\n<p lang=\"en\" dir=\"ltr\">.<a href=\"https:\/\/twitter.com\/NASA?ref_src=twsrc%5Etfw\" target=\"_blank\" rel=\"noopener\">@NASA<\/a> and <a href=\"https:\/\/twitter.com\/SpaceX?ref_src=twsrc%5Etfw\" target=\"_blank\" rel=\"noopener\">@SpaceX<\/a> target undocking Crew-11 from the International Space Station no earlier than 5pm ET on Jan. 14, with splashdown off California targeted for early Jan. 15 depending on weather and recovery conditions. <a href=\"https:\/\/t.co\/Y89iIj3jEY\">https:\/\/t.co\/Y89iIj3jEY<\/a><\/p>\n<p>\u2014 International Space Station (@Space_Station) <a href=\"https:\/\/twitter.com\/Space_Station\/status\/2009807787254264274?ref_src=twsrc%5Etfw\" target=\"_blank\" rel=\"noopener\">January 10, 2026<\/a><\/p><\/blockquote>\n<p>L\u2019agence spatiale am\u00e9ricaine avait annonc\u00e9 jeudi que les quatre membres d\u2019un \u00e9quipage de l\u2019ISS seraient \u00e9vacu\u00e9s dans les prochains jours en raison d\u2019un probl\u00e8me de sant\u00e9 touchant un astronaute, une premi\u00e8re dans l\u2019histoire du laboratoire orbital. L\u2019\u00e9quipage de la mission Crew-11 est compos\u00e9 des astronautes am\u00e9ricains Zena Cardman et Mike Fincke, du Japonais Kimiya Yui et du cosmonaute russe Oleg Platonov. Apr\u00e8s leur d\u00e9part, un Am\u00e9ricain et deux Russes resteront \u00e0 bord de la station. Les responsables de la Nasa ont indiqu\u00e9 qu\u2019il \u00e9tait possible que la prochaine mission am\u00e9ricaine vers l\u2019ISS parte plus t\u00f4t que pr\u00e9vu, sans donner plus de pr\u00e9cisions.<\/p>\n<p>Un s\u00e9jour qui devait durer\u00a06 mois<\/p>\n<p>Les membres de la mission Crew-11 avaient rejoint l\u2019ISS en ao\u00fbt \u00e0 bord d\u2019une capsule Crew Dragon de SpaceX et devaient y s\u00e9journer pendant environ six mois. Leur retour sur Terre devait initialement avoir lieu dans les prochaines semaines. Durant leur mission, ils devaient notamment simuler des sc\u00e9narios d\u2019alunissage dans le cadre du programme Artemis men\u00e9 par les \u00c9tats-Unis pour retourner sur la Lune.<\/p>\n<p class=\"std-elt__inline\">\n        <strong>\u00c0 lire aussi :<\/strong><br \/>\n        <a href=\"https:\/\/www.ladepeche.fr\/2025\/03\/18\/retour-sur-terre-des-astronautes-bloques-dans-liss-20-ans-de-vieillissement-osseux-quelles-consequences-sur-la-sante-apres-un-long-sejour-spatial-12577812.php\" target=\"_blank\" rel=\"noopener\">Retour sur Terre des astronautes bloqu\u00e9s dans l\u2019ISS\u00a0: \u00ab\u00a020 ans de vieillissement osseux\u00a0\u00bb\u2026 Quelles cons\u00e9quences sur la sant\u00e9 apr\u00e8s un long s\u00e9jour spatial\u00a0?<\/a>\n    <\/p>\n<p>La Nasa et l\u2019agence spatiale russe Roscosmos, qui op\u00e8rent ensemble au sein de l\u2019ISS, ont mis en place un programme d\u2019\u00e9change d\u2019astronautes, acheminant chacun \u00e0 tour de r\u00f4le un membre d\u2019\u00e9quipage de l\u2019autre pays. Habit\u00e9 en permanence depuis 2000, le laboratoire volant qu\u2019est l\u2019ISS sert de banc d\u2019essai essentiel pour la recherche sur l\u2019exploration spatiale, notamment concernant les missions \u00e9ventuelles vers Mars. Mod\u00e8le de coop\u00e9ration internationale r\u00e9unissant l\u2019Europe, le Japon, les \u00c9tats-Unis et la Russie, l\u2019ISS a commenc\u00e9 \u00e0 \u00eatre assembl\u00e9e en 1998. Sa mise \u00e0 la retraite \u00e9tait pr\u00e9vue en 2024, mais la Nasa a estim\u00e9 qu\u2019elle pouvait fonctionner jusqu\u2019en 2030. Depuis la guerre en Ukraine, l\u2019exploitation de l\u2019ISS est l\u2019un des derniers domaines de coop\u00e9ration entre la Russie et les \u00c9tats-Unis.<\/p>\n<p>                                                                                                                                                                                                        <script async src=\"https:\/\/platform.twitter.com\/widgets.js\" charset=\"utf-8\"><\/script><\/p>\n","protected":false},"excerpt":{"rendered":"l&rsquo;essentiel Un astronaute qui se trouve \u00e0 bord de\u00a0la Station spatiale internationale (ISS) a fait l\u2019objet d\u2019un probl\u00e8me&hellip;\n","protected":false},"author":2,"featured_media":654610,"comment_status":"","ping_status":"","sticky":false,"template":"","format":"standard","meta":{"footnotes":""},"categories":[7],"tags":[386,1011,27,329,43,40,41,69601,39,42,44],"class_list":{"0":"post-654609","1":"post","2":"type-post","3":"status-publish","4":"format-standard","5":"has-post-thumbnail","7":"category-sciences-et-technologies","8":"tag-espace","9":"tag-fr","10":"tag-france","11":"tag-france-monde","12":"tag-science","13":"tag-science-and-technology","14":"tag-sciences","15":"tag-sciences-et-techniques","16":"tag-sciences-et-technologies","17":"tag-technologies","18":"tag-technology"},"share_on_mastodon":{"url":"https:\/\/pubeurope.com\/@fr\/115872446898095356","error":""},"_links":{"self":[{"href":"https:\/\/www.europesays.com\/fr\/wp-json\/wp\/v2\/posts\/654609","targetHints":{"allow":["GET"]}}],"collection":[{"href":"https:\/\/www.europesays.com\/fr\/wp-json\/wp\/v2\/posts"}],"about":[{"href":"https:\/\/www.europesays.com\/fr\/wp-json\/wp\/v2\/types\/post"}],"author":[{"embeddable":true,"href":"https:\/\/www.europesays.com\/fr\/wp-json\/wp\/v2\/users\/2"}],"replies":[{"embeddable":true,"href":"https:\/\/www.europesays.com\/fr\/wp-json\/wp\/v2\/comments?post=654609"}],"version-history":[{"count":0,"href":"https:\/\/www.europesays.com\/fr\/wp-json\/wp\/v2\/posts\/654609\/revisions"}],"wp:featuredmedia":[{"embeddable":true,"href":"https:\/\/www.europesays.com\/fr\/wp-json\/wp\/v2\/media\/654610"}],"wp:attachment":[{"href":"https:\/\/www.europesays.com\/fr\/wp-json\/wp\/v2\/media?parent=654609"}],"wp:term":[{"taxonomy":"category","embeddable":true,"href":"https:\/\/www.europesays.com\/fr\/wp-json\/wp\/v2\/categories?post=654609"},{"taxonomy":"post_tag","embeddable":true,"href":"https:\/\/www.europesays.com\/fr\/wp-json\/wp\/v2\/tags?post=654609"}],"curies":[{"name":"wp","href":"https:\/\/api.w.org\/{rel}","templated":true}]}}