{"id":654619,"date":"2026-01-10T19:30:11","date_gmt":"2026-01-10T19:30:11","guid":{"rendered":"https:\/\/www.europesays.com\/fr\/654619\/"},"modified":"2026-01-10T19:30:11","modified_gmt":"2026-01-10T19:30:11","slug":"ce-collectif-veut-faire-de-lecole-le-sujet-des-municipales","status":"publish","type":"post","link":"https:\/\/www.europesays.com\/fr\/654619\/","title":{"rendered":"ce collectif veut faire de l\u2019\u00e9cole le sujet des Municipales"},"content":{"rendered":"<p>L\u2019an dernier, les membres du collectif des \u00e9coles publiques st\u00e9phanoises (CEPS) pr\u00e9sentaient leur programme pour \u00ab\u00a0une \u00e9cole de r\u00eave\u00a0\u00bb. Cette ann\u00e9e, ils demandent du concret. \u00c0 l\u2019approche des \u00e9lections municipales, le groupe compos\u00e9 de parents, d\u2019enseignants et de personnels veut peser dans la campagne.<\/p>\n<p>\u00ab\u00a0Cela fait trois ans qu\u2019on a enclench\u00e9 ce gros chantier. L\u2019objectif, c\u2019\u00e9tait de faire un diagnostic des 69 \u00e9coles et \u00eatre force de propositions\u00a0\u00bb, rappelle J\u00e9r\u00e9my Rousset, syndicaliste FSU et directeur d\u2019\u00e9cole aux Fr\u00e8res-Chappe. \u00c0 l\u2019issue de ces ann\u00e9es de r\u00e9flexion, des mesures tr\u00e8s pr\u00e9cises pour \u00ab\u00a0transformer l\u2019\u00e9cole publique \u00e0 Saint-\u00c9tienne\u00a0\u00bb ont \u00e9t\u00e9 \u00e9labor\u00e9es et portent, entre autres, sur la r\u00e9novation des \u00e9tablissements, le nombre d\u2019Atsem par classe ou encore le budget allou\u00e9 aux projets p\u00e9dagogiques\u2026<\/p>\n<p>\u00ab\u00a0Que les candidats partagent leur vision pour&#8230;                        <\/p>\n","protected":false},"excerpt":{"rendered":"L\u2019an dernier, les membres du collectif des \u00e9coles publiques st\u00e9phanoises (CEPS) pr\u00e9sentaient leur programme pour \u00ab\u00a0une \u00e9cole de&hellip;\n","protected":false},"author":2,"featured_media":654620,"comment_status":"","ping_status":"","sticky":false,"template":"","format":"standard","meta":{"footnotes":""},"categories":[9653],"tags":[1111,11,2430,7539,1057,4188,1777,674,1011,27,10425,12,25,4001,7538],"class_list":{"0":"post-654619","1":"post","2":"type-post","3":"status-publish","4":"format-standard","5":"has-post-thumbnail","7":"category-saint-etienne","8":"tag-actu","9":"tag-actualites","10":"tag-auvergne-rhone-alpes","11":"tag-edition-loire-sud","12":"tag-education","13":"tag-elections-municipales","14":"tag-eu","15":"tag-europe","16":"tag-fr","17":"tag-france","18":"tag-maternelle-elementaire","19":"tag-news","20":"tag-republique-francaise","21":"tag-saint-etienne","22":"tag-saint-etienne-ville"},"share_on_mastodon":{"url":"https:\/\/pubeurope.com\/@fr\/115872466484748567","error":""},"_links":{"self":[{"href":"https:\/\/www.europesays.com\/fr\/wp-json\/wp\/v2\/posts\/654619","targetHints":{"allow":["GET"]}}],"collection":[{"href":"https:\/\/www.europesays.com\/fr\/wp-json\/wp\/v2\/posts"}],"about":[{"href":"https:\/\/www.europesays.com\/fr\/wp-json\/wp\/v2\/types\/post"}],"author":[{"embeddable":true,"href":"https:\/\/www.europesays.com\/fr\/wp-json\/wp\/v2\/users\/2"}],"replies":[{"embeddable":true,"href":"https:\/\/www.europesays.com\/fr\/wp-json\/wp\/v2\/comments?post=654619"}],"version-history":[{"count":0,"href":"https:\/\/www.europesays.com\/fr\/wp-json\/wp\/v2\/posts\/654619\/revisions"}],"wp:featuredmedia":[{"embeddable":true,"href":"https:\/\/www.europesays.com\/fr\/wp-json\/wp\/v2\/media\/654620"}],"wp:attachment":[{"href":"https:\/\/www.europesays.com\/fr\/wp-json\/wp\/v2\/media?parent=654619"}],"wp:term":[{"taxonomy":"category","embeddable":true,"href":"https:\/\/www.europesays.com\/fr\/wp-json\/wp\/v2\/categories?post=654619"},{"taxonomy":"post_tag","embeddable":true,"href":"https:\/\/www.europesays.com\/fr\/wp-json\/wp\/v2\/tags?post=654619"}],"curies":[{"name":"wp","href":"https:\/\/api.w.org\/{rel}","templated":true}]}}