{"id":654621,"date":"2026-01-10T19:31:12","date_gmt":"2026-01-10T19:31:12","guid":{"rendered":"https:\/\/www.europesays.com\/fr\/654621\/"},"modified":"2026-01-10T19:31:12","modified_gmt":"2026-01-10T19:31:12","slug":"lol-lyonnes-evite-le-piege-et-soffre-saint-etienne","status":"publish","type":"post","link":"https:\/\/www.europesays.com\/fr\/654621\/","title":{"rendered":"L&rsquo;OL Lyonnes \u00e9vite le pi\u00e8ge et s&rsquo;offre Saint-\u00c9tienne"},"content":{"rendered":"<p>                            <img width=\"770\" height=\"433\" src=\"https:\/\/www.europesays.com\/fr\/wp-content\/uploads\/2026\/01\/AFP__20251217__2252430815__v2__HighRes__OlLyonnesVClubAtleticoDeMadridUefaWomenSCham-e1768061129137-.jpeg\" class=\"attachment-article size-article wp-post-image\" alt=\"\" decoding=\"async\" fetchpriority=\"high\"  \/><\/p>\n<p>Kadidiatou Diani et Ada Hegerberg (OL Lyonnes) (Photo by Pauline Figuet\/Getty Images) (Photo by Pauline Figuet \/ GETTY IMAGES EUROPE \/ Getty Images via AFP)<\/p>\n<p>Au terme d&rsquo;une prestation solide, rehauss\u00e9e par le dernier quart d&rsquo;heure, l&rsquo;OL Lyonnes se qualifie pour les 8es de finale de la Coupe de France. Saint-\u00c9tienne n&rsquo;a pas fait le poids (0-6).<\/p>\n<p>Ce Saint-\u00c9tienne &#8211; OL Lyonnes r\u00e9unissait beaucoup d&rsquo;ingr\u00e9dients pour se transformer <a href=\"https:\/\/www.olympique-et-lyonnais.com\/coupe-de-france-lol-lyonnes-veut-dompter-les-conditions-a-saint-etienne,388291.html\" target=\"_blank\" rel=\"noopener\">en pi\u00e8ge<\/a>. Un terrain synth\u00e9tique, l&rsquo;absence <a href=\"https:\/\/www.olympique-et-lyonnais.com\/renard-ol-lyonnes-ces-interdictions-ne-favorisent-pas-lessor-du-foot-feminin,388256.html\" target=\"_blank\" rel=\"noopener\">des supporters rhodaniens<\/a> et des conditions m\u00e9t\u00e9orologiques difficiles. Finalement, apr\u00e8s une heure de retard, le 16e de finale entre les deux rivaux a tourn\u00e9 \u00e0 la s\u00e9ance d&rsquo;attaque-d\u00e9fense durant le premier acte. <\/p>\n<p>Un peu comme \u00e0 l&rsquo;entra\u00eenement, les joueuses de Jonatan <strong>Gir\u00e1ldez<\/strong> ont multipli\u00e9 les offensives sur la cage d&rsquo;Emma <strong>Templier<\/strong>. C&rsquo;est simple, les Vertes n&rsquo;ont pas beaucoup vu la moiti\u00e9 de terrain adverse, et Christiane <strong>Endler <\/strong>n&rsquo;a presque rien eu \u00e0 faire de tout l&rsquo;apr\u00e8s-midi. Restait encore \u00e0 conclure cette domination pour \u00e9viter le <a href=\"https:\/\/www.olympique-et-lyonnais.com\/coupe-de-france-lol-lyonnes-aimerait-effacer-laffront,388216.html\" target=\"_blank\" rel=\"noopener\">sc\u00e9nario r\u00e9mois<\/a> de l&rsquo;ann\u00e9e pass\u00e9e. <\/p>\n<p>L&rsquo;OL Lyonnes jamais inqui\u00e9t\u00e9<\/p>\n<p>C&rsquo;est ce que les Lyonnaises ont bien fait. Ada <strong>Hegerberg <\/strong>pensait avoir montr\u00e9 la voie d\u00e8s la 7e minute, mais sa r\u00e9alisation a \u00e9t\u00e9 refus\u00e9e pour hors-jeu. Ce n&rsquo;\u00e9tait que partie remise pour la Norv\u00e9gienne, qui allait marquer \u00e0 la 20e. Pour ce faire, elle a suivi la frappe de Melchie <strong>Dumornay <\/strong>apr\u00e8s un beau une-deux avec Damaris <strong>Egurrola <\/strong>(0-2). <\/p>\n<p>Avant cela, Tabitha <strong>Chawinga <\/strong>allait \u00e9viter des maux de t\u00eate \u00e0 l&rsquo;\u00e9quipe en concluant de la t\u00eate un petit festival technique de Kadidiatou <strong>Diani <\/strong>(0-1, 12e). Ais\u00e9ment en t\u00eate \u00e0 la pause, le leader du championnat voulait enfoncer le clou contre la lanterne rouge de la D1. <\/p>\n<p>Davantage d&rsquo;approximations apr\u00e8s la pause<\/p>\n<p>Mais la prestation apr\u00e8s la mi-temps fut moins aboutie. Davantage d&rsquo;approximations et d&rsquo;erreurs techniques ont emp\u00each\u00e9 les Fenottes<strong> <\/strong>de garder la dynamique. Pour preuve, la premi\u00e8re grosse occasion de la seconde p\u00e9riode est arriv\u00e9e \u00ab\u00a0seulement\u00a0\u00bb \u00e0 la 65e, une frappe d&rsquo;Ada Hegerberg. <\/p>\n<p>Mais le score a tout de m\u00eame gonfl\u00e9 avec Wendie <strong>Renard<\/strong>, sur un classique corner tir\u00e9 par Selma <strong>Bacha <\/strong>(0-3, 73e). Puis Tabitha Chawinga s&rsquo;offrait un doubl\u00e9, servie par <a href=\"https:\/\/www.olympique-et-lyonnais.com\/mercato-ol-lyonnes-benyahia-prolonge-pour-deux-saisons,388266.html\" target=\"_blank\" rel=\"noopener\">In\u00e8s <strong>Benyahia<\/strong><\/a><strong>\u00a0<\/strong>(0-4, 80e), avant de donner un caviar \u00e0 Kadidiatou Diani (0-5, 85e). Cette derni\u00e8re claquait \u00e9galement un deuxi\u00e8me but \u00e0 la 90e minute, d&rsquo;un lob astucieux pour cl\u00f4turer la marque (0-6). <\/p>\n<p>Voil\u00e0 donc l&rsquo;OL Lyonnes qualifi\u00e9 pour les 8es de finale de la Coupe de France. Le tirage au sort aura lieu le lundi 12 janvier prochain \u00e0 midi. Apr\u00e8s quoi, il faudra se tourner vers la r\u00e9ception de Lens mercredi (19 heures). Le retour de la Premi\u00e8re Ligue en 2026. Une affiche d\u00e9localis\u00e9e au <a href=\"https:\/\/www.olympique-et-lyonnais.com\/ol-lyonnes-lens-delocalise-la-pelouse-du-parc-ol-bientot-changee,388263.html\" target=\"_blank\" rel=\"noopener\">centre d&rsquo;entra\u00eenement,<\/a> rappelons-le. <\/p>\n","protected":false},"excerpt":{"rendered":"Kadidiatou Diani et Ada Hegerberg (OL Lyonnes) (Photo by Pauline Figuet\/Getty Images) (Photo by Pauline Figuet \/ GETTY&hellip;\n","protected":false},"author":2,"featured_media":654622,"comment_status":"","ping_status":"","sticky":false,"template":"","format":"standard","meta":{"footnotes":""},"categories":[9653],"tags":[1111,11,461,2430,83,1777,674,1011,27,12,23183,25,4001],"class_list":{"0":"post-654621","1":"post","2":"type-post","3":"status-publish","4":"format-standard","5":"has-post-thumbnail","7":"category-saint-etienne","8":"tag-actu","9":"tag-actualites","10":"tag-asse","11":"tag-auvergne-rhone-alpes","12":"tag-coupe-de-france","13":"tag-eu","14":"tag-europe","15":"tag-fr","16":"tag-france","17":"tag-news","18":"tag-ol-lyonnes","19":"tag-republique-francaise","20":"tag-saint-etienne"},"share_on_mastodon":{"url":"https:\/\/pubeurope.com\/@fr\/115872470440484096","error":""},"_links":{"self":[{"href":"https:\/\/www.europesays.com\/fr\/wp-json\/wp\/v2\/posts\/654621","targetHints":{"allow":["GET"]}}],"collection":[{"href":"https:\/\/www.europesays.com\/fr\/wp-json\/wp\/v2\/posts"}],"about":[{"href":"https:\/\/www.europesays.com\/fr\/wp-json\/wp\/v2\/types\/post"}],"author":[{"embeddable":true,"href":"https:\/\/www.europesays.com\/fr\/wp-json\/wp\/v2\/users\/2"}],"replies":[{"embeddable":true,"href":"https:\/\/www.europesays.com\/fr\/wp-json\/wp\/v2\/comments?post=654621"}],"version-history":[{"count":0,"href":"https:\/\/www.europesays.com\/fr\/wp-json\/wp\/v2\/posts\/654621\/revisions"}],"wp:featuredmedia":[{"embeddable":true,"href":"https:\/\/www.europesays.com\/fr\/wp-json\/wp\/v2\/media\/654622"}],"wp:attachment":[{"href":"https:\/\/www.europesays.com\/fr\/wp-json\/wp\/v2\/media?parent=654621"}],"wp:term":[{"taxonomy":"category","embeddable":true,"href":"https:\/\/www.europesays.com\/fr\/wp-json\/wp\/v2\/categories?post=654621"},{"taxonomy":"post_tag","embeddable":true,"href":"https:\/\/www.europesays.com\/fr\/wp-json\/wp\/v2\/tags?post=654621"}],"curies":[{"name":"wp","href":"https:\/\/api.w.org\/{rel}","templated":true}]}}