{"id":654625,"date":"2026-01-10T19:33:18","date_gmt":"2026-01-10T19:33:18","guid":{"rendered":"https:\/\/www.europesays.com\/fr\/654625\/"},"modified":"2026-01-10T19:33:18","modified_gmt":"2026-01-10T19:33:18","slug":"nationale-2-f-lasptt-nancy-tomblaine-veut-finir-la-phase-aller-sur-une-bonne-note","status":"publish","type":"post","link":"https:\/\/www.europesays.com\/fr\/654625\/","title":{"rendered":"Nationale 2 (F). L\u2019ASPTT Nancy-Tomblaine veut finir la phase aller sur une bonne note"},"content":{"rendered":"<p>   ASPTT Nancy-Tomblaine &#8211; Templeuve Samedi, 20h <\/p>\n<p>Quoi de mieux pour finir la phase aller qu\u2019une belle victoire, \u00e0 domicile. Enfin, presque \u00e0 domicile. Alors que les joueuses de Bertrand Ternard venaient tout juste de prendre leurs marques \u00e0 Gentilly, voil\u00e0 que ce week-end, pour la r\u00e9ception de Templeuve, c\u2019est \u00e0 Vandoeuvre que cela va se passer (le SLUC Nancy jouant \u00e0 la m\u00eame heure ce samedi).<\/p>\n<p>Ce contenu est bloqu\u00e9 car vous n&rsquo;avez pas accept\u00e9 les cookies et autres traceurs.<\/p>\n<p>En cliquant sur \u00ab J\u2019accepte \u00bb, les cookies et autres traceurs seront d\u00e9pos\u00e9s et vous pourrez visualiser les contenus  (<a href=\"\" class=\"consentModule_policy\" target=\"_blank\" title=\"Consulter la politique de protection des donn\u00e9es du fournisseur\">plus d&rsquo;informations<\/a>).<\/p>\n<p>En cliquant sur \u00ab J\u2019accepte tous les cookies \u00bb, vous autorisez des d\u00e9p\u00f4ts de cookies et autres traceurs pour le stockage de vos donn\u00e9es sur nos sites et applications \u00e0 des fins de personnalisation et de ciblage publicitaire.<\/p>\n<p class=\"consentModule_secondaryText\">Vous gardez la possibilit\u00e9 de retirer votre consentement \u00e0 tout moment en consultant notre <a href=\"https:\/\/www.estrepublicain.fr\/protection-des-donnees\" target=\"_blank\" title=\"Consulter notre politique de protection des donn\u00e9es\" rel=\"noopener\">politique de protection des donn\u00e9es<\/a>. <br \/>&#13;<br \/>\n            <a href=\"https:\/\/www.estrepublicain.fr\/sport\/2026\/01\/10\/javascript:Didomi.notice.show()\" class=\"consentModule_cmp\" target=\"_blank\" rel=\"noopener\">G\u00e9rer mes choix<\/a>&#13;\n        <\/p>\n<p>&#13;<br \/>\n                        J&rsquo;accepte&#13;<br \/>\n            J&rsquo;accepte tous les cookies&#13;\n        <\/p>\n<p>Mais ceci \u00e9tant dit, l\u2019ASPTT Nancy Tomblaine n\u2019a pas envie de d\u00e9poser les armes pour autant. Bien au contraire. Actuellement sur une jolie s\u00e9rie de <a href=\"https:\/\/www.estrepublicain.fr\/sport\/2025\/12\/06\/l-asptt-nancy-tomblaine-s-assure-une-victoire-importante-en-alsace\" target=\"_blank\" rel=\"noopener\">trois succ\u00e8s cons\u00e9cutifs<\/a> , les co\u00e9quipi\u00e8res de Charl\u00e8ne Soufflet, <a href=\"https:\/\/www.estrepublicain.fr\/sport\/classement\/basket-ball\/national-nationale-2-feminine-poule-d\" target=\"_blank\" rel=\"noopener\">septi\u00e8mes au classement<\/a> , ne veulent pas faire dans la demi-mesure pour la r\u00e9ception de l\u2019avant-dernier. \u00ab\u00a0On s\u2019est remis dans le droit chemin depuis quelque temps, explique l\u2019entra\u00eeneur. On a r\u00e9gl\u00e9 des choses qui nous \u00e9taient pr\u00e9judiciables comme les rebonds offensifs ou encore les pertes de balles.\u00a0\u00bb<\/p>\n<p>Une belle prise de conscience malgr\u00e9 le d\u00e9part de Ziegler (raisons personnelles). Mais pour autant, les joueuses du duo Ternard n\u2019ont pas dit leur dernier mot dans ce championnat. \u00ab\u00a0Au d\u00e9but de la saison, on a jou\u00e9 de grosses \u00e9quipes. Aujourd\u2019hui, on est r\u00e9ellement dans notre championnat et on sait qu\u2019on peut faire quelque chose.\u00a0\u00bb<\/p>\n","protected":false},"excerpt":{"rendered":"ASPTT Nancy-Tomblaine &#8211; Templeuve Samedi, 20h Quoi de mieux pour finir la phase aller qu\u2019une belle victoire, \u00e0&hellip;\n","protected":false},"author":2,"featured_media":654626,"comment_status":"","ping_status":"","sticky":false,"template":"","format":"standard","meta":{"footnotes":""},"categories":[9635],"tags":[1111,11,1791,1704,1777,674,1011,27,775,1702,1703,12,25,517,1700],"class_list":{"0":"post-654625","1":"post","2":"type-post","3":"status-publish","4":"format-standard","5":"has-post-thumbnail","7":"category-nancy","8":"tag-actu","9":"tag-actualites","10":"tag-basket-ball","11":"tag-edition-nancy-et-agglomeration","12":"tag-eu","13":"tag-europe","14":"tag-fr","15":"tag-france","16":"tag-grand-est","17":"tag-nancy","18":"tag-nancy-ville-54b","19":"tag-news","20":"tag-republique-francaise","21":"tag-sport","22":"tag-sport-lorrain"},"share_on_mastodon":{"url":"https:\/\/pubeurope.com\/@fr\/115872478439458719","error":""},"_links":{"self":[{"href":"https:\/\/www.europesays.com\/fr\/wp-json\/wp\/v2\/posts\/654625","targetHints":{"allow":["GET"]}}],"collection":[{"href":"https:\/\/www.europesays.com\/fr\/wp-json\/wp\/v2\/posts"}],"about":[{"href":"https:\/\/www.europesays.com\/fr\/wp-json\/wp\/v2\/types\/post"}],"author":[{"embeddable":true,"href":"https:\/\/www.europesays.com\/fr\/wp-json\/wp\/v2\/users\/2"}],"replies":[{"embeddable":true,"href":"https:\/\/www.europesays.com\/fr\/wp-json\/wp\/v2\/comments?post=654625"}],"version-history":[{"count":0,"href":"https:\/\/www.europesays.com\/fr\/wp-json\/wp\/v2\/posts\/654625\/revisions"}],"wp:featuredmedia":[{"embeddable":true,"href":"https:\/\/www.europesays.com\/fr\/wp-json\/wp\/v2\/media\/654626"}],"wp:attachment":[{"href":"https:\/\/www.europesays.com\/fr\/wp-json\/wp\/v2\/media?parent=654625"}],"wp:term":[{"taxonomy":"category","embeddable":true,"href":"https:\/\/www.europesays.com\/fr\/wp-json\/wp\/v2\/categories?post=654625"},{"taxonomy":"post_tag","embeddable":true,"href":"https:\/\/www.europesays.com\/fr\/wp-json\/wp\/v2\/tags?post=654625"}],"curies":[{"name":"wp","href":"https:\/\/api.w.org\/{rel}","templated":true}]}}