{"id":654627,"date":"2026-01-10T19:34:21","date_gmt":"2026-01-10T19:34:21","guid":{"rendered":"https:\/\/www.europesays.com\/fr\/654627\/"},"modified":"2026-01-10T19:34:21","modified_gmt":"2026-01-10T19:34:21","slug":"la-seyne-sur-mer-fermeture-administrative-de-letablissement-amir-coiffure","status":"publish","type":"post","link":"https:\/\/www.europesays.com\/fr\/654627\/","title":{"rendered":"La Seyne sur mer : Fermeture administrative de l\u2019\u00e9tablissement AMIR COIFFURE"},"content":{"rendered":"<p>&#13;<br \/>\n        &#13;<br \/>\n&#13;<br \/>\n        &#13;<br \/>\n&#13;<\/p>\n<p>        <a href=\"https:\/\/www.europesays.com\/fr\/wp-content\/uploads\/2025\/11\/DSC09080.jpg\" data-caption=\"\"><img loading=\"lazy\" decoding=\"async\" width=\"696\" height=\"392\" class=\"entry-thumb td-modal-image\" src=\"https:\/\/www.europesays.com\/fr\/wp-content\/uploads\/2025\/11\/DSC09080.jpg\"   alt=\"\" title=\"pr\u00e9fecture du var\"\/><\/a><\/p>\n<p>Fermeture administrative de l\u2019\u00e9tablissement AMIR COIFFURE<\/p>\n<p>Le pr\u00e9fet du Var a prononc\u00e9 une sanction administrative de fermeture temporaire de l\u2019\u00e9tablissement de coiffure AMIR COIFFURE situ\u00e9 \u00e0 La Seyne-sur-Mer pour une dur\u00e9e de trois mois \u00e0 compter du 7 janvier 2026.<br \/>Cette d\u00e9cision a \u00e9t\u00e9 prise \u00e0 l\u2019issue d\u2019un contr\u00f4le des agents de la police nationale dans le cadre du comit\u00e9 d\u00e9partemental anti-fraude (CODAF) et de l\u2019enqu\u00eate qui a suivi. Il a en effet \u00e9t\u00e9 constat\u00e9 dans le cadre de la proc\u00e9dure, plusieurs infractions au droit du travail :<br \/>\u2022 Travail dissimul\u00e9 par dissimulation d\u2019emploi salari\u00e9 concernant plusieurs employ\u00e9s<br \/>\u2022 Travail dissimul\u00e9 par dissimulation d\u2019activit\u00e9 aupr\u00e8s des organismes de<br \/>recouvrement<br \/>\u2022 Emploi de plusieurs travailleurs \u00e9trangers sans titre les autorisant \u00e0 travailler<br \/>La gravit\u00e9 des faits au regard des pr\u00e9judices subis par les organismes sociaux et l\u2019administration fiscale mais aussi par les salari\u00e9s eux-m\u00eames, la persistance des infractions de travail ill\u00e9gal dans le temps ainsi que la proportion de salari\u00e9s concern\u00e9s ont conduit le pr\u00e9fet du Var \u00e0 prononcer une sanction administrative exemplaire.<\/p>\n<p>La d\u00e9cision a \u00e9t\u00e9 prise \u00e0 l\u2019issue d\u2019une proc\u00e9dure contradictoire men\u00e9e par la direction d\u00e9partementale de l\u2019emploi, du travail et des solidarit\u00e9s du Var (DDETS) au cours de laquelle l\u2019\u00e9tablissement a \u00e9t\u00e9 mis en situation de pouvoir pr\u00e9senter ses observations.<br \/>Outre cette sanction administrative imm\u00e9diate, l\u2019autorit\u00e9 judiciaire pourra \u00e9galement prononcer des sanctions dans le cadre d\u2019\u00e9ventuelles poursuites p\u00e9nales sur les faits constat\u00e9s.<\/p>\n<p><a href=\"https:\/\/www.restosducoeur.org\/associations-departementales\/les-restos-du-coeur-du-var\/\" target=\"_blank\" rel=\"noopener\"><img decoding=\"async\" style=\"height:70px;width:140px\" src=\"https:\/\/www.europesays.com\/fr\/wp-content\/uploads\/2025\/04\/restos-du-coeur.jpg\"\/><\/a>        &#13;<br \/>\n&#13;<br \/>\n&#13;<br \/>\n        &#13;<br \/>\n                        &#13;<br \/>\n            &#13;<br \/>\n&#13;<br \/>\n                        Previous article<a href=\"https:\/\/www.tv83.info\/dracenie-une-saison-noire-3\/\" target=\"_blank\" rel=\"noopener\">Drac\u00e9nie : Une saison Noire<\/a>Next article<a href=\"https:\/\/www.tv83.info\/le-beausset-lunion-des-droites-avec-muriel-fiol\/\" target=\"_blank\" rel=\"noopener\">Le Beausset : L\u2019Union des droites avec Muriel Fiol<\/a>            \t                &#13;<br \/>\n&#13;<\/p>\n","protected":false},"excerpt":{"rendered":"&#13; &#13; &#13; &#13; &#13; Fermeture administrative de l\u2019\u00e9tablissement AMIR COIFFURE Le pr\u00e9fet du Var a prononc\u00e9 une&hellip;\n","protected":false},"author":2,"featured_media":526334,"comment_status":"","ping_status":"","sticky":false,"template":"","format":"standard","meta":{"footnotes":""},"categories":[9619],"tags":[1111,11,1777,674,1011,27,12,882,25,2310],"class_list":{"0":"post-654627","1":"post","2":"type-post","3":"status-publish","4":"format-standard","5":"has-post-thumbnail","7":"category-toulon","8":"tag-actu","9":"tag-actualites","10":"tag-eu","11":"tag-europe","12":"tag-fr","13":"tag-france","14":"tag-news","15":"tag-provence-alpes-cote-dazur","16":"tag-republique-francaise","17":"tag-toulon"},"share_on_mastodon":{"url":"https:\/\/pubeurope.com\/@fr\/115872482209433591","error":""},"_links":{"self":[{"href":"https:\/\/www.europesays.com\/fr\/wp-json\/wp\/v2\/posts\/654627","targetHints":{"allow":["GET"]}}],"collection":[{"href":"https:\/\/www.europesays.com\/fr\/wp-json\/wp\/v2\/posts"}],"about":[{"href":"https:\/\/www.europesays.com\/fr\/wp-json\/wp\/v2\/types\/post"}],"author":[{"embeddable":true,"href":"https:\/\/www.europesays.com\/fr\/wp-json\/wp\/v2\/users\/2"}],"replies":[{"embeddable":true,"href":"https:\/\/www.europesays.com\/fr\/wp-json\/wp\/v2\/comments?post=654627"}],"version-history":[{"count":0,"href":"https:\/\/www.europesays.com\/fr\/wp-json\/wp\/v2\/posts\/654627\/revisions"}],"wp:featuredmedia":[{"embeddable":true,"href":"https:\/\/www.europesays.com\/fr\/wp-json\/wp\/v2\/media\/526334"}],"wp:attachment":[{"href":"https:\/\/www.europesays.com\/fr\/wp-json\/wp\/v2\/media?parent=654627"}],"wp:term":[{"taxonomy":"category","embeddable":true,"href":"https:\/\/www.europesays.com\/fr\/wp-json\/wp\/v2\/categories?post=654627"},{"taxonomy":"post_tag","embeddable":true,"href":"https:\/\/www.europesays.com\/fr\/wp-json\/wp\/v2\/tags?post=654627"}],"curies":[{"name":"wp","href":"https:\/\/api.w.org\/{rel}","templated":true}]}}