{"id":654630,"date":"2026-01-10T19:36:09","date_gmt":"2026-01-10T19:36:09","guid":{"rendered":"https:\/\/www.europesays.com\/fr\/654630\/"},"modified":"2026-01-10T19:36:09","modified_gmt":"2026-01-10T19:36:09","slug":"iran-et-venezuela-une-place-de-la-comedie-tres-internationale","status":"publish","type":"post","link":"https:\/\/www.europesays.com\/fr\/654630\/","title":{"rendered":"Iran et Venezuela, une place de la Com\u00e9die tr\u00e8s internationale"},"content":{"rendered":"<p>                    Par<br \/>\n        <strong><br \/>\n            <a href=\"https:\/\/actu.fr\/auteur\/metropoop\" title=\"Consulter tous les articles de R\u00e9daction M\u00e9tropolitain\" target=\"_blank\" rel=\"noopener\">R\u00e9daction M\u00e9tropolitain<\/a><br \/>\n                    <\/strong><\/p>\n<p>        Publi\u00e9 le<\/p>\n<p>            10 janv. 2026 \u00e0 18h41        <\/p>\n<p>Ce samedi 10 janvier, <strong>la place de la Com\u00e9die<\/strong> \u00e0 <strong>Montpellier<\/strong> a \u00e9t\u00e9 le th\u00e9\u00e2tre de <strong>deux manifestations<\/strong> \u00e0 teneur internationale. De l\u2019<strong>Iran<\/strong> au <strong>Venezuela<\/strong>, il \u00e9tait question de <strong>d\u00e9fendre les libert\u00e9s<\/strong> et les droits des peuples dans les deux pays.<\/p>\n<p>De l\u2019Iran au Venezuela, soutien aux peuples<\/p>\n<p class=\" wall-content\">C\u2019est presque une tradition que la place de la Com\u00e9die accueille au moins une manifestation chaque samedi. Ce 10 janvier, sans compter celle se d\u00e9roulant au d\u00e9part de la place Albert 1er, deux s\u2019y sont d\u00e9roul\u00e9es. \u00c0 14h, le collectif Iran la\u00efque et d\u00e9mocratique s\u2019est retrouv\u00e9 devant l\u2019Office de Tourisme pour soutenir le mouvement de contestation contre la r\u00e9publique islamique qui soul\u00e8ve l\u2019Iran depuis le 28 d\u00e9cembre. Rappelant la coupure d\u2019internet sur le pays, ces expatri\u00e9s craignent pour leurs proches sur place et s\u2019inqui\u00e8tent de la d\u00e9sinformation op\u00e9r\u00e9e par le r\u00e9gime. En reprenant le slogan \u00ab\u00a0Femme,vie, libert\u00e9\u00a0\u00bb, ils ont exprim\u00e9 leur soutien au peuple iranien et leur souhait de voir la chute des Mollahs.<\/p>\n<p>    <a href=\"https:\/\/www.google.com\/maps\/embed?pb=!1m18!1m12!1m3!1d2888.9097225334467!2d3.8773357758263267!3d43.60842127110427!2m3!1f0!2f0!3f0!3m2!1i1024!2i768!4f13.1!3m3!1m2!1s0x12b6afa73c64b9ed%3A0xaa592f351e697ee8!2sPl.%20de%20la%20Com%C3%A9die%2C%2034000%20Montpellier!5e0!3m2!1sfr!2sfr!4v1768066054062!5m2!1sfr!2sfr\" title=\"Ouvrie le lien\" target=\"_blank\" rel=\"noopener\">Cliquez ici pour visualiser le contenu<\/a><\/p>\n<p class=\" wall-content\">\u00c0 15h, sur le parvis de l\u2019op\u00e9ra, des expatri\u00e9s v\u00e9n\u00e9zu\u00e9liens se sont retrouv\u00e9s derri\u00e8re la banderole \u00ab\u00a0Venezuela libre\u00a0\u00bb. Une mobilisation distincte de <a href=\"https:\/\/actu.fr\/occitanie\/montpellier_34172\/le-danger-n-1-pour-la-paix-mondiale-c-est-les-etats-unis-la-mobilisation-s-organise-a-montpellier_63669889.html\" target=\"_blank\" rel=\"noopener\">l\u2019appel formul\u00e9 par la vingtaine d\u2019associations, syndicats et partis politiques du mouvement social montpelli\u00e9rain \u00e0 protester contre l\u2019imp\u00e9rialisme am\u00e9ricain<\/a> qui, m\u00ealant drapeaux v\u00e9n\u00e9zu\u00e9liens et palestiniens, manifestaient au m\u00eame moment de la place Albert 1er \u00e0 la Pr\u00e9fecture.<\/p>\n<p class=\" wall-content\"><a href=\"https:\/\/www.instagram.com\/p\/DTVfJb6DD5n\/embed\" title=\"Ouvrir le lien sur Instagram\" target=\"_blank\" rel=\"noopener\">Visualiser le contenu sur Instagram<\/a><\/p>\n<p class=\" wall-content\">Sur la place de la Com\u00e9die, l\u2019heure \u00e9tait plut\u00f4t \u00e0 se r\u00e9jouir du d\u00e9part de Nicolas Maduro suite \u00e0 l\u2019op\u00e9ration militaire am\u00e9ricaine, sans \u00eatre dupe de l\u2019int\u00e9r\u00eat de Donald Trump pour le p\u00e9trole v\u00e9n\u00e9zu\u00e9lien. L\u00e0 aussi, beaucoup \u00e9voquent leurs proches et leur d\u00e9sir de libert\u00e9 pour un pays ayant sombr\u00e9 dans la dictature ces derni\u00e8res ann\u00e9es. Deux manifestations, pour les peuples iraniens et v\u00e9n\u00e9zu\u00e9liens, qui ont re\u00e7u le soutien du maire de Montpellier Micha\u00ebl Delafosse.<\/p>\n<p class=\" wall-content\">Personnalisez votre actualit\u00e9 en ajoutant vos villes et m\u00e9dias en favori avec <a href=\"https:\/\/moncompte.actu.fr\" title=\"D\u00e9couvez Mon Actu\" rel=\"nofollow noopener\" data-trk=\"{&quot;cta&quot;:{&quot;action&quot;:&quot;https:\\\/\\\/moncompte.actu.fr&quot;,&quot;category&quot;:&quot;mon compte&quot;,&quot;from&quot;:&quot;article footer&quot;,&quot;name&quot;:&quot;Mon actu&quot;,&quot;type&quot;:&quot;cta&quot;}}\" target=\"_blank\">Mon Actu<\/a>.<\/p>\n<p>                    <script async src=\"\/\/www.instagram.com\/embed.js\"><\/script><\/p>\n","protected":false},"excerpt":{"rendered":"Par R\u00e9daction M\u00e9tropolitain Publi\u00e9 le 10 janv. 2026 \u00e0 18h41 Ce samedi 10 janvier, la place de la&hellip;\n","protected":false},"author":2,"featured_media":654631,"comment_status":"","ping_status":"","sticky":false,"template":"","format":"standard","meta":{"footnotes":""},"categories":[9599],"tags":[1111,11,1777,674,1011,27,2208,12,2680,25,104],"class_list":{"0":"post-654630","1":"post","2":"type-post","3":"status-publish","4":"format-standard","5":"has-post-thumbnail","7":"category-montpellier","8":"tag-actu","9":"tag-actualites","10":"tag-eu","11":"tag-europe","12":"tag-fr","13":"tag-france","14":"tag-montpellier","15":"tag-news","16":"tag-occitanie","17":"tag-republique-francaise","18":"tag-societe"},"share_on_mastodon":{"url":"https:\/\/pubeurope.com\/@fr\/115872490074264904","error":""},"_links":{"self":[{"href":"https:\/\/www.europesays.com\/fr\/wp-json\/wp\/v2\/posts\/654630","targetHints":{"allow":["GET"]}}],"collection":[{"href":"https:\/\/www.europesays.com\/fr\/wp-json\/wp\/v2\/posts"}],"about":[{"href":"https:\/\/www.europesays.com\/fr\/wp-json\/wp\/v2\/types\/post"}],"author":[{"embeddable":true,"href":"https:\/\/www.europesays.com\/fr\/wp-json\/wp\/v2\/users\/2"}],"replies":[{"embeddable":true,"href":"https:\/\/www.europesays.com\/fr\/wp-json\/wp\/v2\/comments?post=654630"}],"version-history":[{"count":0,"href":"https:\/\/www.europesays.com\/fr\/wp-json\/wp\/v2\/posts\/654630\/revisions"}],"wp:featuredmedia":[{"embeddable":true,"href":"https:\/\/www.europesays.com\/fr\/wp-json\/wp\/v2\/media\/654631"}],"wp:attachment":[{"href":"https:\/\/www.europesays.com\/fr\/wp-json\/wp\/v2\/media?parent=654630"}],"wp:term":[{"taxonomy":"category","embeddable":true,"href":"https:\/\/www.europesays.com\/fr\/wp-json\/wp\/v2\/categories?post=654630"},{"taxonomy":"post_tag","embeddable":true,"href":"https:\/\/www.europesays.com\/fr\/wp-json\/wp\/v2\/tags?post=654630"}],"curies":[{"name":"wp","href":"https:\/\/api.w.org\/{rel}","templated":true}]}}