{"id":654634,"date":"2026-01-10T19:38:09","date_gmt":"2026-01-10T19:38:09","guid":{"rendered":"https:\/\/www.europesays.com\/fr\/654634\/"},"modified":"2026-01-10T19:38:09","modified_gmt":"2026-01-10T19:38:09","slug":"des-agents-en-combinaison-vont-intervenir-sur-le-site-de-lancienne-caserne-des-pompiers-pres-de-rouen","status":"publish","type":"post","link":"https:\/\/www.europesays.com\/fr\/654634\/","title":{"rendered":"Des agents en combinaison vont intervenir sur le site de l&rsquo;ancienne caserne des pompiers pr\u00e8s de Rouen"},"content":{"rendered":"<p>                    Par<br \/>\n        <strong><br \/>\n            <a href=\"https:\/\/actu.fr\/auteur\/laredaction\" title=\"Consulter tous les articles de R\u00e9daction Normandie\" target=\"_blank\" rel=\"noopener\">R\u00e9daction Normandie<\/a><br \/>\n                    <\/strong><\/p>\n<p>        Publi\u00e9 le<\/p>\n<p>            10 janv. 2026 \u00e0 17h06        <\/p>\n<p>C\u2019\u00e9tait le feuilleton de cette fin d\u2019ann\u00e9e 2025, au Mesnil-Esnard, pr\u00e8s de <a href=\"https:\/\/actu.fr\/normandie\/rouen_76540\" target=\"_blank\" rel=\"noopener\">Rouen<\/a>. Pourquoi le chantier pour <strong>remplacer l\u2019ancienne caserne des pompiers<\/strong> est-il toujours \u00e0 l\u2019arr\u00eat ? \u00c0 la demande de riverains, le maire Jean-Marc Vennin a accept\u00e9 que l\u2019Assistant ma\u00eetre d\u2019ouvrage (AMO) Mathieu Wolff de la soci\u00e9t\u00e9 Examia Conseil vienne communiquer des informations et r\u00e9pondre \u00e0 des questions lors du dernier conseil municipal.<\/p>\n<p>\u00ab On ne retrouve rien dans les couches superficielles \u00bb<\/p>\n<p class=\" wall-content\">\u00ab Nous avons retrouv\u00e9 quelques<strong> d\u00e9bris de fibrociment<\/strong> lors des op\u00e9rations de terrassement. L\u2019id\u00e9e est de poursuivre les travaux suite \u00e0 la<a href=\"https:\/\/actu.fr\/normandie\/le-mesnil-esnard_76429\/de-lamiante-sous-lancienne-caserne-des-pompiers-la-facture-du-futur-complexe-sportif-salourdit_63517829.html\" target=\"_blank\" rel=\"noopener\"> suspicion d\u2019amiante<\/a> dans le reste des terres. Je suis pass\u00e9 sur le site et dans les couches superficielles, on ne retrouve rien. Cela va de pair avec le constat \u00e0 la SERAF (site d\u2019enfouissement de d\u00e9chets dangereux) \u00e0 Cl\u00e9on o\u00f9 sur 150 bennes trait\u00e9es, il n\u2019y en a que deux o\u00f9 on a retrouv\u00e9 des d\u00e9bris de fibrociment \u00bb, a indiqu\u00e9 le technicien, convaincu qu\u2019on ne devrait pas en retrouver plus, ou alors tr\u00e8s peu.<\/p>\n<p class=\" wall-content\">Selon lui, il devait s\u2019agir d\u2019<strong>une poche, voire un d\u00e9p\u00f4t sauvage<\/strong>, \u00ab mais cela ne vient pas de la d\u00e9molition du b\u00e2timent. J\u2019ai consult\u00e9 les archives et il n\u2019y a rien \u00bb, a voulu rassurer le technicien. Toutefois, comme il y a une suspicion, les terres qui doivent \u00eatre extraites pour laisser place au parking souterrain \u00ab ne peuvent pas \u00eatre trait\u00e9es de fa\u00e7on classique, tant pour la protection du personnel que de l\u2019environnement. Les d\u00e9chets doivent \u00eatre \u00e9vacu\u00e9s dans des fili\u00e8res agr\u00e9\u00e9es. Suivant les observations sur place, avec seulement deux bennes, nous allons trier toutes les terres, mais il n\u2019y a pas n\u00e9cessit\u00e9 de les filtrer \u00bb, a poursuivi Mathieu Wolff.<\/p>\n<p>Intervention avec deux pelles m\u00e9caniques pressuris\u00e9es<\/p>\n<p class=\" wall-content\">Le technicien a ensuite expliqu\u00e9 qu\u2019une entreprise sp\u00e9cialis\u00e9e va intervenir avec deux pelles m\u00e9caniques pressuris\u00e9es et que les agents seront \u00e9quip\u00e9s de combinaisons. Une plateforme de tri sera install\u00e9e \u00e0 c\u00f4t\u00e9 et les terres seront \u00e9tal\u00e9es dessus.<\/p>\n<blockquote class=\"ac-article-quote wall-content\">\n<p>\u00c0 partir de l\u00e0, les op\u00e9rateurs contr\u00f4leront s&rsquo;il y a des d\u00e9bris. Si c&rsquo;est le cas, ils seront ramass\u00e9s et trait\u00e9s. Puis, les terres seront \u00e9vacu\u00e9es. En p\u00e9riph\u00e9rie, tout un programme de mesures d&rsquo;air sera fait pour respecter la r\u00e9glementation. Il vaut mieux opter pour cette m\u00e9thode de tri afin d&rsquo;\u00e9vacuer quelques kilos que de partir sur 6 000\u00a0tonnes \u00e0 filtrer que l&rsquo;on va payer 500\/600\u00a0euros la tonne.<\/p>\n<p>    <strong>Mathieu Wolff<\/strong>\n            <\/p><\/blockquote>\n<p>Vid\u00e9os : en ce moment sur ActuPas de date pr\u00e9cise pour le red\u00e9marrage des travaux<\/p>\n<p class=\" wall-content\">Quand recommencera le chantier et \u00e0 <strong>quel co\u00fbt<\/strong> ? Un d\u00e9but de r\u00e9ponse a \u00e9t\u00e9 apport\u00e9 lors des questions diverses par l\u2019adjoint aux travaux, Olivier De Valicourt : \u00ab nous sommes en plein dans les \u00e9tudes des devis. Il y a au total 10 000\u00a0tonnes \u00e0 traiter dont 1 700 sont d\u00e9j\u00e0 parties. Ce sera toujours trop cher (pr\u00e8s de 2\u00a0millions d\u2019euros selon l\u2019association D\u00e9fendons notre cadre de vie au Mesnil-Esnard sur les r\u00e9seaux sociaux). Pour le moment, nous n\u2019avons pas de date de d\u00e9marrage des travaux. Dans au moins un mois. C\u2019est l\u2019Inspection du travail qui demande un cahier des charges \u00bb.<\/p>\n<p class=\" wall-content\">L\u2019opposant Fabrice Louvet a alors interpell\u00e9 Xavier Jean, l\u2019adjoint aux finances : \u00ab imaginons que vous ayez 8 000\u00a0tonnes \u00e0 traiter \u00e0 200\u00a0euros la tonne. Soit, 1,66\u00a0million d\u2019euros. Comment allez-vous financer cela ? \u00bb. L\u2019\u00e9lu a avou\u00e9 que \u00ab c\u2019est pour cela que nous avons report\u00e9 des projets dont le multi-accueil \u00bb, tandis que le maire, Jean-Marc Vennin s\u2019est voulu pour sa part plus rassurant, affirmant : \u00ab nous sommes en train de n\u00e9gocier. J\u2019esp\u00e8re gagner 300 000\u00a0euros, mais c\u2019est dur \u00bb.<\/p>\n<p>Votre r\u00e9gion, votre actu !<\/p>\n<p>Recevez chaque jour les infos qui comptent pour vous.<\/p>\n<p>\t<a href=\"https:\/\/actu.fr\/newsletter\" class=\"ac-btn ac-btn--corner ac-btn--medium ac-btn--blue800\" target=\"_blank\" rel=\"noopener\">S&rsquo;incrire<\/a><br \/>\nSuivez l\u2019actualit\u00e9 de Rouen sur notre <a href=\"https:\/\/www.whatsapp.com\/channel\/0029VaKfnf99hXF2ddApFB1D\" target=\"_blank\" rel=\"noopener\">cha\u00eene WhatsApp<\/a> et sur notre <a href=\"https:\/\/www.tiktok.com\/@76actu.fr?lang=fr\" target=\"_blank\" rel=\"noopener\">compte TikTok<\/a><\/p>\n<p class=\" wall-content\">Personnalisez votre actualit\u00e9 en ajoutant vos villes et m\u00e9dias en favori avec <a href=\"https:\/\/moncompte.actu.fr\" title=\"D\u00e9couvez Mon Actu\" rel=\"nofollow noopener\" data-trk=\"{&quot;cta&quot;:{&quot;action&quot;:&quot;https:\\\/\\\/moncompte.actu.fr&quot;,&quot;category&quot;:&quot;mon compte&quot;,&quot;from&quot;:&quot;article footer&quot;,&quot;name&quot;:&quot;Mon actu&quot;,&quot;type&quot;:&quot;cta&quot;}}\" target=\"_blank\">Mon Actu<\/a>.<\/p>\n<p>                    <script async src=\"\/\/www.tiktok.com\/embed.js\"><\/script><\/p>\n","protected":false},"excerpt":{"rendered":"Par R\u00e9daction Normandie Publi\u00e9 le 10 janv. 2026 \u00e0 17h06 C\u2019\u00e9tait le feuilleton de cette fin d\u2019ann\u00e9e 2025,&hellip;\n","protected":false},"author":2,"featured_media":654635,"comment_status":"","ping_status":"","sticky":false,"template":"","format":"standard","meta":{"footnotes":""},"categories":[9587],"tags":[1111,11,1777,674,118,1011,27,12,5161,25,9590],"class_list":{"0":"post-654634","1":"post","2":"type-post","3":"status-publish","4":"format-standard","5":"has-post-thumbnail","7":"category-rouen","8":"tag-actu","9":"tag-actualites","10":"tag-eu","11":"tag-europe","12":"tag-faits-divers","13":"tag-fr","14":"tag-france","15":"tag-news","16":"tag-normandie","17":"tag-republique-francaise","18":"tag-rouen"},"share_on_mastodon":{"url":"https:\/\/pubeurope.com\/@fr\/115872497926767516","error":""},"_links":{"self":[{"href":"https:\/\/www.europesays.com\/fr\/wp-json\/wp\/v2\/posts\/654634","targetHints":{"allow":["GET"]}}],"collection":[{"href":"https:\/\/www.europesays.com\/fr\/wp-json\/wp\/v2\/posts"}],"about":[{"href":"https:\/\/www.europesays.com\/fr\/wp-json\/wp\/v2\/types\/post"}],"author":[{"embeddable":true,"href":"https:\/\/www.europesays.com\/fr\/wp-json\/wp\/v2\/users\/2"}],"replies":[{"embeddable":true,"href":"https:\/\/www.europesays.com\/fr\/wp-json\/wp\/v2\/comments?post=654634"}],"version-history":[{"count":0,"href":"https:\/\/www.europesays.com\/fr\/wp-json\/wp\/v2\/posts\/654634\/revisions"}],"wp:featuredmedia":[{"embeddable":true,"href":"https:\/\/www.europesays.com\/fr\/wp-json\/wp\/v2\/media\/654635"}],"wp:attachment":[{"href":"https:\/\/www.europesays.com\/fr\/wp-json\/wp\/v2\/media?parent=654634"}],"wp:term":[{"taxonomy":"category","embeddable":true,"href":"https:\/\/www.europesays.com\/fr\/wp-json\/wp\/v2\/categories?post=654634"},{"taxonomy":"post_tag","embeddable":true,"href":"https:\/\/www.europesays.com\/fr\/wp-json\/wp\/v2\/tags?post=654634"}],"curies":[{"name":"wp","href":"https:\/\/api.w.org\/{rel}","templated":true}]}}