{"id":654638,"date":"2026-01-10T19:40:12","date_gmt":"2026-01-10T19:40:12","guid":{"rendered":"https:\/\/www.europesays.com\/fr\/654638\/"},"modified":"2026-01-10T19:40:12","modified_gmt":"2026-01-10T19:40:12","slug":"esrf-une-alliance-sans-frontieres-echosciences","status":"publish","type":"post","link":"https:\/\/www.europesays.com\/fr\/654638\/","title":{"rendered":"ESRF : Une alliance sans fronti\u00e8res | ECHOSCIENCES"},"content":{"rendered":"<p dir=\"ltr\" class=\"align-justify\">Cet article a \u00e9t\u00e9 compos\u00e9 par des \u00e9tudiants du master Information\/Communication, parcours communication et culture scientifique et technique. Nous vous proposons d&rsquo;\u00e9couter une ambiance sonore qui vous accompagnera au cours de votre lecture. Si vous souhaitez y acc\u00e9der, cliquez sur le lien suivant : [<a href=\"https:\/\/soundcloud.com\/nathan-loison\/ambiance_synchrotron?si=c8af256b73c54984b4134a065288d71e&amp;utm_source=clipboard&amp;utm_medium=text&amp;utm_campaign=social_sharing\" target=\"_blank\" rel=\"noopener\">https:\/\/soundcloud.com\/nathan-&#8230;<\/a>]<\/p>\n<p>Vous trouverez \u00e9galement une version audio de notre article, \u00e0 \u00e9couter ou \u00e0 partager : [<a href=\"https:\/\/soundcloud.com\/nathan-loison\/article_audio_synchrotron?si=eb4b1625e4ca4ff5a4cb243b01091408&amp;utm_source=clipboard&amp;utm_medium=text&amp;utm_campaign=social_sharing\" target=\"_blank\" rel=\"noopener\">https:\/\/soundcloud.com\/nathan-&#8230;<\/a>]<\/p>\n<p dir=\"ltr\" class=\"align-justify\">Bonne consultation !<\/p>\n<p dir=\"ltr\" class=\"align-justify\">Bienvenue \u00e0 l\u2019ESRF (European Synchrotron Radiation Facility), le Synchrotron Europ\u00e9en, l\u2019un des instruments scientifiques les plus puissants au monde ! Un b\u00e2timent circulaire massif qui ne manque pas d\u2019attirer l\u2019attention. D\u2019ext\u00e9rieur, un simple ovale d\u2019un kilom\u00e8tre de circonf\u00e9rence, \u00e0 l\u2019int\u00e9rieur, une succession de lignes m\u00e9talliques, de salles techniques et de passerelles qui se d\u00e9ploient comme un gigantesque organisme complexe. Derri\u00e8re ces infrastructures monumentales, se joue un projet beaucoup plus large : comprendre la mati\u00e8re, du vivant aux mat\u00e9riaux, et contribuer \u00e0 des enjeux soci\u00e9taux concrets.\u00a0<\/p>\n<p dir=\"ltr\" class=\"align-justify\">Mais savez-vous ce qu\u2019est un <b>synchrotron <\/b>? Il s\u2019agit d\u2019un acc\u00e9l\u00e9rateur de particules capable de produire une lumi\u00e8re extr\u00eamement intense. En pratique, ce sont des protons envoy\u00e9s \u00e0 une vitesse proche de la vitesse lumi\u00e8re qui, lors des changements de trajectoire, \u00e9mettent des <b>rayons lumineux<\/b> ultrapuissants. Cette lumi\u00e8re permet d\u2019observer la mati\u00e8re \u00e0 une \u00e9chelle microscopique, et m\u00eame atomique. Invisible \u00e0 l\u2019\u0153il nu, elle est utilis\u00e9e pour \u00ab radiographier \u00bb des \u00e9chantillons : fossiles, prot\u00e9ines, objets patrimoniaux, mat\u00e9riaux industriels, batteries, et ainsi, comprendre leur fonctionnement. Contrairement \u00e0 l\u2019image d\u2019un laboratoire isol\u00e9, le synchrotron est une plateforme collective, utilis\u00e9e par <b>des milliers de chercheurs<\/b> venus du monde entier.<br \/>Ici, les projets se succ\u00e8dent, issus de disciplines vari\u00e9es : physique, chimie, biologie, g\u00e9ologie, arch\u00e9ologie, m\u00e9decine, ing\u00e9nierie des mat\u00e9riaux\u2026\u00a0<\/p>\n<p><img loading=\"lazy\" decoding=\"async\" src=\"https:\/\/www.europesays.com\/fr\/wp-content\/uploads\/2026\/01\/IMG_20251210_135401.jpg\" id=\"1005552214\" data-image=\"1005552214\" width=\"212\" height=\"186\" style=\"width: 212px; max-width: 212px; height: 186px;\"\/><\/p>\n<p dir=\"ltr\" class=\"align-justify\">L\u2019ESRF est un lieu d\u2019envergure europ\u00e9enne, depuis sa cr\u00e9ation dans les ann\u00e9es 1990, l\u2019infrastructure est soutenue par plus d\u2019une <b>vingtaine de pays<\/b>. Les \u00e9quipes, les projets, les financements, tout refl\u00e8te une ambition scientifique de partage mondiale. Le synchrotron est un projet de service public de la recherche. Des \u00e9quipes venues du monde entier d\u00e9posent des projets pour obtenir du \u201ctemps de faisceau\u201d, c\u2019est-\u00e0-dire le droit d\u2019utiliser la lumi\u00e8re du\u00a0 synchrotron.<\/p>\n<p><img loading=\"lazy\" decoding=\"async\" src=\"https:\/\/www.europesays.com\/fr\/wp-content\/uploads\/2026\/01\/P1510477__1_.jpg\" id=\"1005552763\" data-image=\"1005552766\" width=\"218\" height=\"164\" style=\"width: 218px; max-width: 218px; height: 164px;\"\/><\/p>\n<p class=\"align-justify\" dir=\"ltr\">Si la machine impressionne, ce sont les applications qui surprennent le plus. En effet, le synchrotron, ce n\u2019est pas uniquement de la science fondamentale : c\u2019est un outil pour r\u00e9soudre des probl\u00e8mes tr\u00e8s concrets, dans de nombreux domaines comme la sant\u00e9, la biologie, la chimie, la technologie, la conversation et le vieillissement d\u2019oeuvre d\u2019art, l\u2019\u00e9cologie, la g\u00e9ologie et m\u00eame l\u2019arch\u00e9ologie. Pour l&rsquo;anecdote, l\u2019un des violons les plus c\u00e9l\u00e8bres du monde, le\u00a0 \u201c<a href=\"https:\/\/www.guillaume-kessler.fr\/faire-parler-le-canon\/?srsltid=AfmBOopliknDojbstwSth2k4DDKG_sYzDnrQP5VptqHykaG4xmY_JQbk\" target=\"_blank\" rel=\"noopener\">Il Cannone<\/a>\ufeff\u00a0\u00bb, a voyag\u00e9 jusqu\u2019au synchrotron pour v\u00e9rifier son \u00e9tat de conservation. Exceptionnel pour un instrument qui n\u2019est utilis\u00e9 qu\u2019une fois tous les deux ans. Le synchrotron est un outil que n&rsquo;importe quel chercheur peut utiliser quel que soit son domaine tant que son dossier est s\u00e9lectionn\u00e9 par le <b>comit\u00e9 scientifique<\/b> de l\u2019ESRF.\u00a0<\/p>\n<p>Et justement, \u00e0 propos de ces scientifiques, le synchrotron leur permet g\u00e9n\u00e9ralement de rester entre 2 \u00e0 5 jours en leur payant tous les frais n\u00e9cessaires : Transport, logement, nourriture\u2026 En revanche, les chercheurs ont pour condition de <b>publier <\/b>un article \u00e0 la suite de leurs exp\u00e9riences afin de correspondre \u00e0 une des valeurs du synchrotron : <b>le partage de la science au plus grand nombre<\/b>.<\/p>\n<p><img loading=\"lazy\" decoding=\"async\" src=\"https:\/\/www.europesays.com\/fr\/wp-content\/uploads\/2026\/01\/__Edit--2.jpg\" id=\"1005552217\" data-image=\"1005552767\" width=\"301\" height=\"200\" style=\"width: 301px; max-width: 301px; height: 200px;\"\/><\/p>\n<p dir=\"ltr\">Cette solidarit\u00e9 scientifique se traduit notamment par un projet : Human Organ Atlas. Ce programme d\u2019envergure internationale, a pour ambition de photographier en 3D avec une r\u00e9solution in\u00e9gal\u00e9e <b>chaque organe du corps humain,<\/b> sur une base de donn\u00e9es accessible en ligne. Au-del\u00e0 d\u2019une prouesse technique, c\u2019est une r\u00e9volution qui permet \u00e0 n&rsquo;importe quel chercheur d\u2019utiliser cette mine d\u2019information, partout dans le monde.<\/p>\n<p dir=\"ltr\">L\u2019ESRF ne vise pas seulement l\u2019excellence scientifique, mais forme \u00e9galement les <b>travailleurs de demain<\/b>. A l&rsquo;\u00e9gard des citoyens curieux ou des astrophysiciens en formation, le synchrotron insiste sur la sensibilisation \u00e0 ses actions. L\u2019\u00e9quipe de communication est charg\u00e9e d\u2019assurer la m\u00e9diation lors des visites scolaires, en fran\u00e7ais, ou anglais pour les classes \u00e9trang\u00e8res. L\u2019infrastructure ouvre \u00e9galement ses portes lors d\u2019\u00e9v\u00e8nement publics \u00e0 l\u2019\u00e9chelle de la m\u00e9tropole comme \u201cLe parvis des Sciences\u201d ou \u201cTech&amp;Fest\u201d. Cette transmission de savoir s\u2019appuie sur des <b>valeurs sociales fortes<\/b>, la \u00ab\u00a0Journ\u00e9e Femme&amp;Sciences\u00a0\u00bb appelle notamment les jeunes \u00e9tudiantes \u00e0 s\u2019engager dans les sciences, domaine toujours en grande majorit\u00e9 masculin.<\/p>\n<p dir=\"ltr\">Ici, on ne produit pas la connaissance uniquement pour elle-m\u00eame, mais pour la mettre \u00e0 disposition d\u2019une communaut\u00e9 internationale. Le synchrotron peut \u00eatre vu comme un carrefour entre technologie, savoir et transmission. Un lieu o\u00f9 l\u2019innovation se fabrique, mais o\u00f9 la transmission reste essentielle.<\/p>\n<p>\ufeffUn article de L\u00e9onie LAUDE, Oc\u00e9ane\u00a0 TASCA, Titouan CHAPUIS, Jonathan COMBY, Nathan LOISON.<\/p>\n<p>Cr\u00e9dits photographiques : \ufeff\ufeffESFR Grenoble (Couverture), L\u00e9onie LAUDE, Nathan LOISON.<\/p>\n<p>Cr\u00e9dits audios : Titouan CHAPUIS, Jonathan COMBY.<\/p>\n<p>Cr\u00e9dits graphiques : Oc\u00e9ane TASCA.<\/p>\n","protected":false},"excerpt":{"rendered":"Cet article a \u00e9t\u00e9 compos\u00e9 par des \u00e9tudiants du master Information\/Communication, parcours communication et culture scientifique et technique.&hellip;\n","protected":false},"author":2,"featured_media":654639,"comment_status":"","ping_status":"","sticky":false,"template":"","format":"standard","meta":{"footnotes":""},"categories":[9566],"tags":[1111,11,2430,1777,674,1011,27,2731,12,25],"class_list":{"0":"post-654638","1":"post","2":"type-post","3":"status-publish","4":"format-standard","5":"has-post-thumbnail","7":"category-grenoble","8":"tag-actu","9":"tag-actualites","10":"tag-auvergne-rhone-alpes","11":"tag-eu","12":"tag-europe","13":"tag-fr","14":"tag-france","15":"tag-grenoble","16":"tag-news","17":"tag-republique-francaise"},"share_on_mastodon":{"url":"https:\/\/pubeurope.com\/@fr\/115872505880497894","error":""},"_links":{"self":[{"href":"https:\/\/www.europesays.com\/fr\/wp-json\/wp\/v2\/posts\/654638","targetHints":{"allow":["GET"]}}],"collection":[{"href":"https:\/\/www.europesays.com\/fr\/wp-json\/wp\/v2\/posts"}],"about":[{"href":"https:\/\/www.europesays.com\/fr\/wp-json\/wp\/v2\/types\/post"}],"author":[{"embeddable":true,"href":"https:\/\/www.europesays.com\/fr\/wp-json\/wp\/v2\/users\/2"}],"replies":[{"embeddable":true,"href":"https:\/\/www.europesays.com\/fr\/wp-json\/wp\/v2\/comments?post=654638"}],"version-history":[{"count":0,"href":"https:\/\/www.europesays.com\/fr\/wp-json\/wp\/v2\/posts\/654638\/revisions"}],"wp:featuredmedia":[{"embeddable":true,"href":"https:\/\/www.europesays.com\/fr\/wp-json\/wp\/v2\/media\/654639"}],"wp:attachment":[{"href":"https:\/\/www.europesays.com\/fr\/wp-json\/wp\/v2\/media?parent=654638"}],"wp:term":[{"taxonomy":"category","embeddable":true,"href":"https:\/\/www.europesays.com\/fr\/wp-json\/wp\/v2\/categories?post=654638"},{"taxonomy":"post_tag","embeddable":true,"href":"https:\/\/www.europesays.com\/fr\/wp-json\/wp\/v2\/tags?post=654638"}],"curies":[{"name":"wp","href":"https:\/\/api.w.org\/{rel}","templated":true}]}}