{"id":654642,"date":"2026-01-10T19:43:15","date_gmt":"2026-01-10T19:43:15","guid":{"rendered":"https:\/\/www.europesays.com\/fr\/654642\/"},"modified":"2026-01-10T19:43:15","modified_gmt":"2026-01-10T19:43:15","slug":"direct-nationale-bourgoin-jallieu-vs-rennes-seloigner-de-la-zone-rouge-suivez-le-match-de-la-15e-journee","status":"publish","type":"post","link":"https:\/\/www.europesays.com\/fr\/654642\/","title":{"rendered":"DIRECT. Nationale &#8211; Bourgoin-Jallieu vs Rennes : s&rsquo;\u00e9loigner de la zone rouge, suivez le match de la 15e journ\u00e9e"},"content":{"rendered":"<p>\n                Bonjour et bienvenue sur Rugbyrama pour suivre en direct vid\u00e9o le match de la 15e journ\u00e9e de Nationale entre Bourgoin-Jallieu et Rennes.\u00a0\n            <\/p>\n<p>Deux d\u00e9faites et voil\u00e0 que Bourgoin renoue avec ses d\u00e9mons \u00e0 l&rsquo;entame de 2026. Les Berjalliens sont aux portes de la zone rouge et ne comptent plus que deux points d&rsquo;avance sur Marcq-en-Bar\u0153ul. L&rsquo;heure est donc grave au moment d&rsquo;affronter Rennes, camp\u00e9 \u00e0 la 10e place avec cinq points d&rsquo;avance sur son adversaire du jour. Ce match est donc tr\u00e8s important en vue de la course au maintien et le vainqueur prendra un grand bol d&rsquo;air.\u00a0<\/p>\n<p><strong><a href=\"https:\/\/youtube.com\/live\/ZiiozOOExrI?feature=share\" target=\"_self\" rel=\"noopener\">Si la vid\u00e9o ne s&rsquo;affiche pas, cliquez ici !<\/a><\/strong><\/p>\n","protected":false},"excerpt":{"rendered":"Bonjour et bienvenue sur Rugbyrama pour suivre en direct vid\u00e9o le match de la 15e journ\u00e9e de Nationale&hellip;\n","protected":false},"author":2,"featured_media":654643,"comment_status":"","ping_status":"","sticky":false,"template":"","format":"standard","meta":{"footnotes":""},"categories":[2821],"tags":[1111,11,829,1777,674,1011,27,4361,12,584,25,68796],"class_list":{"0":"post-654642","1":"post","2":"type-post","3":"status-publish","4":"format-standard","5":"has-post-thumbnail","7":"category-rennes","8":"tag-actu","9":"tag-actualites","10":"tag-bretagne","11":"tag-eu","12":"tag-europe","13":"tag-fr","14":"tag-france","15":"tag-nationale","16":"tag-news","17":"tag-rennes","18":"tag-republique-francaise","19":"tag-rugby-u00e0-xv"},"share_on_mastodon":{"url":"https:\/\/pubeurope.com\/@fr\/115872517638331720","error":""},"_links":{"self":[{"href":"https:\/\/www.europesays.com\/fr\/wp-json\/wp\/v2\/posts\/654642","targetHints":{"allow":["GET"]}}],"collection":[{"href":"https:\/\/www.europesays.com\/fr\/wp-json\/wp\/v2\/posts"}],"about":[{"href":"https:\/\/www.europesays.com\/fr\/wp-json\/wp\/v2\/types\/post"}],"author":[{"embeddable":true,"href":"https:\/\/www.europesays.com\/fr\/wp-json\/wp\/v2\/users\/2"}],"replies":[{"embeddable":true,"href":"https:\/\/www.europesays.com\/fr\/wp-json\/wp\/v2\/comments?post=654642"}],"version-history":[{"count":0,"href":"https:\/\/www.europesays.com\/fr\/wp-json\/wp\/v2\/posts\/654642\/revisions"}],"wp:featuredmedia":[{"embeddable":true,"href":"https:\/\/www.europesays.com\/fr\/wp-json\/wp\/v2\/media\/654643"}],"wp:attachment":[{"href":"https:\/\/www.europesays.com\/fr\/wp-json\/wp\/v2\/media?parent=654642"}],"wp:term":[{"taxonomy":"category","embeddable":true,"href":"https:\/\/www.europesays.com\/fr\/wp-json\/wp\/v2\/categories?post=654642"},{"taxonomy":"post_tag","embeddable":true,"href":"https:\/\/www.europesays.com\/fr\/wp-json\/wp\/v2\/tags?post=654642"}],"curies":[{"name":"wp","href":"https:\/\/api.w.org\/{rel}","templated":true}]}}