{"id":654644,"date":"2026-01-10T19:44:12","date_gmt":"2026-01-10T19:44:12","guid":{"rendered":"https:\/\/www.europesays.com\/fr\/654644\/"},"modified":"2026-01-10T19:44:12","modified_gmt":"2026-01-10T19:44:12","slug":"des-victimes-de-laccident-du-11-janvier-confrontees-a-leurs-peurs","status":"publish","type":"post","link":"https:\/\/www.europesays.com\/fr\/654644\/","title":{"rendered":"des victimes de l\u2019accident du 11\u00a0janvier confront\u00e9es \u00e0 leurs peurs"},"content":{"rendered":"<p>Sur les <a href=\"https:\/\/www.dna.fr\/faits-divers-justice\/2025\/02\/06\/collision-entre-deux-trams-la-police-lance-un-appel-a-temoins\" target=\"_blank\" rel=\"noopener\">68 victimes recens\u00e9es apr\u00e8s l\u2019accident<\/a> , 53 ont \u00e9t\u00e9 accompagn\u00e9es par l\u2019association, indique Diane Marsaux, cheffe de service au sein de SOS France victimes. \u00ab\u00a0Les premi\u00e8res sollicitations concernaient surtout le dossier de d\u00e9claration d\u2019incident \u00e0 remplir aupr\u00e8s de la CTS. Mais, tr\u00e8s vite, il y a eu une demande d\u2019accompagnement psychologique.\u00a0\u00bb<\/p>\n<p>\u00ab\u00a0Ce n\u2019est pas parce qu\u2019on est indemne physiquement qu\u2019on n\u2019a pas de s\u00e9quelles psychiques\u00a0\u00bb<\/p>\n<p>\u00ab\u00a0De nombreuses victimes\u00a0\u00bb pr\u00e9sentaient \u00ab\u00a0des psychotraumatismes\u00a0\u00bb avec \u00ab\u00a0des reviviscences\u00a0: flash-back, images ou sons qui reviennent, parfois m\u00eame des odeurs, des cauchemars, d\u00e9taille Nora Bengharda, psychologue clinicienne. Certaines souffraient d\u2019\u00ab\u00a0un \u00e9tat d\u2019hypervigilance permanent, avec la peur d\u2019\u00eatre en danger, voire de mourir\u00a0\u00bb.<\/p>\n<p>\u00ab\u00a0Ce n\u2019est pas parce qu\u2019on est indemne&#8230;<\/p>\n","protected":false},"excerpt":{"rendered":"Sur les 68 victimes recens\u00e9es apr\u00e8s l\u2019accident , 53 ont \u00e9t\u00e9 accompagn\u00e9es par l\u2019association, indique Diane Marsaux, cheffe&hellip;\n","protected":false},"author":2,"featured_media":654645,"comment_status":"","ping_status":"","sticky":false,"template":"","format":"standard","meta":{"footnotes":""},"categories":[2820],"tags":[119,1111,11,2880,1777,674,274,107,1011,27,329,775,12,25,640,2879],"class_list":{"0":"post-654644","1":"post","2":"type-post","3":"status-publish","4":"format-standard","5":"has-post-thumbnail","7":"category-strasbourg","8":"tag-accident","9":"tag-actu","10":"tag-actualites","11":"tag-edition-strasbourg","12":"tag-eu","13":"tag-europe","14":"tag-faits-divers-justice","15":"tag-fil-info","16":"tag-fr","17":"tag-france","18":"tag-france-monde","19":"tag-grand-est","20":"tag-news","21":"tag-republique-francaise","22":"tag-strasbourg","23":"tag-strasbourg-ville"},"share_on_mastodon":{"url":"https:\/\/pubeurope.com\/@fr\/115872521449510279","error":""},"_links":{"self":[{"href":"https:\/\/www.europesays.com\/fr\/wp-json\/wp\/v2\/posts\/654644","targetHints":{"allow":["GET"]}}],"collection":[{"href":"https:\/\/www.europesays.com\/fr\/wp-json\/wp\/v2\/posts"}],"about":[{"href":"https:\/\/www.europesays.com\/fr\/wp-json\/wp\/v2\/types\/post"}],"author":[{"embeddable":true,"href":"https:\/\/www.europesays.com\/fr\/wp-json\/wp\/v2\/users\/2"}],"replies":[{"embeddable":true,"href":"https:\/\/www.europesays.com\/fr\/wp-json\/wp\/v2\/comments?post=654644"}],"version-history":[{"count":0,"href":"https:\/\/www.europesays.com\/fr\/wp-json\/wp\/v2\/posts\/654644\/revisions"}],"wp:featuredmedia":[{"embeddable":true,"href":"https:\/\/www.europesays.com\/fr\/wp-json\/wp\/v2\/media\/654645"}],"wp:attachment":[{"href":"https:\/\/www.europesays.com\/fr\/wp-json\/wp\/v2\/media?parent=654644"}],"wp:term":[{"taxonomy":"category","embeddable":true,"href":"https:\/\/www.europesays.com\/fr\/wp-json\/wp\/v2\/categories?post=654644"},{"taxonomy":"post_tag","embeddable":true,"href":"https:\/\/www.europesays.com\/fr\/wp-json\/wp\/v2\/tags?post=654644"}],"curies":[{"name":"wp","href":"https:\/\/api.w.org\/{rel}","templated":true}]}}