{"id":654646,"date":"2026-01-10T19:45:12","date_gmt":"2026-01-10T19:45:12","guid":{"rendered":"https:\/\/www.europesays.com\/fr\/654646\/"},"modified":"2026-01-10T19:45:12","modified_gmt":"2026-01-10T19:45:12","slug":"avranches-vite-domine-par-strasbourg-deux-buts-a-zero","status":"publish","type":"post","link":"https:\/\/www.europesays.com\/fr\/654646\/","title":{"rendered":"Avranches vite domin\u00e9 par Strasbourg deux buts \u00e0 z\u00e9ro"},"content":{"rendered":"<p melodystyle=\"texte\">Le match de 16e de coupe de France, Avranches-Strasbourg a attir\u00e9 la foule dans le Sud-Manche en cette soir\u00e9e du 10\u00a0janvier. La rencontre qui a d\u00e9but\u00e9 vers 18h au stade Ren\u00e9-Fenouill\u00e8re se joue \u00e0 guichets ferm\u00e9s devant 4\u00a0500 spectateurs. Mais les joueurs de la Manche ont \u00e9t\u00e9 assez rapidement en difficult\u00e9. En moins de 25 minutes, ils ont encaiss\u00e9 deux buts, \u00e0 la 13e et \u00e0 la 20e minute. Les fanas de foot observent clairement que les footballeurs alsaciens ne sont pas venus pour faire de la figuration\u00a0!<\/p>\n","protected":false},"excerpt":{"rendered":"Le match de 16e de coupe de France, Avranches-Strasbourg a attir\u00e9 la foule dans le Sud-Manche en cette&hellip;\n","protected":false},"author":2,"featured_media":654647,"comment_status":"","ping_status":"","sticky":false,"template":"","format":"standard","meta":{"footnotes":""},"categories":[2820],"tags":[1111,11,1777,674,1011,27,775,12,25,640],"class_list":{"0":"post-654646","1":"post","2":"type-post","3":"status-publish","4":"format-standard","5":"has-post-thumbnail","7":"category-strasbourg","8":"tag-actu","9":"tag-actualites","10":"tag-eu","11":"tag-europe","12":"tag-fr","13":"tag-france","14":"tag-grand-est","15":"tag-news","16":"tag-republique-francaise","17":"tag-strasbourg"},"share_on_mastodon":{"url":"https:\/\/pubeurope.com\/@fr\/115872525342357812","error":""},"_links":{"self":[{"href":"https:\/\/www.europesays.com\/fr\/wp-json\/wp\/v2\/posts\/654646","targetHints":{"allow":["GET"]}}],"collection":[{"href":"https:\/\/www.europesays.com\/fr\/wp-json\/wp\/v2\/posts"}],"about":[{"href":"https:\/\/www.europesays.com\/fr\/wp-json\/wp\/v2\/types\/post"}],"author":[{"embeddable":true,"href":"https:\/\/www.europesays.com\/fr\/wp-json\/wp\/v2\/users\/2"}],"replies":[{"embeddable":true,"href":"https:\/\/www.europesays.com\/fr\/wp-json\/wp\/v2\/comments?post=654646"}],"version-history":[{"count":0,"href":"https:\/\/www.europesays.com\/fr\/wp-json\/wp\/v2\/posts\/654646\/revisions"}],"wp:featuredmedia":[{"embeddable":true,"href":"https:\/\/www.europesays.com\/fr\/wp-json\/wp\/v2\/media\/654647"}],"wp:attachment":[{"href":"https:\/\/www.europesays.com\/fr\/wp-json\/wp\/v2\/media?parent=654646"}],"wp:term":[{"taxonomy":"category","embeddable":true,"href":"https:\/\/www.europesays.com\/fr\/wp-json\/wp\/v2\/categories?post=654646"},{"taxonomy":"post_tag","embeddable":true,"href":"https:\/\/www.europesays.com\/fr\/wp-json\/wp\/v2\/tags?post=654646"}],"curies":[{"name":"wp","href":"https:\/\/api.w.org\/{rel}","templated":true}]}}