{"id":654648,"date":"2026-01-10T19:47:12","date_gmt":"2026-01-10T19:47:12","guid":{"rendered":"https:\/\/www.europesays.com\/fr\/654648\/"},"modified":"2026-01-10T19:47:12","modified_gmt":"2026-01-10T19:47:12","slug":"audun-le-tiche-de-retour-de-la-promclassic-de-nice-les-athletes-de-la-jsa-veulent-faire-briller-le-club-dans-toute-la-france","status":"publish","type":"post","link":"https:\/\/www.europesays.com\/fr\/654648\/","title":{"rendered":"Audun-le-Tiche. De retour de la Prom\u2019classic de Nice, les athl\u00e8tes de la JSA veulent \u00ab\u00a0faire briller le club dans toute la France\u00a0!\u00a0\u00bb"},"content":{"rendered":"<p>Trois athl\u00e8tes de la Jeunesse sportive audunoise (JSA) athl\u00e9tisme ont pos\u00e9 leurs valises du c\u00f4t\u00e9 de Nice, le temps d\u2019un week-end pour participer \u00e0 l\u2019une des courses sur route les plus denses de France, la Prom\u2019Classic, qui se d\u00e9roule chaque ann\u00e9e sur la fameuse Promenade des Anglais. <a href=\"https:\/\/www.republicain-lorrain.fr\/insolite\/2025\/10\/17\/sandra-lieners-ma-peinture-est-inspiree-de-mon-regard-quand-je-cours\" target=\"_blank\" rel=\"noopener\">Sandra Lieners, qui s\u2019est illustr\u00e9e fin d\u2019ann\u00e9e derni\u00e8re en remportant les 10\u00a0km Haganis de Metz<\/a> , son fr\u00e8re Yannick, et leur coach Rachid Habbaz, ont ainsi rev\u00eatu la tunique du club audunois dimanche 4\u00a0janvier. Et ces derniers, qui comptent bien \u00ab\u00a0faire briller la JSA athl\u00e9tisme cette saison dans toute la France\u00a0\u00bb, se sont illustr\u00e9s par de tr\u00e8s bons chronos\u00a0!<\/p>\n<p>\u00ab\u00a0\u00c7a fait dix ans que je participe \u00e0 la Prom\u2019Classic, une course de 10\u00a0km ultra-plate propice \u00e0 la performance. La densit\u00e9, le climat ni\u00e7ois, et le parcours tr\u00e8s roulant permettent aux coureurs d\u2019aller y chercher leur record personnel\u00a0\u00bb, lance Rachid Habbaz, coach de la JSA athl\u00e9tisme, qui a termin\u00e9 l\u2019\u00e9preuve en 33\u201907 (11e de sa cat\u00e9gorie, Master 2 hommes). Sandra Lieners, qui a pr\u00e9par\u00e9 cette course \u00ab\u00a0pendant plusieurs mois\u00a0\u00bb, n\u2019est pas totalement satisfaite de sa performance.<\/p>\n<p>Ce contenu est bloqu\u00e9 car vous n&rsquo;avez pas accept\u00e9 les cookies et autres traceurs.<\/p>\n<p>En cliquant sur \u00ab J\u2019accepte \u00bb, les cookies et autres traceurs seront d\u00e9pos\u00e9s et vous pourrez visualiser les contenus  (<a href=\"\" class=\"consentModule_policy\" target=\"_blank\" title=\"Consulter la politique de protection des donn\u00e9es du fournisseur\">plus d&rsquo;informations<\/a>).<\/p>\n<p>En cliquant sur \u00ab J\u2019accepte tous les cookies \u00bb, vous autorisez des d\u00e9p\u00f4ts de cookies et autres traceurs pour le stockage de vos donn\u00e9es sur nos sites et applications \u00e0 des fins de personnalisation et de ciblage publicitaire.<\/p>\n<p class=\"consentModule_secondaryText\">Vous gardez la possibilit\u00e9 de retirer votre consentement \u00e0 tout moment en consultant notre <a href=\"https:\/\/www.republicain-lorrain.fr\/protection-des-donnees\" target=\"_blank\" title=\"Consulter notre politique de protection des donn\u00e9es\" rel=\"noopener\">politique de protection des donn\u00e9es<\/a>. <br \/>&#13;<br \/>\n            <a href=\"https:\/\/www.republicain-lorrain.fr\/societe\/2026\/01\/10\/javascript:Didomi.notice.show()\" class=\"consentModule_cmp\" target=\"_blank\" rel=\"noopener\">G\u00e9rer mes choix<\/a>&#13;\n        <\/p>\n<p>&#13;<br \/>\n                        J&rsquo;accepte&#13;<br \/>\n            J&rsquo;accepte tous les cookies&#13;\n        <\/p>\n<p>  \u00ab\u00a0L\u2019ambiance familiale que nous sommes venus chercher\u00a0\u00bb<\/p>\n<p>\u00ab\u00a0Je voulais me rapprocher de mon record qui est de 34\u201911 mais je suis partie trop vite, et je me suis br\u00fbl\u00e9 les ailes (rires, NDLR). C\u2019\u00e9tait un peu plus difficile cette ann\u00e9e avec pas mal de vent de face, mais nous avons pass\u00e9 de tr\u00e8s beaux moments l\u00e0-bas, c\u2019est toujours un \u00e9v\u00e9nement propice au partage, et sous le soleil\u2026\u00a0\u00bb, explique l\u2019athl\u00e8te qui a boucl\u00e9 le parcours en 35\u201921 (5e en cat\u00e9gorie Master 0 femmes). Son fr\u00e8re Yannick franchit quant \u00e0 lui la ligne d\u2019arriv\u00e9e en 32\u201926. \u00ab\u00a0Ce sont de tr\u00e8s bons chronos et ils se classent tous deux parmi les meilleurs athl\u00e8tes de leur cat\u00e9gorie\u00a0!\u00a0\u00bb, rappelle le coach Rachid Habbaz.<\/p>\n<p>Sandra pr\u00e9pare d\u00e9sormais les championnats du Luxembourg 10\u00a0km sur route mi-mars, plusieurs cross, et des courses en salle (1\u00a0500 et 3\u00a0000 m\u00e8tres). Ce week-end, Rachid Habbaz participera quant \u00e0 lui aux championnats de Moselle et Grand-Est de 1\u00a0500 m\u00e8tres. \u00ab\u00a0Nous sommes heureux de repr\u00e9senter la JSA athl\u00e9tisme, nous avons trouv\u00e9 l\u2019ambiance familiale que nous sommes venus y chercher cette saison\u00a0!\u00a0\u00bb<\/p>\n<p>Pour rappel, le nouveau comit\u00e9, \u00e9lu en f\u00e9vrier\u00a02025 et incarn\u00e9 par sa pr\u00e9sidente Sandrine Poulain (son vice-pr\u00e9sident Thierry Thebault et sa secr\u00e9taire Manue Thebault), <a href=\"https:\/\/www.republicain-lorrain.fr\/sport\/2025\/10\/30\/la-section-athletisme-de-la-jeunesse-sportive-audunoise-a-retrouve-un-nouveau-souffle\" target=\"_blank\" rel=\"noopener\">a su donner un souffle nouveau \u00e0 un club laiss\u00e9 \u00e0 l\u2019abandon quelque temps\u2026<\/a><\/p>\n","protected":false},"excerpt":{"rendered":"Trois athl\u00e8tes de la Jeunesse sportive audunoise (JSA) athl\u00e9tisme ont pos\u00e9 leurs valises du c\u00f4t\u00e9 de Nice, le&hellip;\n","protected":false},"author":2,"featured_media":654649,"comment_status":"","ping_status":"","sticky":false,"template":"","format":"standard","meta":{"footnotes":""},"categories":[2819],"tags":[1111,11,58201,28464,7162,1777,674,1011,27,12,2401,882,25,104,1631],"class_list":{"0":"post-654648","1":"post","2":"type-post","3":"status-publish","4":"format-standard","5":"has-post-thumbnail","7":"category-nice","8":"tag-actu","9":"tag-actualites","10":"tag-audun-le-tiche","11":"tag-cc-du-pays-haut-val-dalzette-57f","12":"tag-edition-thionville-hayange","13":"tag-eu","14":"tag-europe","15":"tag-fr","16":"tag-france","17":"tag-news","18":"tag-nice","19":"tag-provence-alpes-cote-dazur","20":"tag-republique-francaise","21":"tag-societe","22":"tag-vie-associative"},"share_on_mastodon":{"url":"https:\/\/pubeurope.com\/@fr\/115872533309071088","error":""},"_links":{"self":[{"href":"https:\/\/www.europesays.com\/fr\/wp-json\/wp\/v2\/posts\/654648","targetHints":{"allow":["GET"]}}],"collection":[{"href":"https:\/\/www.europesays.com\/fr\/wp-json\/wp\/v2\/posts"}],"about":[{"href":"https:\/\/www.europesays.com\/fr\/wp-json\/wp\/v2\/types\/post"}],"author":[{"embeddable":true,"href":"https:\/\/www.europesays.com\/fr\/wp-json\/wp\/v2\/users\/2"}],"replies":[{"embeddable":true,"href":"https:\/\/www.europesays.com\/fr\/wp-json\/wp\/v2\/comments?post=654648"}],"version-history":[{"count":0,"href":"https:\/\/www.europesays.com\/fr\/wp-json\/wp\/v2\/posts\/654648\/revisions"}],"wp:featuredmedia":[{"embeddable":true,"href":"https:\/\/www.europesays.com\/fr\/wp-json\/wp\/v2\/media\/654649"}],"wp:attachment":[{"href":"https:\/\/www.europesays.com\/fr\/wp-json\/wp\/v2\/media?parent=654648"}],"wp:term":[{"taxonomy":"category","embeddable":true,"href":"https:\/\/www.europesays.com\/fr\/wp-json\/wp\/v2\/categories?post=654648"},{"taxonomy":"post_tag","embeddable":true,"href":"https:\/\/www.europesays.com\/fr\/wp-json\/wp\/v2\/tags?post=654648"}],"curies":[{"name":"wp","href":"https:\/\/api.w.org\/{rel}","templated":true}]}}