{"id":654650,"date":"2026-01-10T19:48:49","date_gmt":"2026-01-10T19:48:49","guid":{"rendered":"https:\/\/www.europesays.com\/fr\/654650\/"},"modified":"2026-01-10T19:48:49","modified_gmt":"2026-01-10T19:48:49","slug":"la-circulation-des-tramways-a-repris-normalement","status":"publish","type":"post","link":"https:\/\/www.europesays.com\/fr\/654650\/","title":{"rendered":"la circulation des tramways a repris normalement"},"content":{"rendered":"<p>                    Par<br \/>\n        <strong><br \/>\n            <a href=\"https:\/\/actu.fr\/auteur\/laure-gentil\" title=\"Consulter tous les articles de Laure Gentil\" target=\"_blank\" rel=\"noopener\">Laure Gentil<\/a><br \/>\n                    <\/strong><\/p>\n<p>        Publi\u00e9 le<\/p>\n<p>            9 janv. 2026 \u00e0 9h34<br \/>\n        ; mis \u00e0 jour le 10 janv. 2026 \u00e0 9h15    <\/p>\n<p>[Mise \u00e0 jour le 10 janvier 2026 \u00e0 9 h 15 : les tramways circulent normalement, ce samedi 10 janvier.]<\/p>\n<p class=\" wall-content\">[Mise \u00e0 jour le 9 janvier 2026 \u00e0 14 h 33 : la perturbation est termin\u00e9e \u00e0 l\u2019arr\u00eat Babini\u00e8re. Le terminus Babini\u00e8re de la ligne 1 est de nouveau desservi.]<\/p>\n<p class=\" wall-content\">Apr\u00e8s la neige, l\u2019incident technique. Ce <b>vendredi 9\u00a0janvier 2026<\/b>, un incident technique perturbe fortement la circulation des <b>trams <\/b>\u00e0 Nantes. Les <b>trois lignes sont concern\u00e9es <\/b>selon Naolib, le service de transports en commun nantais.<\/p>\n<p>Les lignes coup\u00e9es<\/p>\n<ul class=\" wall-content\">\n<li>La <b>ligne 1 <\/b>effectue un terminus unique \u00e0 Beaujoire et ne dessert pas Ranzay et Babini\u00e8re.<\/li>\n<li>La <b>ligne 2<\/b> est coup\u00e9e entre Aim\u00e9 Delrue et Place du Cirque.<\/li>\n<li>La <b>ligne 3<\/b> est coup\u00e9e entre Aim\u00e9 Delrue et Bretagne.<\/li>\n<\/ul>\n<p class=\" wall-content\">Personnalisez votre actualit\u00e9 en ajoutant vos villes et m\u00e9dias en favori avec <a href=\"https:\/\/moncompte.actu.fr\" title=\"D\u00e9couvez Mon Actu\" rel=\"nofollow noopener\" data-trk=\"{&quot;cta&quot;:{&quot;action&quot;:&quot;https:\\\/\\\/moncompte.actu.fr&quot;,&quot;category&quot;:&quot;mon compte&quot;,&quot;from&quot;:&quot;article footer&quot;,&quot;name&quot;:&quot;Mon actu&quot;,&quot;type&quot;:&quot;cta&quot;}}\" target=\"_blank\">Mon Actu<\/a>.<\/p>\n","protected":false},"excerpt":{"rendered":"Par Laure Gentil Publi\u00e9 le 9 janv. 2026 \u00e0 9h34 ; mis \u00e0 jour le 10 janv. 2026&hellip;\n","protected":false},"author":2,"featured_media":654651,"comment_status":"","ping_status":"","sticky":false,"template":"","format":"standard","meta":{"footnotes":""},"categories":[2818],"tags":[1111,11,3542,1777,674,1011,27,766,12,2636,25,104,2803],"class_list":{"0":"post-654650","1":"post","2":"type-post","3":"status-publish","4":"format-standard","5":"has-post-thumbnail","7":"category-nantes","8":"tag-actu","9":"tag-actualites","10":"tag-circulation","11":"tag-eu","12":"tag-europe","13":"tag-fr","14":"tag-france","15":"tag-nantes","16":"tag-news","17":"tag-pays-de-la-loire","18":"tag-republique-francaise","19":"tag-societe","20":"tag-transport"},"share_on_mastodon":{"url":"https:\/\/pubeurope.com\/@fr\/115872541235419956","error":""},"_links":{"self":[{"href":"https:\/\/www.europesays.com\/fr\/wp-json\/wp\/v2\/posts\/654650","targetHints":{"allow":["GET"]}}],"collection":[{"href":"https:\/\/www.europesays.com\/fr\/wp-json\/wp\/v2\/posts"}],"about":[{"href":"https:\/\/www.europesays.com\/fr\/wp-json\/wp\/v2\/types\/post"}],"author":[{"embeddable":true,"href":"https:\/\/www.europesays.com\/fr\/wp-json\/wp\/v2\/users\/2"}],"replies":[{"embeddable":true,"href":"https:\/\/www.europesays.com\/fr\/wp-json\/wp\/v2\/comments?post=654650"}],"version-history":[{"count":0,"href":"https:\/\/www.europesays.com\/fr\/wp-json\/wp\/v2\/posts\/654650\/revisions"}],"wp:featuredmedia":[{"embeddable":true,"href":"https:\/\/www.europesays.com\/fr\/wp-json\/wp\/v2\/media\/654651"}],"wp:attachment":[{"href":"https:\/\/www.europesays.com\/fr\/wp-json\/wp\/v2\/media?parent=654650"}],"wp:term":[{"taxonomy":"category","embeddable":true,"href":"https:\/\/www.europesays.com\/fr\/wp-json\/wp\/v2\/categories?post=654650"},{"taxonomy":"post_tag","embeddable":true,"href":"https:\/\/www.europesays.com\/fr\/wp-json\/wp\/v2\/tags?post=654650"}],"curies":[{"name":"wp","href":"https:\/\/api.w.org\/{rel}","templated":true}]}}