{"id":654654,"date":"2026-01-10T19:50:18","date_gmt":"2026-01-10T19:50:18","guid":{"rendered":"https:\/\/www.europesays.com\/fr\/654654\/"},"modified":"2026-01-10T19:50:18","modified_gmt":"2026-01-10T19:50:18","slug":"les-jeunes-agriculteurs-de-gironde-simprovisent-douaniers-et-traquent-les-produits-etrangers","status":"publish","type":"post","link":"https:\/\/www.europesays.com\/fr\/654654\/","title":{"rendered":"les Jeunes agriculteurs de Gironde s\u2019improvisent douaniers et traquent les produits \u00e9trangers"},"content":{"rendered":"<p>La trentaine d\u2019agriculteurs du syndicat ont donc d\u00e9cid\u00e9 de contr\u00f4ler, au niveau de la sortie 82 de la N\u00a010 entre les communes de Peujard et de Gauriaguet, les cargaisons des camions traversant dans les deux sens cette route reliant les Yvelines \u00e0 l\u2019Espagne, et passant entre autres par Poitiers et Bordeaux. En somme, un axe important de transports de marchandise.<\/p>\n<p>\u00ab\u00a0On devient les contr\u00f4leurs\u00a0\u00bb<\/p>\n<p>Objectif\u00a0: d\u00e9goter des fruits, l\u00e9gumes et viandes venant de l\u2019\u00e9tranger pouvant \u00eatre cultiv\u00e9s et \u00e9lev\u00e9s en France et d\u2019en amener un \u00e9chantillon \u00e0 \u00c9tienne Guyot, pr\u00e9fet de Nouvelle-Aquitaine et de Gironde. \u00ab\u00a0On devient nous-m\u00eames les contr\u00f4leurs\u00a0\u00bb , explique Th\u00e9o Hernandez, secr\u00e9taire g\u00e9n\u00e9ral adjoint des JA33. \u00ab\u00a0On est en train de d\u00e9truire l\u2019agriculture fran\u00e7aise avec ces produits qui n\u2019ont rien \u00e0 faire l\u00e0.\u00a0\u00bb<\/p>\n<p>        <img decoding=\"async\" id=\"27364891\" src=\"https:\/\/www.europesays.com\/fr\/wp-content\/uploads\/2026\/01\/img-3136.jpeg\" alt=\"Les chauffeurs routiers, la plupart du temps \u00e9trangers et souvent incr\u00e9dules face \u00e0 la situation, donnent l\u2019historique de leurs marchandises.\" itemprop=\"contentURL\"\/><\/p>\n<p>    Les chauffeurs routiers, la plupart du temps \u00e9trangers et souvent incr\u00e9dules face \u00e0 la situation, donnent l\u2019historique de leurs marchandises.<\/p>\n<p>A.\u00a0B.<\/p>\n<p>\u00ab\u00a0CMR please\u00a0\u00bb, lance-t-il \u00e0 un routier polonais hame\u00e7onn\u00e9 quelques centaines de m\u00e8tres auparavant. Ce document se veut \u00eatre l\u2019historique de son origine, sa provenance et sa destination finale. Chou blanc cette fois encore, le conducteur de poids lourd n\u2019est qu\u2019en transit et part direction l\u2019Espagne avec l\u2019ensemble de sa marchandise. Un peu plus tard, des bananes en provenance de C\u00f4te d\u2019Ivoire et \u00e0 destination du MIN de Bordeaux ont bien \u00e9t\u00e9 trouv\u00e9es, \u00ab\u00a0mais bon, \u00e0 part en Martinique et en Guadeloupe, difficile d\u2019en cultiver en France, il faut quand m\u00eame \u00eatre s\u00e9rieux\u00a0\u00bb, lance le secr\u00e9taire g\u00e9n\u00e9ral adjoint.<\/p>\n<p>Avec l\u2019aide des gendarmes<\/p>\n<p>Au total, une bonne cinquantaine de camions ont \u00e9t\u00e9 ainsi inspect\u00e9s par les agriculteurs, sans que rien de bien prohibitif \u00e0 leurs yeux ne soit d\u00e9couvert. \u00ab\u00a0On n\u2019a pas de chance sur ce coup\u00a0\u00bb, se d\u00e9sole un. \u00ab\u00a0Il y a quand m\u00eame des choses anormales, relance Mathieu, jeune vigneron \u00e0 Saint-\u00c9milion. Au supermarch\u00e9 la derni\u00e8re fois, j\u2019ai regard\u00e9 l\u2019\u00e9tiquette d\u2019une bo\u00eete d\u2019asperges \u00e0 la basque, elles venaient de Chine\u00a0! Alors qu\u2019on a deux IGP dans les Landes\u2026\u00a0\u00bb s\u2019\u00e9meut-il.<\/p>\n<p>Fait tr\u00e8s surprenant \u2013 d\u2019autant plus que dans le m\u00eame temps,<a href=\"https:\/\/www.sudouest.fr\/gironde\/bordeaux\/colere-des-agriculteurs-le-depot-petrolier-de-bordeaux-bassens-debloque-dans-la-douleur-27363854.php\" target=\"_blank\" rel=\"noopener\"> les agriculteurs de la CR33 en arrivaient aux mains avec les forces de l\u2019ordre \u00e0 Bassens<\/a> \u2013 ce sont les gendarmes d\u2019unit\u00e9 motoris\u00e9e qui interceptent eux-m\u00eames les camions vis\u00e9s et les redirigent vers le point de contr\u00f4le improvis\u00e9 des JA. \u00ab\u00a0On sort un peu de notre cadre, mais c\u2019\u00e9tait soit \u00e7a, soit les agriculteurs qui arr\u00eataient eux-m\u00eames les camions sur la Nationale, alors que cette portion est \u00e0 110\u00a0km\/h\u00a0\u00bb, souffle un gendarme. \u00ab\u00a0On fait donc le choix de s\u00e9curiser les usagers et les manifestants.\u00a0\u00bb<\/p>\n<p>        <img decoding=\"async\" id=\"27364887\" src=\"https:\/\/www.europesays.com\/fr\/wp-content\/uploads\/2026\/01\/img-3151.jpeg\" alt=\"Ce sont les motards de la gendarmerie qui ont intercept\u00e9 les camions.\" itemprop=\"contentURL\"\/><\/p>\n<p>    Ce sont les motards de la gendarmerie qui ont intercept\u00e9 les camions.<\/p>\n<p>A.\u00a0B.<\/p>\n<p>Apr\u00e8s les contr\u00f4les, les agriculteurs se sont dirig\u00e9s vers le rond-point de la Garosse, \u00e0 Saint-Andr\u00e9-de-Cubzac pour un dernier grand \u00ab\u00a0feu de la col\u00e8re\u00a0\u00bb fait de ceps de vignes et de bois en tout genre, agr\u00e9ment\u00e9 d\u2019un nombre cons\u00e9quent de klaxons d\u2019automobilistes compr\u00e9hensifs. \u00ab\u00a0Ce soir, on rentre chez nous. On va se reposer et on va voir ce qu\u2019on va faire par la suite\u00a0\u00bb, d\u00e9veloppe Guillaume Grandeau. Car leur col\u00e8re et leurs inqui\u00e9tudes ne sont pas pr\u00e8s de s\u2019\u00e9teindre.<\/p>\n","protected":false},"excerpt":{"rendered":"La trentaine d\u2019agriculteurs du syndicat ont donc d\u00e9cid\u00e9 de contr\u00f4ler, au niveau de la sortie 82 de la&hellip;\n","protected":false},"author":2,"featured_media":654655,"comment_status":"","ping_status":"","sticky":false,"template":"","format":"standard","meta":{"footnotes":""},"categories":[2817],"tags":[1111,11,1997,1777,674,1011,27,12,2219,25],"class_list":{"0":"post-654654","1":"post","2":"type-post","3":"status-publish","4":"format-standard","5":"has-post-thumbnail","7":"category-bordeaux","8":"tag-actu","9":"tag-actualites","10":"tag-bordeaux","11":"tag-eu","12":"tag-europe","13":"tag-fr","14":"tag-france","15":"tag-news","16":"tag-nouvelle-aquitaine","17":"tag-republique-francaise"},"share_on_mastodon":{"url":"https:\/\/pubeurope.com\/@fr\/115872545203024994","error":""},"_links":{"self":[{"href":"https:\/\/www.europesays.com\/fr\/wp-json\/wp\/v2\/posts\/654654","targetHints":{"allow":["GET"]}}],"collection":[{"href":"https:\/\/www.europesays.com\/fr\/wp-json\/wp\/v2\/posts"}],"about":[{"href":"https:\/\/www.europesays.com\/fr\/wp-json\/wp\/v2\/types\/post"}],"author":[{"embeddable":true,"href":"https:\/\/www.europesays.com\/fr\/wp-json\/wp\/v2\/users\/2"}],"replies":[{"embeddable":true,"href":"https:\/\/www.europesays.com\/fr\/wp-json\/wp\/v2\/comments?post=654654"}],"version-history":[{"count":0,"href":"https:\/\/www.europesays.com\/fr\/wp-json\/wp\/v2\/posts\/654654\/revisions"}],"wp:featuredmedia":[{"embeddable":true,"href":"https:\/\/www.europesays.com\/fr\/wp-json\/wp\/v2\/media\/654655"}],"wp:attachment":[{"href":"https:\/\/www.europesays.com\/fr\/wp-json\/wp\/v2\/media?parent=654654"}],"wp:term":[{"taxonomy":"category","embeddable":true,"href":"https:\/\/www.europesays.com\/fr\/wp-json\/wp\/v2\/categories?post=654654"},{"taxonomy":"post_tag","embeddable":true,"href":"https:\/\/www.europesays.com\/fr\/wp-json\/wp\/v2\/tags?post=654654"}],"curies":[{"name":"wp","href":"https:\/\/api.w.org\/{rel}","templated":true}]}}