{"id":654658,"date":"2026-01-10T19:52:15","date_gmt":"2026-01-10T19:52:15","guid":{"rendered":"https:\/\/www.europesays.com\/fr\/654658\/"},"modified":"2026-01-10T19:52:15","modified_gmt":"2026-01-10T19:52:15","slug":"cinema-cgr-la-rusalka-du-capitole-au-cinema","status":"publish","type":"post","link":"https:\/\/www.europesays.com\/fr\/654658\/","title":{"rendered":"Cin\u00e9ma CGR \u2022 La Rusalka du Capitole au cin\u00e9ma"},"content":{"rendered":"<p>La saison 22\/23 de l\u2019<a href=\"https:\/\/www.culture31.com\/opera-national-capitole\" target=\"_blank\" rel=\"noreferrer noopener\">Op\u00e9ra national du Capitole<\/a> s\u2019est ouverte avec une nouvelle production de\u00a0<a href=\"https:\/\/blog.culture31.com\/2022\/10\/08\/rusalka-au-capitole-cest-vraiment-total\/\" target=\"_blank\" rel=\"noreferrer noopener\">Rusalka<\/a>, le chef d\u2019\u0153uvre lyrique d\u2019Antonin Dvorak, dans une distribution \u00e9clatante et une production \u00ab\u00a0aquatique\u00a0\u00bb sid\u00e9rante. Le bouche \u00e0 oreille a provoqu\u00e9 d\u00e8s le lendemain un raz de mar\u00e9e sur la billetterie et les 4 autres repr\u00e9sentations ont affich\u00e9 complet.\u00a0 Tous ceux qui ont eu la chance de voir ce spectacle ne r\u00eavent que de le revoir, tout en pr\u00e9cisant que le film qui va \u00eatre pr\u00e9sent\u00e9 donne une dimension vraiment augment\u00e9e de ce spectacle.<\/p>\n<p><img decoding=\"async\" src=\"https:\/\/www.europesays.com\/fr\/wp-content\/uploads\/2026\/01\/rusalka-cgr-4-2048x1152-1.jpeg\" alt=\"Rusalka Cgr 4 2048x1152\" class=\"wp-image-161338\" width=\"730\"\/>Rusalka \u2013 Acte II<\/p>\n<p>Quant aux autres, en attendant une reprise \u00e9ventuelle au Capitole, ils auront bien plus qu\u2019un lot de consolation avec la somptueuse captation, \u00e0 destination du grand \u00e9cran, sign\u00e9e Fr\u00e9d\u00e9ric Savoir, qui en sera diffus\u00e9e en premier mondiale au <a href=\"https:\/\/www.cgrcinemas.fr\/films-a-l-affiche\/1000037641-rusalka\/\" target=\"_blank\" rel=\"noreferrer noopener\">CGR Blagnac le 18 janvier \u00e0 15h30<\/a>, en pr\u00e9sence du r\u00e9alisateur et de Christophe Ghristi, directeur artistique du Capitole, avec lesquels il sera permis d\u2019\u00e9changer \u00e0 la pause autour d\u2019un verre.<\/p>\n<p><a href=\"https:\/\/blog.culture31.com\/author\/robert-penavayre\/\" target=\"_blank\" rel=\"noreferrer noopener\"><strong>Robert P\u00e9navayre<\/strong><\/a><\/p>\n<p><strong>&gt;\u00a0 Trailer du film: <a href=\"https:\/\/vimeo.com\/1152503027\/f8960544e4?fl=pl&amp;fe=cm\" target=\"_blank\" rel=\"noreferrer noopener\">https:\/\/vimeo.com\/1152503027\/f8960544e4?fl=pl&amp;fe=cm<\/a><\/strong><\/p>\n<p>CGR Blagnac : 2 all\u00e9e Emile Zola \u2013 Blagnac<br \/>t\u00e9l : 0 892 68 85 88<\/p>\n<p><strong>&gt;\u00a0 R\u00e9servation : <a href=\"https:\/\/www.cgrcinemas.fr\/films-a-l-affiche\/1000037641-rusalka\/\" target=\"_blank\" rel=\"noreferrer noopener\">https:\/\/www.cgrcinemas.fr\/films-a-l-affiche\/1000037641-rusalka\/<\/a><\/strong><\/p>\n<p><a href=\"https:\/\/www.calameo.com\/culture31\/read\/0073148635c3e86845783\" target=\"_blank\" rel=\"noreferrer noopener\"><img decoding=\"async\" src=\"https:\/\/www.europesays.com\/fr\/wp-content\/uploads\/2026\/01\/le-magazine-hiver-2026.png\" alt=\"Le Magazine Hiver 2026\" class=\"wp-image-161083\" width=\"730\"\/><\/a><\/p>\n","protected":false},"excerpt":{"rendered":"La saison 22\/23 de l\u2019Op\u00e9ra national du Capitole s\u2019est ouverte avec une nouvelle production de\u00a0Rusalka, le chef d\u2019\u0153uvre&hellip;\n","protected":false},"author":2,"featured_media":654659,"comment_status":"","ping_status":"","sticky":false,"template":"","format":"standard","meta":{"footnotes":""},"categories":[2816],"tags":[1111,11,1777,674,1011,27,12,2680,25,2312],"class_list":{"0":"post-654658","1":"post","2":"type-post","3":"status-publish","4":"format-standard","5":"has-post-thumbnail","7":"category-toulouse","8":"tag-actu","9":"tag-actualites","10":"tag-eu","11":"tag-europe","12":"tag-fr","13":"tag-france","14":"tag-news","15":"tag-occitanie","16":"tag-republique-francaise","17":"tag-toulouse"},"share_on_mastodon":{"url":"https:\/\/pubeurope.com\/@fr\/115872553079549027","error":""},"_links":{"self":[{"href":"https:\/\/www.europesays.com\/fr\/wp-json\/wp\/v2\/posts\/654658","targetHints":{"allow":["GET"]}}],"collection":[{"href":"https:\/\/www.europesays.com\/fr\/wp-json\/wp\/v2\/posts"}],"about":[{"href":"https:\/\/www.europesays.com\/fr\/wp-json\/wp\/v2\/types\/post"}],"author":[{"embeddable":true,"href":"https:\/\/www.europesays.com\/fr\/wp-json\/wp\/v2\/users\/2"}],"replies":[{"embeddable":true,"href":"https:\/\/www.europesays.com\/fr\/wp-json\/wp\/v2\/comments?post=654658"}],"version-history":[{"count":0,"href":"https:\/\/www.europesays.com\/fr\/wp-json\/wp\/v2\/posts\/654658\/revisions"}],"wp:featuredmedia":[{"embeddable":true,"href":"https:\/\/www.europesays.com\/fr\/wp-json\/wp\/v2\/media\/654659"}],"wp:attachment":[{"href":"https:\/\/www.europesays.com\/fr\/wp-json\/wp\/v2\/media?parent=654658"}],"wp:term":[{"taxonomy":"category","embeddable":true,"href":"https:\/\/www.europesays.com\/fr\/wp-json\/wp\/v2\/categories?post=654658"},{"taxonomy":"post_tag","embeddable":true,"href":"https:\/\/www.europesays.com\/fr\/wp-json\/wp\/v2\/tags?post=654658"}],"curies":[{"name":"wp","href":"https:\/\/api.w.org\/{rel}","templated":true}]}}