{"id":654660,"date":"2026-01-10T19:53:09","date_gmt":"2026-01-10T19:53:09","guid":{"rendered":"https:\/\/www.europesays.com\/fr\/654660\/"},"modified":"2026-01-10T19:53:09","modified_gmt":"2026-01-10T19:53:09","slug":"12-communes-concernees-pres-de-toulouse","status":"publish","type":"post","link":"https:\/\/www.europesays.com\/fr\/654660\/","title":{"rendered":"12 communes concern\u00e9es pr\u00e8s de Toulouse"},"content":{"rendered":"<p>                    Par<br \/>\n        <strong><br \/>\n            <a href=\"https:\/\/actu.fr\/auteur\/guillaume-laurens\" title=\"Consulter tous les articles de Guillaume Laurens\" target=\"_blank\" rel=\"noopener\">Guillaume Laurens<\/a><br \/>\n                    <\/strong><\/p>\n<p>        Publi\u00e9 le<\/p>\n<p>            10 janv. 2026 \u00e0 19h37        <\/p>\n<p>Si <a href=\"https:\/\/actu.fr\/societe\/pyrenees-route-d-andorre-et-grands-cols-fermes-quelles-sont-les-conditions-de-circulation-ce-samedi_63681228.html\" target=\"_blank\" rel=\"noopener\">la neige tombe \u00e0 gros flocons dans les Pyr\u00e9n\u00e9es et le pi\u00e9mont<\/a>, il a aussi <strong>beaucoup plu<\/strong> ces derniers jours plus bas dans la r\u00e9gion et le <strong>niveau des cours d\u2019eau<\/strong> est fortement mont\u00e9 en diff\u00e9rents secteurs\u2026 En fin d\u2019apr\u00e8s-midi, ce samedi 10\u00a0janvier 2026, la pr\u00e9fecture a \u00e9mis un<strong> \u00ab\u2009avis de vigilance crues<\/strong> de <strong>niveau<\/strong> <strong>jaune<\/strong> sur le tron\u00e7on <strong>Gimone Save<\/strong> du d\u00e9partement de la Haute-Garonne\u2009\u00bb. <strong>12\u00a0communes<\/strong> situ\u00e9es au nord-ouest de <a href=\"https:\/\/actu.fr\/toulouse\/\" target=\"_blank\" rel=\"noopener\"><strong>Toulouse<\/strong> <\/a>sont concern\u00e9es.<\/p>\n<p>\u00ab\u2009Des hausses de niveaux sont attendues\u2009\u00bb dit la pr\u00e9fecture<\/p>\n<p class=\" wall-content\">\u00ab\u2009En lien avec le passage d\u2019une <strong>nouvelle perturbation<\/strong> et du r\u00e9gime de tra\u00eene associ\u00e9, des hausses de niveaux sont attendues sur les rivi\u00e8res du tron\u00e7on Gimone \u2013 Save\u2009\u00bb, annonce ainsi la pr\u00e9fecture ce samedi, qui confirme que \u00ab\u2009le service de pr\u00e9vision des crues a \u00e9mis un avis de vigilance de niveau jaune\u2009\u00bb sur ce tron\u00e7on.<\/p>\n<p>Quelles sont les communes en alerte en Haute-Garonne\u2009?<\/p>\n<p class=\" wall-content\">Les <strong>12\u00a0communes<\/strong> concern\u00e9es par cette alerte jaune en Haute-Garonne sont toutes situ\u00e9es le long de la <strong>rivi\u00e8re Save<\/strong>. Il s\u2019agit de\u2009:<\/p>\n<ul class=\" wall-content\">\n<li>Daux<\/li>\n<li>Grenade<\/li>\n<li>Larra<\/li>\n<li>Lasserre-Prad\u00e8re<\/li>\n<li>Le Cast\u00e9ra<\/li>\n<li>L\u00e9vignac<\/li>\n<li>Menville<\/li>\n<li>Merville<\/li>\n<li>Montaigut-sur-Save<\/li>\n<li>Ondes<\/li>\n<li>Saint-Paul-sur-Save<\/li>\n<li>Sainte-Livrade<\/li>\n<\/ul>\n<p>Des \u00ab\u2009d\u00e9bordements localis\u00e9s\u2009\u00bb dans le secteur de Gimont\u2009?<\/p>\n<p class=\" wall-content\">\u00ab\u2009Suivant l\u2019intensit\u00e9 des pluies restant \u00e0 venir, des <strong>d\u00e9bordements localis\u00e9s<\/strong> pourraient \u00eatre observ\u00e9s sur la Gimone, dans le <strong>secteur de Gimont<\/strong> (Gers)\u2009\u00bb, pr\u00e9vient en outre la pr\u00e9fecture de la Haute-Garonne.<\/p>\n<p>Vid\u00e9os : en ce moment sur ActuQue signifie la vigilance jaune ?<\/p>\n<p>Comme le rappellent les autorit\u00e9s, \u00ab\u00a0la vigilance jaune repr\u00e9sente un risque de crue g\u00e9n\u00e9ratrice de d\u00e9bordements et de dommages localis\u00e9s ou de mont\u00e9e rapide et dangereuse des eaux n\u00e9cessitant une vigilance particuli\u00e8re notamment dans le cas d&rsquo;activit\u00e9s expos\u00e9es et\/ou saisonni\u00e8res\u00a0\u00bb. La pr\u00e9fecture appelle \u00e0 la vigilance, notamment \u00ab\u00a0si vous vous situez \u00e0 proximit\u00e9 d&rsquo;un cours d&rsquo;eau ou d&rsquo;une zone habituellement inondable\u00a0\u00bb. La prudence est \u00e9galement de mise sur les routes dans le secteur.<\/p>\n<p class=\" wall-content\">Personnalisez votre actualit\u00e9 en ajoutant vos villes et m\u00e9dias en favori avec <a href=\"https:\/\/moncompte.actu.fr\" title=\"D\u00e9couvez Mon Actu\" rel=\"nofollow noopener\" data-trk=\"{&quot;cta&quot;:{&quot;action&quot;:&quot;https:\\\/\\\/moncompte.actu.fr&quot;,&quot;category&quot;:&quot;mon compte&quot;,&quot;from&quot;:&quot;article footer&quot;,&quot;name&quot;:&quot;Mon actu&quot;,&quot;type&quot;:&quot;cta&quot;}}\" target=\"_blank\">Mon Actu<\/a>.<\/p>\n","protected":false},"excerpt":{"rendered":"Par Guillaume Laurens Publi\u00e9 le 10 janv. 2026 \u00e0 19h37 Si la neige tombe \u00e0 gros flocons dans&hellip;\n","protected":false},"author":2,"featured_media":654661,"comment_status":"","ping_status":"","sticky":false,"template":"","format":"standard","meta":{"footnotes":""},"categories":[2816],"tags":[1111,11,1777,674,1011,27,2839,3059,12,2680,25,104,2312],"class_list":{"0":"post-654660","1":"post","2":"type-post","3":"status-publish","4":"format-standard","5":"has-post-thumbnail","7":"category-toulouse","8":"tag-actu","9":"tag-actualites","10":"tag-eu","11":"tag-europe","12":"tag-fr","13":"tag-france","14":"tag-inondations","15":"tag-intemperies","16":"tag-news","17":"tag-occitanie","18":"tag-republique-francaise","19":"tag-societe","20":"tag-toulouse"},"share_on_mastodon":{"url":"https:\/\/pubeurope.com\/@fr\/115872556811446472","error":""},"_links":{"self":[{"href":"https:\/\/www.europesays.com\/fr\/wp-json\/wp\/v2\/posts\/654660","targetHints":{"allow":["GET"]}}],"collection":[{"href":"https:\/\/www.europesays.com\/fr\/wp-json\/wp\/v2\/posts"}],"about":[{"href":"https:\/\/www.europesays.com\/fr\/wp-json\/wp\/v2\/types\/post"}],"author":[{"embeddable":true,"href":"https:\/\/www.europesays.com\/fr\/wp-json\/wp\/v2\/users\/2"}],"replies":[{"embeddable":true,"href":"https:\/\/www.europesays.com\/fr\/wp-json\/wp\/v2\/comments?post=654660"}],"version-history":[{"count":0,"href":"https:\/\/www.europesays.com\/fr\/wp-json\/wp\/v2\/posts\/654660\/revisions"}],"wp:featuredmedia":[{"embeddable":true,"href":"https:\/\/www.europesays.com\/fr\/wp-json\/wp\/v2\/media\/654661"}],"wp:attachment":[{"href":"https:\/\/www.europesays.com\/fr\/wp-json\/wp\/v2\/media?parent=654660"}],"wp:term":[{"taxonomy":"category","embeddable":true,"href":"https:\/\/www.europesays.com\/fr\/wp-json\/wp\/v2\/categories?post=654660"},{"taxonomy":"post_tag","embeddable":true,"href":"https:\/\/www.europesays.com\/fr\/wp-json\/wp\/v2\/tags?post=654660"}],"curies":[{"name":"wp","href":"https:\/\/api.w.org\/{rel}","templated":true}]}}