{"id":654662,"date":"2026-01-10T19:55:10","date_gmt":"2026-01-10T19:55:10","guid":{"rendered":"https:\/\/www.europesays.com\/fr\/654662\/"},"modified":"2026-01-10T19:55:10","modified_gmt":"2026-01-10T19:55:10","slug":"endrick-present-dans-le-groupe-contre-lille","status":"publish","type":"post","link":"https:\/\/www.europesays.com\/fr\/654662\/","title":{"rendered":"Endrick pr\u00e9sent dans le groupe contre Lille"},"content":{"rendered":"<p>Endrick va-t-il faire ses d\u00e9buts avec <a href=\"https:\/\/www.footmercato.net\/club\/ol\/\" target=\"_blank\" rel=\"noopener\">Lyon<\/a> contre Lille, dimanche soir ? Si <a href=\"https:\/\/www.footmercato.net\/entraineur\/paulo-alexandre-rodrigues-fonseca\" target=\"_blank\" rel=\"noopener\">Paulo Fonseca<\/a> est le seul \u00e0 avoir la r\u00e9ponse, le technicien portugais a donn\u00e9 un petit indice \u00e0 cette question, en int\u00e9grant le Br\u00e9silien de 19 ans pour la premi\u00e8re fois dans le groupe lyonnais \u00e0 l\u2019occasion de ce 16e de finale de <a href=\"https:\/\/www.footmercato.net\/france\/coupe-de-france\/\" target=\"_blank\" rel=\"noopener\">Coupe de France<\/a>.<\/p>\n<p>            La suite apr\u00e8s cette publicit\u00e9<\/p>\n<p>In\u00e9ligible face \u00e0 l\u2019AS Monaco en Ligue 1 (1-3, le 3 janvier), le joueur pr\u00eat\u00e9 par le Real Madrid jusqu\u2019\u00e0 l\u2019issue de la saison n\u2019a plus jou\u00e9 la moindre rencontre depuis le 17 d\u00e9cembre dernier en Coupe du Roi, contre Talavera de la Reina. Sous les ordres de Xabi Alonso, il n\u2019a disput\u00e9 que 99 minutes cette saison.<\/p>\n<p>\n    Pub. le 10\/01\/2026 19:35<br \/>\n            &#8211; MAJ le 10\/01\/2026 20:47\n    <\/p>\n","protected":false},"excerpt":{"rendered":"Endrick va-t-il faire ses d\u00e9buts avec Lyon contre Lille, dimanche soir ? Si Paulo Fonseca est le seul&hellip;\n","protected":false},"author":2,"featured_media":654663,"comment_status":"","ping_status":"","sticky":false,"template":"","format":"standard","meta":{"footnotes":""},"categories":[2815],"tags":[1111,11,1777,674,1011,27,811,1307,12,25],"class_list":{"0":"post-654662","1":"post","2":"type-post","3":"status-publish","4":"format-standard","5":"has-post-thumbnail","7":"category-lille","8":"tag-actu","9":"tag-actualites","10":"tag-eu","11":"tag-europe","12":"tag-fr","13":"tag-france","14":"tag-hauts-de-france","15":"tag-lille","16":"tag-news","17":"tag-republique-francaise"},"share_on_mastodon":{"url":"https:\/\/pubeurope.com\/@fr\/115872564722096463","error":""},"_links":{"self":[{"href":"https:\/\/www.europesays.com\/fr\/wp-json\/wp\/v2\/posts\/654662","targetHints":{"allow":["GET"]}}],"collection":[{"href":"https:\/\/www.europesays.com\/fr\/wp-json\/wp\/v2\/posts"}],"about":[{"href":"https:\/\/www.europesays.com\/fr\/wp-json\/wp\/v2\/types\/post"}],"author":[{"embeddable":true,"href":"https:\/\/www.europesays.com\/fr\/wp-json\/wp\/v2\/users\/2"}],"replies":[{"embeddable":true,"href":"https:\/\/www.europesays.com\/fr\/wp-json\/wp\/v2\/comments?post=654662"}],"version-history":[{"count":0,"href":"https:\/\/www.europesays.com\/fr\/wp-json\/wp\/v2\/posts\/654662\/revisions"}],"wp:featuredmedia":[{"embeddable":true,"href":"https:\/\/www.europesays.com\/fr\/wp-json\/wp\/v2\/media\/654663"}],"wp:attachment":[{"href":"https:\/\/www.europesays.com\/fr\/wp-json\/wp\/v2\/media?parent=654662"}],"wp:term":[{"taxonomy":"category","embeddable":true,"href":"https:\/\/www.europesays.com\/fr\/wp-json\/wp\/v2\/categories?post=654662"},{"taxonomy":"post_tag","embeddable":true,"href":"https:\/\/www.europesays.com\/fr\/wp-json\/wp\/v2\/tags?post=654662"}],"curies":[{"name":"wp","href":"https:\/\/api.w.org\/{rel}","templated":true}]}}