{"id":654664,"date":"2026-01-10T19:56:23","date_gmt":"2026-01-10T19:56:23","guid":{"rendered":"https:\/\/www.europesays.com\/fr\/654664\/"},"modified":"2026-01-10T19:56:23","modified_gmt":"2026-01-10T19:56:23","slug":"566-lyceens-de-lacademie-daix-marseille-ont-participe-au-prix-de","status":"publish","type":"post","link":"https:\/\/www.europesays.com\/fr\/654664\/","title":{"rendered":"566 lyc\u00e9ens de l\u2019acad\u00e9mie d\u2019Aix-Marseille ont particip\u00e9 au Prix de (\u2026)"},"content":{"rendered":"<p>                    <img loading=\"lazy\" decoding=\"async\" src=\"https:\/\/www.europesays.com\/fr\/wp-content\/uploads\/2026\/01\/670d97f1ac307c0705bd0f1af40cb5.jpg\" class=\"img-responsive post-image\" width=\"680\" height=\"510\" alt=\"566 lyc\u00e9ens de l'acad\u00e9mie\" title=\"566 lyc\u00e9ens de l'acad\u00e9mie d'Aix-Marseille ont particip\u00e9 au Prix de l'Excellence \u00c9conomique 2025\"\/><\/p>\n<p class=\"chapo\">La Banque de France a organis\u00e9, en partenariat avec le minist\u00e8re de l\u2019\u00c9ducation nationale, Cit\u00e9co et l\u2019IEDOM-IEOM, la cinqui\u00e8me \u00e9dition du Prix de l\u2019Excellence \u00c9conomique, un concours national destin\u00e9 aux \u00e9l\u00e8ves de terminale STMG (Sciences et Technologies du Management et de la Gestion).<\/p>\n<p>Ouvert \u00e0 tous les \u00e9l\u00e8ves volontaires, quel que soit leur niveau, ce concours vise \u00e0 <strong>renforcer l\u2019entra\u00eenement intellectuel <\/strong> des lyc\u00e9ens \u00e0 travers les concepts \u00e9conomiques. L\u2019\u00e9preuve consiste en un devoir \u00e9crit de quatre heures, portant sur le programme d\u2019\u00e9conomie de premi\u00e8re STMG et sur une partie de celui de terminale.<\/p>\n<p> \u00ab\u00a0Le r\u00f4le de l\u2019\u00e9pargne\u00a0\u00bb<\/p>\n<p>Pour l\u2019\u00e9dition 2025, le sujet propos\u00e9 \u00e9tait\u00a0: \u00ab\u00a0Le r\u00f4le de l\u2019\u00e9pargne\u00a0\u00bb. Les \u00e9preuves se sont d\u00e9roul\u00e9es entre le 17 et le 21 novembre 2025.<br class=\"autobr\"\/><br \/>\nDepuis sa cr\u00e9ation en 2021, le Prix de l\u2019Excellence \u00c9conomique conna\u00eet une forte progression. Le nombre de participants est pass\u00e9 de 1 500 lors de la premi\u00e8re \u00e9dition \u00e0 plus de 12 100 inscrits en 2025, sur l\u2019ensemble du territoire, y compris dans les acad\u00e9mies d\u2019outre-mer et les lyc\u00e9es fran\u00e7ais de l\u2019\u00e9tranger.<\/p>\n<p>17 \u00e9tablissements d\u2019Aix-Marseille<\/p>\n<p>Dans l\u2019acad\u00e9mie d\u2019Aix-Marseille, 566 \u00e9l\u00e8ves issus de 17 \u00e9tablissements ont compos\u00e9 le 19 novembre 2025. Les copies ont \u00e9t\u00e9 \u00e9valu\u00e9es par une commission acad\u00e9mique pr\u00e9sid\u00e9e par le rectorat et r\u00e9unissant des repr\u00e9sentants de la Banque de France ainsi que des enseignants d\u2019\u00e9conomie et gestion.<\/p>\n<p>\u00c0 l\u2019issue de cette s\u00e9lection, <strong>trois laur\u00e9ates ont \u00e9t\u00e9 distingu\u00e9es\u00a0:<\/strong><br class=\"autobr\"\/><br \/>\n<strong>1er laur\u00e9at\u00a0: Lou-Anne, lyc\u00e9e Charles P\u00e9guy (Marseille)<br class=\"autobr\"\/><br \/>\n2e laur\u00e9at\u00a0: Alyah, lyc\u00e9e Paul Langevin (Martigues)<br class=\"autobr\"\/><br \/>\n3e laur\u00e9at\u00a0: Stella, lyc\u00e9e P\u00e9rier (Marseille)<\/strong><br class=\"autobr\"\/><br \/>\n<strong>La copie de la premi\u00e8re laur\u00e9ate acad\u00e9mique est qualifi\u00e9e pour la phase nationale. <\/strong><br class=\"autobr\"\/><br \/>\n Une commission nationale, pr\u00e9sid\u00e9e par un inspecteur g\u00e9n\u00e9ral de l\u2019\u00c9ducation, du sport et de la recherche et par la directrice de l\u2019\u00c9ducation financi\u00e8re de la Banque de France, d\u00e9signera les trois laur\u00e9ats nationaux \u00e0 la fin du mois de janvier 2026. La remise des prix est pr\u00e9vue \u00e0 Paris, fin mars 2026, lors de la Semaine de l\u2019\u00e9ducation financi\u00e8re, au si\u00e8ge de la Banque de France.<\/p>\n<p><strong>Les trois laur\u00e9ats acad\u00e9miques et nationaux recevront un certificat mentionnant leur rang. <\/strong> Une attestation de participation sera adress\u00e9e \u00e0 l\u2019ensemble des candidats. Les laur\u00e9ats acad\u00e9miques b\u00e9n\u00e9ficieront \u00e9galement d\u2019entr\u00e9es \u00e0 Cit\u00e9co et d\u2019un bon cadeau, tandis que les laur\u00e9ats nationaux recevront un bon cadeau suppl\u00e9mentaire. Ces distinctions pourront \u00eatre valoris\u00e9es dans les dossiers de poursuite d\u2019\u00e9tudes post-bac, notamment sur Parcoursup.<br class=\"autobr\"\/><br \/>\n\u00c0 travers ce concours, la Banque de France r\u00e9affirme son engagement en faveur de la valorisation de l\u2019enseignement de l\u2019\u00e9conomie en s\u00e9rie STMG et de l\u2019\u00e9ducation financi\u00e8re des jeunes.<\/p>\n<p>Photo de Une \u00a9Banque de France<\/p>\n","protected":false},"excerpt":{"rendered":"La Banque de France a organis\u00e9, en partenariat avec le minist\u00e8re de l\u2019\u00c9ducation nationale, Cit\u00e9co et l\u2019IEDOM-IEOM, la&hellip;\n","protected":false},"author":2,"featured_media":654665,"comment_status":"","ping_status":"","sticky":false,"template":"","format":"standard","meta":{"footnotes":""},"categories":[2814],"tags":[1111,11,2408,1777,674,1011,27,884,12,882,25],"class_list":{"0":"post-654664","1":"post","2":"type-post","3":"status-publish","4":"format-standard","5":"has-post-thumbnail","7":"category-marseille","8":"tag-actu","9":"tag-actualites","10":"tag-appels-d","11":"tag-eu","12":"tag-europe","13":"tag-fr","14":"tag-france","15":"tag-marseille","16":"tag-news","17":"tag-provence-alpes-cote-dazur","18":"tag-republique-francaise"},"share_on_mastodon":{"url":"https:\/\/pubeurope.com\/@fr\/115872568721533046","error":""},"_links":{"self":[{"href":"https:\/\/www.europesays.com\/fr\/wp-json\/wp\/v2\/posts\/654664","targetHints":{"allow":["GET"]}}],"collection":[{"href":"https:\/\/www.europesays.com\/fr\/wp-json\/wp\/v2\/posts"}],"about":[{"href":"https:\/\/www.europesays.com\/fr\/wp-json\/wp\/v2\/types\/post"}],"author":[{"embeddable":true,"href":"https:\/\/www.europesays.com\/fr\/wp-json\/wp\/v2\/users\/2"}],"replies":[{"embeddable":true,"href":"https:\/\/www.europesays.com\/fr\/wp-json\/wp\/v2\/comments?post=654664"}],"version-history":[{"count":0,"href":"https:\/\/www.europesays.com\/fr\/wp-json\/wp\/v2\/posts\/654664\/revisions"}],"wp:featuredmedia":[{"embeddable":true,"href":"https:\/\/www.europesays.com\/fr\/wp-json\/wp\/v2\/media\/654665"}],"wp:attachment":[{"href":"https:\/\/www.europesays.com\/fr\/wp-json\/wp\/v2\/media?parent=654664"}],"wp:term":[{"taxonomy":"category","embeddable":true,"href":"https:\/\/www.europesays.com\/fr\/wp-json\/wp\/v2\/categories?post=654664"},{"taxonomy":"post_tag","embeddable":true,"href":"https:\/\/www.europesays.com\/fr\/wp-json\/wp\/v2\/tags?post=654664"}],"curies":[{"name":"wp","href":"https:\/\/api.w.org\/{rel}","templated":true}]}}