{"id":654668,"date":"2026-01-10T19:58:16","date_gmt":"2026-01-10T19:58:16","guid":{"rendered":"https:\/\/www.europesays.com\/fr\/654668\/"},"modified":"2026-01-10T19:58:16","modified_gmt":"2026-01-10T19:58:16","slug":"en-10-ans-le-president-de-lassociation-aura-detourne-plus-de-11-000-euros","status":"publish","type":"post","link":"https:\/\/www.europesays.com\/fr\/654668\/","title":{"rendered":"en 10 ans, le pr\u00e9sident de l&rsquo;association aura d\u00e9tourn\u00e9 plus de 11 000 euros"},"content":{"rendered":"<p itemprop=\"description\"><strong>Entre 2012 et 2023, le pr\u00e9sident d&rsquo;une association de Saint-Georges-de-Reneins a effectu\u00e9 de nombreux retraits d&rsquo;esp\u00e8ces pour son propre compte.<\/strong><\/p>\n<p>Le pot-aux-roses a \u00e9t\u00e9 d\u00e9couvert lorsque le septuag\u00e9naire a quitt\u00e9 son poste.<\/p>\n<p>A l&rsquo;issue de l&rsquo;enqu\u00eate qui a d\u00e9termin\u00e9 que 11 500 euros avaient ainsi \u00e9t\u00e9 d\u00e9tourn\u00e9s, il a \u00e9t\u00e9 convoqu\u00e9 pour s&rsquo;expliquer devant le tribunal correctionnel de Villefranche-sur-Sa\u00f4ne il y a quelques jours.<\/p>\n<p>Face aux juges caladois, le pr\u00e9venu a expliqu\u00e9 avoir trouv\u00e9 l\u00e9gitime de prendre cet argent, lui qui s&rsquo;investissait \u00e9norm\u00e9ment tout en \u00e9tant b\u00e9n\u00e9vole.<\/p>\n<p>Le parquet a requis 18 mois de prison avec sursis. Une peine ramen\u00e9e \u00e0 1 an de prison avec sursis et une in\u00e9ligibilit\u00e9 de 5 ans. Le septuag\u00e9naire a \u00e9galement l&rsquo;interdiction d&rsquo;int\u00e9grer le bureau d&rsquo;une nouvelle association.<\/p>\n","protected":false},"excerpt":{"rendered":"Entre 2012 et 2023, le pr\u00e9sident d&rsquo;une association de Saint-Georges-de-Reneins a effectu\u00e9 de nombreux retraits d&rsquo;esp\u00e8ces pour son&hellip;\n","protected":false},"author":2,"featured_media":654669,"comment_status":"","ping_status":"","sticky":false,"template":"","format":"standard","meta":{"footnotes":""},"categories":[1889],"tags":[1111,11,2813,2190,2430,1109,251,1112,2811,1777,674,118,1011,27,1922,1110,1114,2428,2810,12,241,316,25,2812,517,800],"class_list":{"0":"post-654668","1":"post","2":"type-post","3":"status-publish","4":"format-standard","5":"has-post-thumbnail","7":"category-lyon","8":"tag-actu","9":"tag-actualites","10":"tag-article","11":"tag-asvel","12":"tag-auvergne-rhone-alpes","13":"tag-breves","14":"tag-culture","15":"tag-depeches","16":"tag-economique","17":"tag-eu","18":"tag-europe","19":"tag-faits-divers","20":"tag-fr","21":"tag-france","22":"tag-info","23":"tag-informations","24":"tag-infos","25":"tag-lyon","26":"tag-lyonmag","27":"tag-news","28":"tag-ol","29":"tag-politique","30":"tag-republique-francaise","31":"tag-sociale","32":"tag-sport","33":"tag-transports"},"share_on_mastodon":{"url":"https:\/\/pubeurope.com\/@fr\/115872576565173205","error":""},"_links":{"self":[{"href":"https:\/\/www.europesays.com\/fr\/wp-json\/wp\/v2\/posts\/654668","targetHints":{"allow":["GET"]}}],"collection":[{"href":"https:\/\/www.europesays.com\/fr\/wp-json\/wp\/v2\/posts"}],"about":[{"href":"https:\/\/www.europesays.com\/fr\/wp-json\/wp\/v2\/types\/post"}],"author":[{"embeddable":true,"href":"https:\/\/www.europesays.com\/fr\/wp-json\/wp\/v2\/users\/2"}],"replies":[{"embeddable":true,"href":"https:\/\/www.europesays.com\/fr\/wp-json\/wp\/v2\/comments?post=654668"}],"version-history":[{"count":0,"href":"https:\/\/www.europesays.com\/fr\/wp-json\/wp\/v2\/posts\/654668\/revisions"}],"wp:featuredmedia":[{"embeddable":true,"href":"https:\/\/www.europesays.com\/fr\/wp-json\/wp\/v2\/media\/654669"}],"wp:attachment":[{"href":"https:\/\/www.europesays.com\/fr\/wp-json\/wp\/v2\/media?parent=654668"}],"wp:term":[{"taxonomy":"category","embeddable":true,"href":"https:\/\/www.europesays.com\/fr\/wp-json\/wp\/v2\/categories?post=654668"},{"taxonomy":"post_tag","embeddable":true,"href":"https:\/\/www.europesays.com\/fr\/wp-json\/wp\/v2\/tags?post=654668"}],"curies":[{"name":"wp","href":"https:\/\/api.w.org\/{rel}","templated":true}]}}