{"id":654670,"date":"2026-01-10T19:59:11","date_gmt":"2026-01-10T19:59:11","guid":{"rendered":"https:\/\/www.europesays.com\/fr\/654670\/"},"modified":"2026-01-10T19:59:11","modified_gmt":"2026-01-10T19:59:11","slug":"lyon-previsions-meteo-du-samedi-10-janvier-2026","status":"publish","type":"post","link":"https:\/\/www.europesays.com\/fr\/654670\/","title":{"rendered":"Lyon : pr\u00e9visions m\u00e9t\u00e9o du samedi 10 janvier 2026"},"content":{"rendered":"<p>\u00c0 Lyon, le samedi 10 janvier 2026, la journ\u00e9e reste tr\u00e8s nuageuse avec des temp\u00e9ratures fra\u00eeches autour de 3 \u00e0 6 \u00b0C. Le vent, mod\u00e9r\u00e9 en journ\u00e9e, renforcera l\u00e9g\u00e8rement la sensation de froid malgr\u00e9 un faible risque de pluie.<\/p>\n<p>    Alerte en cours<\/p>\n<p>\n    Le d\u00e9partement du Rh\u00f4ne est plac\u00e9 aujourd\u2019hui en vigilance <b>Jaune Neige \/ Verglas<\/b>. Les ph\u00e9nom\u00e8nes attendus restent habituels pour la r\u00e9gion, mais peuvent rendre certains axes glissants, notamment dans les Monts du Lyonnais et sur les hauteurs du plateau de la Croix-Rousse.\n<\/p>\n<p>\n    Les services de voirie proc\u00e8dent d\u00e9j\u00e0 au salage des principales chauss\u00e9es. Il est conseill\u00e9 d\u2019anticiper ses d\u00e9placements, de r\u00e9duire sa vitesse et de pr\u00e9voir des distances de freinage plus longues. Les pi\u00e9tons sont invit\u00e9s \u00e0 redoubler de prudence sur les trottoirs humides, susceptibles de geler localement.\n<\/p>\n<p>N\u2019h\u00e9sitez pas \u00e0 consulter notre <a href=\"https:\/\/www.meteocity.com\/france\/alertes\" target=\"_blank\" rel=\"noopener\">page d\u00e9di\u00e9e aux alertes m\u00e9t\u00e9orologiques<\/a>.<\/p>\n<p>Matin : fra\u00eecheur sous un ciel tr\u00e8s nuageux<\/p>\n<p>\n    Le soleil se l\u00e8ve \u00e0 08 h 19. \u00c0 09 h, le ciel demeure tr\u00e8s nuageux. La temp\u00e9rature affiche <b>3 \u00b0C<\/b>, avec un ressenti proche de 0 \u00b0C sous un vent d\u2019ouest-nord-ouest soufflant \u00e0 11 km\/h.\n<\/p>\n<p>\n    L\u2019humidit\u00e9 atteint 78 %, accentuant la sensation de froid. La pression atmosph\u00e9rique se maintient \u00e0 1 014 hPa. Le risque de pluie reste faible (5 %). Malgr\u00e9 cela, mieux vaut garder un parapluie pliable \u00e0 port\u00e9e de main si vous partez pour la journ\u00e9e.\n<\/p>\n<p>Apr\u00e8s-midi : grisaille tenace et vent sensible<\/p>\n<p>\n    \u00c0 la pause d\u00e9jeuner, la couverture nuageuse persiste. Le thermom\u00e8tre monte doucement jusqu\u2019\u00e0 <b>6 \u00b0C<\/b>, pour un ressenti de 2 \u00b0C. Le vent s\u2019oriente au nord-ouest et se renforce autour de 19 km\/h.\n<\/p>\n<p>\n    L\u2019air s\u2019ass\u00e8che l\u00e9g\u00e8rement avec une humidit\u00e9 de 62 %. Le risque d\u2019ond\u00e9e reste limit\u00e9 (15 %), sans accumulation significative attendue. Les valeurs restent conformes aux normales d\u2019un mois de janvier \u00e0 Lyon.\n<\/p>\n<ul>\n<li>Visibilit\u00e9 correcte pour les d\u00e9placements.<\/li>\n<li>Aucune rafale dangereuse signal\u00e9e.<\/li>\n<li>Id\u00e9al pour une pause gourmande \u00e0 l\u2019abri dans un bouchon lyonnais !<\/li>\n<\/ul>\n<p>Soir : atmosph\u00e8re calme avant le coucher du soleil<\/p>\n<p>\n    Le soleil se couche \u00e0 17 h 16, sans grande flamboyance en l\u2019absence de trou\u00e9es. \u00c0 21 h, le ciel reste tr\u00e8s nuageux et il fait <b>3 \u00b0C<\/b>. Le ressenti demeure proche de 0 \u00b0C, car le vent tombe \u00e0 4 km\/h de secteur nord.\n<\/p>\n<p>\n    L\u2019humidit\u00e9 remonte \u00e0 74 %, accentuant la fra\u00eecheur en ville. Une mince couche de givre pourrait se d\u00e9poser sur les carrosseries durant la nuit : pensez \u00e0 couvrir les pare-brise.\n<\/p>\n<p>Tendance g\u00e9n\u00e9rale pour demain<\/p>\n<p>\n    La grisaille s\u2019installe : les mod\u00e8les annoncent un ciel tr\u00e8s nuageux dimanche 11 janvier, avec des temp\u00e9ratures comprises entre <b>0 \u00b0C<\/b> \u00e0 l\u2019aube et <b>3 \u00b0C<\/b> l\u2019apr\u00e8s-midi. Le ressenti restera n\u00e9gatif par moments.\n<\/p>\n<p>\n    Le vent devrait rester faible (8 km\/h) de nord-nord-ouest, tandis que la probabilit\u00e9 de pr\u00e9cipitations sera mod\u00e9r\u00e9e (6 %). Une hygrom\u00e9trie de 80 % entretiendra un froid humide, propice \u00e0 la formation de plaques glissantes au lever du jour.\n<\/p>\n<p>\n    Pour planifier vos balades entre Rh\u00f4ne et Sa\u00f4ne, retrouvez les pr\u00e9visions d\u00e9taill\u00e9es jusqu\u2019\u00e0 quinze jours et nos id\u00e9es de visites sur <a href=\"https:\/\/www.meteocity.com\/france\/lyon-v2996944\/tourisme\" target=\"_blank\" rel=\"noopener\">notre page tourisme<\/a>.\n<\/p>\n<p>\n    On surveillera l\u2019\u00e9volution de la vigilance Neige \/ Verglas : si le flux bascule au nord, quelques flocons pourraient se m\u00ealer \u00e0 la bruine en milieu de semaine. Restez connect\u00e9s, nous vous tiendrons inform\u00e9s.<\/p>\n","protected":false},"excerpt":{"rendered":"\u00c0 Lyon, le samedi 10 janvier 2026, la journ\u00e9e reste tr\u00e8s nuageuse avec des temp\u00e9ratures fra\u00eeches autour de&hellip;\n","protected":false},"author":2,"featured_media":654671,"comment_status":"","ping_status":"","sticky":false,"template":"","format":"standard","meta":{"footnotes":""},"categories":[1889],"tags":[1111,11,2430,1777,674,1011,27,2428,12,25],"class_list":{"0":"post-654670","1":"post","2":"type-post","3":"status-publish","4":"format-standard","5":"has-post-thumbnail","7":"category-lyon","8":"tag-actu","9":"tag-actualites","10":"tag-auvergne-rhone-alpes","11":"tag-eu","12":"tag-europe","13":"tag-fr","14":"tag-france","15":"tag-lyon","16":"tag-news","17":"tag-republique-francaise"},"share_on_mastodon":{"url":"https:\/\/pubeurope.com\/@fr\/115872580373326847","error":""},"_links":{"self":[{"href":"https:\/\/www.europesays.com\/fr\/wp-json\/wp\/v2\/posts\/654670","targetHints":{"allow":["GET"]}}],"collection":[{"href":"https:\/\/www.europesays.com\/fr\/wp-json\/wp\/v2\/posts"}],"about":[{"href":"https:\/\/www.europesays.com\/fr\/wp-json\/wp\/v2\/types\/post"}],"author":[{"embeddable":true,"href":"https:\/\/www.europesays.com\/fr\/wp-json\/wp\/v2\/users\/2"}],"replies":[{"embeddable":true,"href":"https:\/\/www.europesays.com\/fr\/wp-json\/wp\/v2\/comments?post=654670"}],"version-history":[{"count":0,"href":"https:\/\/www.europesays.com\/fr\/wp-json\/wp\/v2\/posts\/654670\/revisions"}],"wp:featuredmedia":[{"embeddable":true,"href":"https:\/\/www.europesays.com\/fr\/wp-json\/wp\/v2\/media\/654671"}],"wp:attachment":[{"href":"https:\/\/www.europesays.com\/fr\/wp-json\/wp\/v2\/media?parent=654670"}],"wp:term":[{"taxonomy":"category","embeddable":true,"href":"https:\/\/www.europesays.com\/fr\/wp-json\/wp\/v2\/categories?post=654670"},{"taxonomy":"post_tag","embeddable":true,"href":"https:\/\/www.europesays.com\/fr\/wp-json\/wp\/v2\/tags?post=654670"}],"curies":[{"name":"wp","href":"https:\/\/api.w.org\/{rel}","templated":true}]}}