{"id":654676,"date":"2026-01-10T20:03:12","date_gmt":"2026-01-10T20:03:12","guid":{"rendered":"https:\/\/www.europesays.com\/fr\/654676\/"},"modified":"2026-01-10T20:03:12","modified_gmt":"2026-01-10T20:03:12","slug":"mal-embarque-le-stade-francais-finit-par-renverser-exeter","status":"publish","type":"post","link":"https:\/\/www.europesays.com\/fr\/654676\/","title":{"rendered":"mal embarqu\u00e9, le Stade Fran\u00e7ais finit par renverser Exeter"},"content":{"rendered":"<p>\n    Men\u00e9s \u00e0 la pause, les Parisiens ont r\u00e9alis\u00e9 un deuxi\u00e8me acte plein pour s\u2019imposer face aux Chiefs anglais (27-25), ce samedi, dans la petite Coupe d\u2019Europe.<\/p>\n<p class=\"fig-paragraph\">Des Parisiens renversants. Le\u00a0<a href=\"http:\/\/www.lefigaro.fr\/sports\/rugby\/top-14\/top-14-en-video-les-plus-beaux-essais-du-duel-epique-entre-bayonne-et-le-stade-francais-20251227\" data-fig-type=\"NewsFlash\" data-gtm-custom-categorie=\"navigation\" data-gtm-custom-action=\"crossclick\" data-gtm-custom-label=\"Contextuel\" data-gtm-event=\"customEventSPE\" data-fig-domain=\"LEFIGARO\" target=\"_blank\" rel=\"noopener\">Stade Fran\u00e7ais<\/a>\u00a0a su inverser la tendance dans un match mal embarqu\u00e9 face \u00e0\u00a0<a href=\"http:\/\/www.lefigaro.fr\/sports\/rugby\/coupe-d-europe\/rugby-challenge-cup-le-racing-92-avec-sa-jeune-garde-arrache-in-extremis-le-nul-contre-exeter-video-20251214\" data-fig-type=\"NewsFlash\" data-gtm-custom-categorie=\"navigation\" data-gtm-custom-action=\"crossclick\" data-gtm-custom-label=\"Contextuel\" data-gtm-event=\"customEventSPE\" data-fig-domain=\"LEFIGARO\" target=\"_blank\" rel=\"noopener\">Exeter<\/a>\u00a0(27-25), ce samedi \u00e0 Jean-Bouin, \u00e0 l\u2019occasion de la 3e journ\u00e9e de la Champions Cup. Les Soldats Roses \u00e9taient men\u00e9s 17-0 \u00e0 la pause, avec notamment un doubl\u00e9 de Sio, mais ils se sont r\u00e9veill\u00e9s au retour des vestiaires en inscrivant quatre essais. Paris signe un troisi\u00e8me succ\u00e8s bonifi\u00e9 dans la Petite Coupe d\u2019Europe et s\u2019installe en t\u00eate de la poule 3. Sc\u00e8ne cocasse, le coup d\u2019envoi de la rencontre a \u00e9t\u00e9 retard\u00e9 de 5 minutes, \u00e0 cause d\u2019un bruit strident qui a retenti sur les enceintes de Jean-Bouin au moment de l\u2019entr\u00e9e des joueurs.<\/p>\n<p class=\"fig-paragraph\">Dans le m\u00eame temps,\u00a0<a href=\"http:\/\/www.lefigaro.fr\/sports\/rugby\/top-14\/perpignan-toulouse-la-furia-catalane-a-tout-renverse-le-patron-velarte-l-irregularite-des-rouge-et-noir-les-tops-et-flops-20260103\" data-fig-type=\"NewsFlash\" data-gtm-custom-categorie=\"navigation\" data-gtm-custom-action=\"crossclick\" data-gtm-custom-label=\"Contextuel\" data-gtm-event=\"customEventSPE\" data-fig-domain=\"LEFIGARO\" target=\"_blank\" rel=\"noopener\">Perpignan<\/a>\u00a0s\u2019est inclin\u00e9 sur la pelouse de Newcastle (26-19), dans un duel d\u2019\u00e9quipes mal class\u00e9es dans leur championnat. Lanterne rouge du Top 14, Montauban s\u2019est inclin\u00e9 \u00e0 Sapiac face \u00e0 la franchise g\u00e9orgienne du Black Lion (28-31).<\/p>\n","protected":false},"excerpt":{"rendered":"Men\u00e9s \u00e0 la pause, les Parisiens ont r\u00e9alis\u00e9 un deuxi\u00e8me acte plein pour s\u2019imposer face aux Chiefs anglais&hellip;\n","protected":false},"author":2,"featured_media":654677,"comment_status":"","ping_status":"","sticky":false,"template":"","format":"standard","meta":{"footnotes":""},"categories":[1888],"tags":[1111,1928,11,1927,1777,674,1011,27,19054,12,1926,626,1925,25,2558,20265],"class_list":{"0":"post-654676","1":"post","2":"type-post","3":"status-publish","4":"format-standard","5":"has-post-thumbnail","7":"category-paris","8":"tag-actu","9":"tag-actu-paris","10":"tag-actualites","11":"tag-actualites-paris","12":"tag-eu","13":"tag-europe","14":"tag-fr","15":"tag-france","16":"tag-montauban","17":"tag-news","18":"tag-news-paris","19":"tag-paris","20":"tag-paris-news","21":"tag-republique-francaise","22":"tag-stade-francais","23":"tag-usa-perpignan"},"share_on_mastodon":{"url":"https:\/\/pubeurope.com\/@fr\/115872597256913326","error":""},"_links":{"self":[{"href":"https:\/\/www.europesays.com\/fr\/wp-json\/wp\/v2\/posts\/654676","targetHints":{"allow":["GET"]}}],"collection":[{"href":"https:\/\/www.europesays.com\/fr\/wp-json\/wp\/v2\/posts"}],"about":[{"href":"https:\/\/www.europesays.com\/fr\/wp-json\/wp\/v2\/types\/post"}],"author":[{"embeddable":true,"href":"https:\/\/www.europesays.com\/fr\/wp-json\/wp\/v2\/users\/2"}],"replies":[{"embeddable":true,"href":"https:\/\/www.europesays.com\/fr\/wp-json\/wp\/v2\/comments?post=654676"}],"version-history":[{"count":0,"href":"https:\/\/www.europesays.com\/fr\/wp-json\/wp\/v2\/posts\/654676\/revisions"}],"wp:featuredmedia":[{"embeddable":true,"href":"https:\/\/www.europesays.com\/fr\/wp-json\/wp\/v2\/media\/654677"}],"wp:attachment":[{"href":"https:\/\/www.europesays.com\/fr\/wp-json\/wp\/v2\/media?parent=654676"}],"wp:term":[{"taxonomy":"category","embeddable":true,"href":"https:\/\/www.europesays.com\/fr\/wp-json\/wp\/v2\/categories?post=654676"},{"taxonomy":"post_tag","embeddable":true,"href":"https:\/\/www.europesays.com\/fr\/wp-json\/wp\/v2\/tags?post=654676"}],"curies":[{"name":"wp","href":"https:\/\/api.w.org\/{rel}","templated":true}]}}