{"id":654678,"date":"2026-01-10T20:04:11","date_gmt":"2026-01-10T20:04:11","guid":{"rendered":"https:\/\/www.europesays.com\/fr\/654678\/"},"modified":"2026-01-10T20:04:11","modified_gmt":"2026-01-10T20:04:11","slug":"un-sondage-donne-la-gauche-sans-lfi-legerement-devant-rachida-dati-au-1er-tour","status":"publish","type":"post","link":"https:\/\/www.europesays.com\/fr\/654678\/","title":{"rendered":"Un sondage donne la gauche sans LFI l\u00e9g\u00e8rement devant Rachida Dati au 1er tour"},"content":{"rendered":"<p>La course \u00e0 la <a href=\"https:\/\/www.20minutes.fr\/dossier\/mairie_de_paris\" class=\"c-link c-link--is-underlined\" target=\"_blank\" rel=\"noopener\">Mairie de Paris<\/a> s\u2019annonce serr\u00e9e. Selon un sondage* <a href=\"https:\/\/www.20minutes.fr\/dossier\/ifop\" class=\"c-link c-link--is-underlined\" target=\"_blank\" rel=\"noopener\">Ifop <\/a>pour L\u2019Opinion et Sud Radio paru ce samedi, la liste d\u2019union de la gauche men\u00e9e par le socialiste Emmanuel Gr\u00e9goire, sans <a href=\"https:\/\/www.20minutes.fr\/politique\/france-insoumise\/\" class=\"c-link c-link--is-underlined\" target=\"_blank\" rel=\"noopener\">LFI<\/a>, arriverait l\u00e9g\u00e8rement en t\u00eate du premier tour des municipales dans la capitale, devant la candidate de droite <a href=\"https:\/\/www.20minutes.fr\/politique\/rachida_dati\" class=\"c-link c-link--is-underlined\" target=\"_blank\" rel=\"noopener\">Rachida Dati<\/a>.<\/p>\n<\/p>\n<p>Quatre candidats sont en capacit\u00e9 de se maintenir au second tour, avec Pierre-Yves Bournazel, candidat <a href=\"https:\/\/www.20minutes.fr\/horizons\/\" class=\"c-link c-link--is-underlined\" target=\"_blank\" rel=\"noopener\">Horizons <\/a>soutenu par <a href=\"https:\/\/www.20minutes.fr\/politique\/renaissance\/\" class=\"c-link c-link--is-underlined\" target=\"_blank\" rel=\"noopener\">Renaissance<\/a>, en troisi\u00e8me position, devant l\u2019Insoumise <a href=\"https:\/\/www.20minutes.fr\/dossier\/sophia-chikirou\" class=\"c-link c-link--is-underlined\" target=\"_blank\" rel=\"noopener\">Sophia Chikirou<\/a>, selon cette enqu\u00eate parue \u00e0 quelques semaines du scrutin des 15 et 22\u00a0mars.<\/p>\n<p>Un \u00e9cart faible situ\u00e9 dans la marge d\u2019erreur<\/p>\n<p>La gauche rassembl\u00e9e derri\u00e8re Emmanuel Gr\u00e9goire (<a href=\"https:\/\/www.20minutes.fr\/politique\/ps\/\" class=\"c-link c-link--is-underlined\" target=\"_blank\" rel=\"noopener\">socialistes<\/a>, <a href=\"https:\/\/www.20minutes.fr\/politique\/eelv\/\" class=\"c-link c-link--is-underlined\" target=\"_blank\" rel=\"noopener\">\u00e9cologistes<\/a>, <a href=\"https:\/\/www.20minutes.fr\/politique\/pcf\/\" class=\"c-link c-link--is-underlined\" target=\"_blank\" rel=\"noopener\">communistes <\/a>et ex-Insoumis de L\u2019Apr\u00e8s) recueille 30\u00a0% des intentions de vote, en baisse de trois points par rapport au pr\u00e9c\u00e9dent sondage Ifop r\u00e9alis\u00e9 en novembre. Celui-ci cumulait les scores des listes s\u00e9par\u00e9es d\u2019Emmanuel Gr\u00e9goire et du chef de file des \u00e9cologistes <a href=\"https:\/\/www.20minutes.fr\/politique\/david-belliard\/\" class=\"c-link c-link--is-underlined\" target=\"_blank\" rel=\"noopener\">David Belliard<\/a>, avant que ces derniers annoncent un accord in\u00e9dit d\u2019union d\u00e8s le premier tour.<\/p>\n<p>\u00ab\u00a0Je porte la seule liste d\u00e9sormais capable de battre Rachida Dati et ses amis d\u2019<a href=\"https:\/\/www.20minutes.fr\/dossier\/extreme_droite\" class=\"c-link c-link--is-underlined\" target=\"_blank\" rel=\"noopener\">extr\u00eame droite<\/a>\u00a0\u00bb, s\u2019est f\u00e9licit\u00e9 Emmanuel Gr\u00e9goire sur X. Rachida Dati, candidate des <a href=\"https:\/\/www.20minutes.fr\/politique\/lr\/\" class=\"c-link c-link--is-underlined\" target=\"_blank\" rel=\"noopener\">R\u00e9publicains<\/a>, du <a href=\"https:\/\/www.20minutes.fr\/dossier\/modem\" class=\"c-link c-link--is-underlined\" target=\"_blank\" rel=\"noopener\">Modem <\/a>et l\u2019<a href=\"https:\/\/www.20minutes.fr\/politique\/udi\/\" class=\"c-link c-link--is-underlined\" target=\"_blank\" rel=\"noopener\">UDI<\/a>, est cr\u00e9dit\u00e9e de 28\u00a0% des intentions de vote, en hausse de deux points depuis ce m\u00eame sondage. \u00ab\u00a0La dynamique est r\u00e9elle, sur le terrain comme dans les sondages\u00a0\u00bb, a r\u00e9agi sur X la ministre de la Culture et maire du 7e\u00a0arrondissement. L\u2019\u00e9cart entre Emmanuel Gr\u00e9goire et Rachida Dati reste cependant dans la marge d\u2019erreur, souligne l\u2019Ifop.<\/p>\n<p>LFI \u00e0 10\u00a0%, l\u2019extr\u00eame droite entre 7 et 8\u00a0%<\/p>\n<p>Donn\u00e9 \u00e0 16\u00a0%, Pierre-Yves Bournazel, candidat d\u2019Horizons et du parti de <a href=\"https:\/\/www.20minutes.fr\/politique\/gabriel-attal\/\" class=\"c-link c-link--is-underlined\" target=\"_blank\" rel=\"noopener\">Gabriel Attal<\/a>, progresse de 2 points, montrant selon son \u00e9quipe de campagne qu\u2019il est \u00ab\u00a0le mieux plac\u00e9 et potentiellement le candidat le plus rassembleur\u00a0\u00bb.<\/p>\n<p>La liste LFI de Sophia Chikirou atteindrait les 10\u00a0%, seuil minimal pour se qualifier au second tour, en baisse de 2 points par rapport \u00e0 la pr\u00e9c\u00e9dente enqu\u00eate r\u00e9alis\u00e9e avant que l\u2019Insoumise se lance dans la course \u00e0 la succession d\u2019<a href=\"https:\/\/www.20minutes.fr\/dossier\/anne_hidalgo\" class=\"c-link c-link--is-underlined\" target=\"_blank\" rel=\"noopener\">Anne Hidalgo<\/a>.<\/p>\n<p><a href=\"https:\/\/www.20minutes.fr\/municipales\/\" class=\"c-link c-btn c-btn--primary\" target=\"_blank\" rel=\"noopener\">Notre dossier sur les \u00e9lections municipales \u00e0 venir<\/a><\/p>\n<p>A l\u2019extr\u00eame droite, Sarah Knafo, qui a officialis\u00e9 cette semaine sa candidature pour le parti d\u2019<a href=\"https:\/\/www.20minutes.fr\/dossier\/eric_zemmour\" class=\"c-link c-link--is-underlined\" target=\"_blank\" rel=\"noopener\">Eric Zemmour<\/a> Reconqu\u00eate, obtiendrait 8\u00a0% des voix, et son concurrent du <a href=\"https:\/\/www.20minutes.fr\/politique\/rassemblement-national\/\" class=\"c-link c-link--is-underlined\" target=\"_blank\" rel=\"noopener\">RN <\/a>Thierry Mariani 7\u00a0%.<\/p>\n<p>*Sondage r\u00e9alis\u00e9 en ligne du 5 au 9\u00a0janvier aupr\u00e8s d\u2019un \u00e9chantillon de 983 personnes repr\u00e9sentatif de la population parisienne inscrite sur les listes \u00e9lectorales<\/p>\n","protected":false},"excerpt":{"rendered":"La course \u00e0 la Mairie de Paris s\u2019annonce serr\u00e9e. Selon un sondage* Ifop pour L\u2019Opinion et Sud Radio&hellip;\n","protected":false},"author":2,"featured_media":654679,"comment_status":"","ping_status":"","sticky":false,"template":"","format":"standard","meta":{"footnotes":""},"categories":[1888],"tags":[11,2761,1777,674,1011,27,27859,662,1023,12,626,4484,316,417,1306,25,13947],"class_list":{"0":"post-654678","1":"post","2":"type-post","3":"status-publish","4":"format-standard","5":"has-post-thumbnail","7":"category-paris","8":"tag-actualites","9":"tag-elections-municipales-2026","10":"tag-eu","11":"tag-europe","12":"tag-fr","13":"tag-france","14":"tag-ifop","15":"tag-ile-de-france","16":"tag-la-france-insoumise-lfi","17":"tag-news","18":"tag-paris","19":"tag-parti-socialiste-ps","20":"tag-politique","21":"tag-rachida-dati","22":"tag-regions","23":"tag-republique-francaise","24":"tag-sondage"},"share_on_mastodon":{"url":"https:\/\/pubeurope.com\/@fr\/115872600048427093","error":""},"_links":{"self":[{"href":"https:\/\/www.europesays.com\/fr\/wp-json\/wp\/v2\/posts\/654678","targetHints":{"allow":["GET"]}}],"collection":[{"href":"https:\/\/www.europesays.com\/fr\/wp-json\/wp\/v2\/posts"}],"about":[{"href":"https:\/\/www.europesays.com\/fr\/wp-json\/wp\/v2\/types\/post"}],"author":[{"embeddable":true,"href":"https:\/\/www.europesays.com\/fr\/wp-json\/wp\/v2\/users\/2"}],"replies":[{"embeddable":true,"href":"https:\/\/www.europesays.com\/fr\/wp-json\/wp\/v2\/comments?post=654678"}],"version-history":[{"count":0,"href":"https:\/\/www.europesays.com\/fr\/wp-json\/wp\/v2\/posts\/654678\/revisions"}],"wp:featuredmedia":[{"embeddable":true,"href":"https:\/\/www.europesays.com\/fr\/wp-json\/wp\/v2\/media\/654679"}],"wp:attachment":[{"href":"https:\/\/www.europesays.com\/fr\/wp-json\/wp\/v2\/media?parent=654678"}],"wp:term":[{"taxonomy":"category","embeddable":true,"href":"https:\/\/www.europesays.com\/fr\/wp-json\/wp\/v2\/categories?post=654678"},{"taxonomy":"post_tag","embeddable":true,"href":"https:\/\/www.europesays.com\/fr\/wp-json\/wp\/v2\/tags?post=654678"}],"curies":[{"name":"wp","href":"https:\/\/api.w.org\/{rel}","templated":true}]}}