{"id":65468,"date":"2025-04-30T22:44:08","date_gmt":"2025-04-30T22:44:08","guid":{"rendered":"https:\/\/www.europesays.com\/fr\/65468\/"},"modified":"2025-04-30T22:44:08","modified_gmt":"2025-04-30T22:44:08","slug":"psg-large-turnover-a-prevoir-contre-strasbourg","status":"publish","type":"post","link":"https:\/\/www.europesays.com\/fr\/65468\/","title":{"rendered":"PSG \u2013 Large turnover \u00e0 pr\u00e9voir contre Strasbourg ? &#8211;"},"content":{"rendered":"<p><img width=\"700\" height=\"350\" src=\"https:\/\/www.europesays.com\/fr\/wp-content\/uploads\/2025\/04\/Luis-Enrique-3.jpg\" class=\"attachment-jannah-image-post size-jannah-image-post wp-post-image\" alt=\"Luis enrique\" is_main_img=\"1\" decoding=\"async\" fetchpriority=\"high\"  \/><br \/>\n Image :<br \/>\npsg.fr<\/p>\n<p>Entre ses deux demi-finales de Ligue des champions, le PSG<br \/>\ndoit affronter Strasbourg en Ligue 1. Pour cette rencontre, Luis<br \/>\nEnrique devrait faire largement tourner.<\/p>\n<p>Samedi apr\u00e8s-midi (17 heures, DAZN), le<br \/>\n<strong>PSG<\/strong> se d\u00e9place sur la pelouse de la<br \/>\n<strong>Maineau<\/strong> pour d\u00e9fier <strong>Strasbourg<\/strong><br \/>\npour le compte de la 32e journ\u00e9e de <strong>Ligue 1<\/strong>. Cette<br \/>\nrencontre, plac\u00e9e entre les deux demi-finales de la <strong>Ligue<br \/>\ndes champions<\/strong> contre <strong>Arsenal<\/strong>, devrait<br \/>\ninciter <strong>Luis Enrique<\/strong> \u00e0 faire tourner son effectif,<br \/>\nle PSG \u00e9tant d\u00e9j\u00e0 sacr\u00e9 champion de France. Comme le rapporte<br \/>\n<a href=\"https:\/\/www.leparisien.fr\/sports\/football\/ligue-1\/psg-sans-dembele-une-equipe-largement-remaniee-a-strasbourg-ce-week-end-30-04-2025-YMYGXXFCWVEHRAPYWDH32HJLWU.php\" target=\"_blank\" rel=\"noopener\" title=\"\">Le Parisien<\/a>, le<br \/>\ncoach parisien devrait titulariser <strong>Matvey Safonov<\/strong><br \/>\ndans les buts. En d\u00e9fense, <strong><a href=\"https:\/\/canal-supporters.com\/quand-lucas-beraldo-etait-dans-les-tribunes-du-parc-cinq-ans-avant-sa-signature-au-psg\/\" title=\"\" target=\"_blank\" rel=\"noopener\">Lucas Beraldo<\/a><\/strong>, <strong>Lucas<br \/>\nHernandez<\/strong> et <strong>Warren Za\u00efre-Emery<\/strong>, sans<br \/>\ndoute en lat\u00e9ral hybride, ont de bonnes chances de d\u00e9marrer la<br \/>\nrencontre.<\/p>\n<p>A voir aussi : <a href=\"https:\/\/canal-supporters.com\/de-tres-nombreux-joueurs-du-psg-nommes-aux-trophees-unfp\/\" title=\"\" target=\"_blank\" rel=\"noopener\">De tr\u00e8s nombreux joueurs du PSG nomm\u00e9s aux Troph\u00e9es<br \/>\nUNFP<\/a><\/p>\n<p><a href=\"https:\/\/x.com\/CanalSupporters\" target=\"_blank\" rel=\"noopener\" title=\"\">canalsupporters.com<\/a><\/p>\n<p>Gon\u00e7alo Ramos<br \/>\ntitulaire en pointe ?<\/p>\n<p>En fonction des \u00e9v\u00e9nements, <strong><a href=\"https:\/\/canal-supporters.com\/psg-un-bien-triste-record-pour-presnel-kimpembe-en-ligue-1\/\" title=\"\" target=\"_blank\" rel=\"noopener\">Presnel Kimpembe<\/a><\/strong> peut<br \/>\n<strong>\u00e9galement<\/strong> avoir sa chance. M\u00eame chose pour<br \/>\n<strong>Kang-in Lee<\/strong> et <strong>Senny Mayulu<\/strong> au<br \/>\nmilieu, indique le quotidien francilien. \u00ab\u00a0<strong>Gon\u00e7alo<br \/>\nRamos<\/strong> d\u00e9butera en pointe avec <strong>Bradley<br \/>\nBarcola<\/strong> pour dynamiter l\u2019un des deux c\u00f4t\u00e9s. Le jeune<br \/>\n<strong><a href=\"https:\/\/canal-supporters.com\/mbaye-heureux-apres-sa-premiere-titularisation-au-parc-des-princes\/\" title=\"\" target=\"_blank\" rel=\"noopener\">Ibrahim Mbaye<\/a><\/strong>, int\u00e9ressant face au<br \/>\n<strong>Havre<\/strong> au <strong>Parc des Princes<\/strong>,<br \/>\nm\u00e9riterait d\u2019\u00eatre revu.\u00a0\u00bb Il faudra simplement trouver le<br \/>\nbon dosage pour \u00e9viter une boulimie de changements susceptibles de<br \/>\nperturber l\u2019\u00e9quipe qui, en plus de cela, va affronter un adversaire<br \/>\ntoujours en course pour l\u2019<strong>Europe<\/strong>, conclut Le<br \/>\nParisien.<\/p><\/p>\n","protected":false},"excerpt":{"rendered":"Image : psg.fr Entre ses deux demi-finales de Ligue des champions, le PSG doit affronter Strasbourg en Ligue&hellip;\n","protected":false},"author":2,"featured_media":65469,"comment_status":"","ping_status":"","sticky":false,"template":"","format":"standard","meta":{"footnotes":""},"categories":[1410],"tags":[11166,81,787,4479,63,1011,27,66,1611,921,626,91,92,93,11174,11175,60,11176,16516,96],"class_list":{"0":"post-65468","1":"post","2":"type-post","3":"status-publish","4":"format-standard","5":"has-post-thumbnail","7":"category-football","8":"tag-32e-journee","9":"tag-canal-supporters","10":"tag-cs","11":"tag-enrique","12":"tag-football","13":"tag-fr","14":"tag-france","15":"tag-ligue-1","16":"tag-ligue-1-macdonalds","17":"tag-luis-enrique","18":"tag-paris","19":"tag-paris-saint-germain","20":"tag-paris-sg","21":"tag-psg","22":"tag-rcsa-psg","23":"tag-rcsapsg","24":"tag-sports","25":"tag-strasbourg-psg","26":"tag-turn-over","27":"tag-une"},"share_on_mastodon":{"url":"https:\/\/pubeurope.com\/@fr\/114429340143953257","error":""},"_links":{"self":[{"href":"https:\/\/www.europesays.com\/fr\/wp-json\/wp\/v2\/posts\/65468","targetHints":{"allow":["GET"]}}],"collection":[{"href":"https:\/\/www.europesays.com\/fr\/wp-json\/wp\/v2\/posts"}],"about":[{"href":"https:\/\/www.europesays.com\/fr\/wp-json\/wp\/v2\/types\/post"}],"author":[{"embeddable":true,"href":"https:\/\/www.europesays.com\/fr\/wp-json\/wp\/v2\/users\/2"}],"replies":[{"embeddable":true,"href":"https:\/\/www.europesays.com\/fr\/wp-json\/wp\/v2\/comments?post=65468"}],"version-history":[{"count":0,"href":"https:\/\/www.europesays.com\/fr\/wp-json\/wp\/v2\/posts\/65468\/revisions"}],"wp:featuredmedia":[{"embeddable":true,"href":"https:\/\/www.europesays.com\/fr\/wp-json\/wp\/v2\/media\/65469"}],"wp:attachment":[{"href":"https:\/\/www.europesays.com\/fr\/wp-json\/wp\/v2\/media?parent=65468"}],"wp:term":[{"taxonomy":"category","embeddable":true,"href":"https:\/\/www.europesays.com\/fr\/wp-json\/wp\/v2\/categories?post=65468"},{"taxonomy":"post_tag","embeddable":true,"href":"https:\/\/www.europesays.com\/fr\/wp-json\/wp\/v2\/tags?post=65468"}],"curies":[{"name":"wp","href":"https:\/\/api.w.org\/{rel}","templated":true}]}}