{"id":654688,"date":"2026-01-10T20:09:12","date_gmt":"2026-01-10T20:09:12","guid":{"rendered":"https:\/\/www.europesays.com\/fr\/654688\/"},"modified":"2026-01-10T20:09:12","modified_gmt":"2026-01-10T20:09:12","slug":"le-drapeau-de-la-republique-islamique-diran-brievement-remplace-par-un-drapeau-de-la-monarchie-iranienne-a-londres","status":"publish","type":"post","link":"https:\/\/www.europesays.com\/fr\/654688\/","title":{"rendered":"le drapeau de la R\u00e9publique islamique d\u2019Iran bri\u00e8vement remplac\u00e9 par un drapeau de la monarchie iranienne \u00e0 Londres"},"content":{"rendered":"<p>\n    Des centaines de manifestants se sont rassembl\u00e9s ce samedi 10 janvier dans la capitale du Royaume-Uni pour soutenir le mouvement de contestation en cours en Iran.<\/p>\n<p class=\"fig-paragraph\">Le drapeau de la R\u00e9publique islamique d\u2019Iran a bri\u00e8vement \u00e9t\u00e9 remplac\u00e9 par un drapeau de l\u2019ancien r\u00e9gime monarchique au fronton de l\u2019ambassade iranienne \u00e0 Londres par un manifestant samedi 10 janvier lors d\u2019un rassemblement de plusieurs centaines de personnes en soutien au\u00a0<a href=\"http:\/\/www.lefigaro.fr\/international\/mort-a-khamenei-longue-vie-au-chah-en-iran-la-vague-de-manifestations-se-repand-et-prend-une-tournure-politique-20260102\" data-fig-type=\"Article\" data-gtm-custom-categorie=\"navigation\" data-gtm-custom-action=\"crossclick\" data-gtm-custom-label=\"Contextuel\" data-gtm-event=\"customEventSPE\" data-fig-domain=\"LEFIGARO\" target=\"_blank\" rel=\"noopener\">mouvement en cours dans le pays<\/a>, ont indiqu\u00e9 des t\u00e9moins \u00e0 l\u2019AFP.<\/p>\n<p class=\"fig-paragraph\">Une vid\u00e9o diffus\u00e9e sur les r\u00e9seaux sociaux montre un homme sur le balcon du b\u00e2timent, situ\u00e9 pr\u00e8s de Hyde Park dans le centre de la capitale, retirer le drapeau de la\u00a0<a href=\"http:\/\/www.lefigaro.fr\/international\/c-est-une-revolution-de-sa-capitale-aux-provinces-reculees-la-colere-submerge-l-iran-20260109\" data-fig-type=\"Article\" data-gtm-custom-categorie=\"navigation\" data-gtm-custom-action=\"crossclick\" data-gtm-custom-label=\"Contextuel\" data-gtm-event=\"customEventSPE\" data-fig-domain=\"LEFIGARO\" target=\"_blank\" rel=\"noopener\">R\u00e9publique islamique<\/a>\u00a0sous les hourras et le remplacer par un drapeau orn\u00e9 d\u2019un lion et d\u2019un soleil, symboles de la monarchie. L\u2019ancien drapeau est rest\u00e9 en place pendant plusieurs minutes avant d\u2019\u00eatre enlev\u00e9, ont indiqu\u00e9 plusieurs t\u00e9moins \u00e0 une journaliste de l\u2019AFP sur place.<\/p>\n<p class=\"fig-body-link\">\n            \u00c0 lire aussi<br \/>\n        <a class=\"fig-body-link__link fig-premium-mark\" href=\"http:\/\/www.lefigaro.fr\/international\/je-n-ai-pas-peur-je-suis-morte-depuis-47-ans-en-iran-la-contestation-contre-les-mollahs-s-etend-a-travers-tout-le-pays-20260108\" data-fig-type=\"Article\" data-gtm-custom-categorie=\"navigation\" data-gtm-custom-action=\"crossclick\" data-gtm-custom-label=\"Contextuel\" data-gtm-event=\"customEventSPE\" data-fig-domain=\"LEFIGARO\" target=\"_blank\" rel=\"noopener\"><\/p>\n<p>        \u00ab\u00a0Je n\u2019ai pas peur, je suis morte depuis 47\u00a0ans\u00a0!\u00a0\u00bb\u00a0: en Iran, la contestation contre les mollahs s\u2019\u00e9tend \u00e0 travers tout le pays<br \/>\n    <\/a>\n<\/p>\n<p>                                            <a class=\"fig-a11y-skip\" href=\"#fig-a11y-skip-main-inarticle\" data-module=\"a11y-skip\" data-context=\"was @visible\"><br \/>\n    Passer la publicit\u00e9<br \/>\n<\/a>            <\/p>\n<p>                                            Une personne est toujours recherch\u00e9e<\/p>\n<p class=\"fig-paragraph\">La police de Londres a indiqu\u00e9 sur X que des agents \u00e9taient sur place apr\u00e8s qu\u2019un manifestant \u00aba grimp\u00e9 sur le balcon du b\u00e2timent\u00bb et a plus tard pr\u00e9cis\u00e9 qu\u2019elle avait arr\u00eat\u00e9 deux personnes, \u00abl\u2019une pour intrusion aggrav\u00e9e et agression d\u2019un agent des forces de l\u2019ordre, l\u2019autre pour intrusion aggrav\u00e9e\u00bb. Une autre personne est toujours recherch\u00e9e, a-t-elle ajout\u00e9.<\/p>\n<p class=\"fig-paragraph\">\u00abD\u00e9mocratie pour l\u2019Iran, roi Reza Pahlavi (l\u2019ancien prince h\u00e9ritier, figure de l\u2019opposition en exil). Justice pour l\u2019Iran\u00bb ont chant\u00e9 les manifestants lors du rassemblement en brandissant des drapeaux de l\u2019ancienne monarchie iranienne, renvers\u00e9e par la r\u00e9volution islamique de 1979. Certains agitaient \u00e9galement des pancartes sur lesquelles \u00e9tait \u00e9crit \u00abIran libre\u00bb.<\/p>\n<p>                                            \u00abLa R\u00e9publique islamique est en plein chaos\u00bb<\/p>\n<p class=\"fig-paragraph\">\u00abJe suis ici pour soutenir les Iraniens. Mes proches en Iran manifestent depuis deux semaines aujourd\u2019hui. Internet est coup\u00e9. Je crois que cela fait trois jours que nous n\u2019avons aucun contact avec qui que ce soit\u00bb, a t\u00e9moign\u00e9 aupr\u00e8s de l\u2019AFP Taraneh, productrice de 33 ans, habitant Londres depuis 5 ans. \u00abMais, vous savez, les gens sont toujours dans la rue. Ils sont attaqu\u00e9s. La R\u00e9publique islamique est en plein chaos. Ils assassinent des gens\u00bb, a-t-elle insist\u00e9, ajoutant vouloir \u00abla fin de ce r\u00e9gime\u00bb.<\/p>\n<p class=\"fig-paragraph\">L\u2019Iran conna\u00eet depuis le 28 d\u00e9cembre une\u00a0<a href=\"http:\/\/www.lefigaro.fr\/international\/en-images-les-repressions-des-manifestations-qui-secouent-l-iran-20260106\" data-fig-type=\"NewsFlash\" data-gtm-custom-categorie=\"navigation\" data-gtm-custom-action=\"crossclick\" data-gtm-custom-label=\"Contextuel\" data-gtm-event=\"customEventSPE\" data-fig-domain=\"LEFIGARO\" target=\"_blank\" rel=\"noopener\">contestation populaire in\u00e9dite<\/a>\u00a0initialement li\u00e9e au co\u00fbt de la vie, et qui s\u2019est propag\u00e9e \u00e0 travers le pays. Au moins 51 personnes, dont neuf enfants, ont \u00e9t\u00e9 tu\u00e9es et des centaines d\u2019autres bless\u00e9es, selon un bilan communiqu\u00e9 vendredi 9 janvier par l\u2019organisation Iran Human Rights, bas\u00e9e en Norv\u00e8ge.<\/p>\n<p class=\"fig-paragraph\">Les\u00a0autorit\u00e9s iraniennes\u00a0<a href=\"http:\/\/www.lefigaro.fr\/international\/manifestations-en-iran-coupure-d-internet-a-l-echelle-nationale-d-apres-une-ong-20260108\" data-fig-type=\"NewsFlash\" data-gtm-custom-categorie=\"navigation\" data-gtm-custom-action=\"crossclick\" data-gtm-custom-label=\"Contextuel\" data-gtm-event=\"customEventSPE\" data-fig-domain=\"LEFIGARO\" target=\"_blank\" rel=\"noopener\">ont coup\u00e9 l\u2019acc\u00e8s \u00e0 internet<\/a>\u00a0depuis plus de 36 heures, selon l\u2019ONG de surveillance de la cybers\u00e9curit\u00e9 Netblocks. Vendredi, le premier ministre britannique Keir Starmer a condamn\u00e9 le \u00abmeurtre de manifestants\u00bb et appel\u00e9 les autorit\u00e9s iraniennes \u00e0 la \u00abretenue\u00bb, dans une d\u00e9claration conjointe avec le pr\u00e9sident fran\u00e7ais Emmanuel Macron et le chancelier allemand Friedrich Merz.<\/p>\n","protected":false},"excerpt":{"rendered":"Des centaines de manifestants se sont rassembl\u00e9s ce samedi 10 janvier dans la capitale du Royaume-Uni pour soutenir&hellip;\n","protected":false},"author":2,"featured_media":654689,"comment_status":"","ping_status":"","sticky":false,"template":"","format":"standard","meta":{"footnotes":""},"categories":[1588],"tags":[11,12159,1777,674,3019,4534,12,473,1853,1851,1850,1852],"class_list":{"0":"post-654688","1":"post","2":"type-post","3":"status-publish","4":"format-standard","5":"has-post-thumbnail","7":"category-royaume-uni","8":"tag-actualites","9":"tag-drapeau","10":"tag-eu","11":"tag-europe","12":"tag-iran","13":"tag-londres","14":"tag-news","15":"tag-royaume-uni","16":"tag-royaume-uni-de-grande-bretagne-et-dirlande-du-nord","17":"tag-uk","18":"tag-united-kingdom","19":"tag-united-kingdom-of-great-britain-and-northern-ireland"},"share_on_mastodon":{"url":"https:\/\/pubeurope.com\/@fr\/115872619785970984","error":""},"_links":{"self":[{"href":"https:\/\/www.europesays.com\/fr\/wp-json\/wp\/v2\/posts\/654688","targetHints":{"allow":["GET"]}}],"collection":[{"href":"https:\/\/www.europesays.com\/fr\/wp-json\/wp\/v2\/posts"}],"about":[{"href":"https:\/\/www.europesays.com\/fr\/wp-json\/wp\/v2\/types\/post"}],"author":[{"embeddable":true,"href":"https:\/\/www.europesays.com\/fr\/wp-json\/wp\/v2\/users\/2"}],"replies":[{"embeddable":true,"href":"https:\/\/www.europesays.com\/fr\/wp-json\/wp\/v2\/comments?post=654688"}],"version-history":[{"count":0,"href":"https:\/\/www.europesays.com\/fr\/wp-json\/wp\/v2\/posts\/654688\/revisions"}],"wp:featuredmedia":[{"embeddable":true,"href":"https:\/\/www.europesays.com\/fr\/wp-json\/wp\/v2\/media\/654689"}],"wp:attachment":[{"href":"https:\/\/www.europesays.com\/fr\/wp-json\/wp\/v2\/media?parent=654688"}],"wp:term":[{"taxonomy":"category","embeddable":true,"href":"https:\/\/www.europesays.com\/fr\/wp-json\/wp\/v2\/categories?post=654688"},{"taxonomy":"post_tag","embeddable":true,"href":"https:\/\/www.europesays.com\/fr\/wp-json\/wp\/v2\/tags?post=654688"}],"curies":[{"name":"wp","href":"https:\/\/api.w.org\/{rel}","templated":true}]}}