{"id":654690,"date":"2026-01-10T20:10:16","date_gmt":"2026-01-10T20:10:16","guid":{"rendered":"https:\/\/www.europesays.com\/fr\/654690\/"},"modified":"2026-01-10T20:10:16","modified_gmt":"2026-01-10T20:10:16","slug":"coupe-du-monde-de-biathlon-les-francaises-remportent-le-relais-a-oberhof-en-allemagne","status":"publish","type":"post","link":"https:\/\/www.europesays.com\/fr\/654690\/","title":{"rendered":"Coupe du monde de biathlon\u00a0: les Fran\u00e7aises remportent le relais \u00e0 Oberhof en Allemagne"},"content":{"rendered":"<p>L&rsquo;\u00e9quipe de France f\u00e9minine de biathlon a remport\u00e9 ce samedi le relais \u00e0 Oberhof en Allemagne, \u00e9preuve comptant pour la Coupe du monde de biathlon. C&rsquo;est la deuxi\u00e8me victoire de la saison en relais pour les Bleues, un mois avant le d\u00e9but des JO d&rsquo;hiver \u00e0 Milan-Cortina.<\/p>\n<p>Une nouvelle victoire pour les Fran\u00e7aises en Coupe du monde de biathlon. Les Bleues\u00a0Lou Jeanmonnot, Oc\u00e9ane Michelon, Justine Braisaz-Bouchet et Julia Simon ont remport\u00e9 samedi le relais (4&#215;6 km) \u00e0 Oberhof (Allemagne), \u00e0 un mois des JO 2026 \u00e0 Milan-Cortina.<\/p>\n<p>C&rsquo;est la <a class=\"IciLink ici-link IciArticleLink g-ici-body-regular-1 underline brand svelte-1chfe2s\" href=\"https:\/\/www.francebleu.fr\/sports\/hiver-ski-biathlon\/les-bleues-gagnent-le-premier-relais-de-la-saison-de-coupe-du-monde-de-biathlon-en-suede-8438402\" target=\"_blank\" rel=\"noopener\">deuxi\u00e8me victoire du relais f\u00e9minin<\/a>\u00a0fran\u00e7ais cette saison apr\u00e8s \u00d6stersund pour la toute premi\u00e8re course de l&rsquo;hiver, mais dans une composition diff\u00e9rente. Doubles championnes du monde en titre, les Fran\u00e7aises viseront l&rsquo;or olympique en relais \u00e0 Anterselva dans un mois (le 18 f\u00e9vrier).<\/p>\n<p>A Oberhof, les Fran\u00e7aises ont largement devanc\u00e9 la Norv\u00e8ge, 2e \u00e0 pr\u00e8s d&rsquo;une minute, et l&rsquo;Allemagne, 3e \u00e0 une minute et demie.\u00a0Leader de cette \u00e9quipe de France, la Franc-Comtoise Lou Jeanmonnot, en t\u00eate de la Coupe du monde, a rapidement dynamit\u00e9 la course et a pass\u00e9 le relais \u00e0 Oc\u00e9ane Michelon avec une petite dizaine de secondes d&rsquo;avance sur la Norv\u00e8ge.<\/p>\n<p>La deuxi\u00e8me relayeuse des Bleues a creus\u00e9 un \u00e9cart d&rsquo;une trentaine de secondes au moment de passer le relais \u00e0 Justine Braisaz-Bouchet. \u00ab\u00a0JBB\u00a0\u00bb s&rsquo;est ensuite alors montr\u00e9e imp\u00e9riale derri\u00e8re la carabine, tant sur le tir couch\u00e9 que debout, pour offrir un dernier relais de 6 kilom\u00e8tres \u00e0 Julia Simon avec une minute et demie d&rsquo;avance sur la concurrence. Julia Simon a termin\u00e9 le travail avec deux pioches sur le tir couch\u00e9. Elle a eu le temps de s&#8217;emparer d&rsquo;un drapeau fran\u00e7ais pour franchir la ligne d&rsquo;arriv\u00e9e, avant de c\u00e9l\u00e9brer avec ses \u00e9quipi\u00e8res.<\/p>\n<p>\u00c0 lire aussi   <img decoding=\"async\" src=\"https:\/\/www.europesays.com\/fr\/wp-content\/uploads\/2026\/01\/1768075816_866_400x400.jpeg\" alt=\"\" style=\"--_image-preview:url('data:image\/jpeg;base64,\/9j\/2wBDACgcHiMeGSgjISMtKygwPGRBPDc3PHtYXUlkkYCZlo+AjIqgtObDoKrarYqMyP\/L2u71\/\/\/\/m8H\/\/\/\/6\/+b9\/\/j\/2wBDASstLTw1PHZBQXb4pYyl+Pj4+Pj4+Pj4+Pj4+Pj4+Pj4+Pj4+Pj4+Pj4+Pj4+Pj4+Pj4+Pj4+Pj4+Pj4+Pj4+Pj\/wAARCAAXACoDASIAAhEBAxEB\/8QAGAABAQEBAQAAAAAAAAAAAAAAAAECAwT\/xAAYEAEBAQEBAAAAAAAAAAAAAAAAEgERAv\/EABYBAQEBAAAAAAAAAAAAAAAAAAIBA\/\/EABYRAQEBAAAAAAAAAAAAAAAAAAABEf\/aAAwDAQACEQMRAD8A70Uzw4Q6tM7q8TcQnP0xx13ykoT0SSBMySQRYkkAhP\/Z');\" loading=\"lazy\" fetchpriority=\"low\" aria-hidden=\"true\" class=\"svelte-1cksh76 rounded\" onload=\"this.__e=event\" onerror=\"this.__e=event\"\/><\/p>\n","protected":false},"excerpt":{"rendered":"L&rsquo;\u00e9quipe de France f\u00e9minine de biathlon a remport\u00e9 ce samedi le relais \u00e0 Oberhof en Allemagne, \u00e9preuve comptant&hellip;\n","protected":false},"author":2,"featured_media":654691,"comment_status":"","ping_status":"","sticky":false,"template":"","format":"standard","meta":{"footnotes":""},"categories":[1587],"tags":[11,672,1804,1805,1803,1777,674,1801,12,1802],"class_list":{"0":"post-654690","1":"post","2":"type-post","3":"status-publish","4":"format-standard","5":"has-post-thumbnail","7":"category-allemagne","8":"tag-actualites","9":"tag-allemagne","10":"tag-bundesrepublik-deutschland","11":"tag-de","12":"tag-deutschland","13":"tag-eu","14":"tag-europe","15":"tag-germany","16":"tag-news","17":"tag-republique-federale-dallemagne"},"share_on_mastodon":{"url":"https:\/\/pubeurope.com\/@fr\/115872623817760456","error":""},"_links":{"self":[{"href":"https:\/\/www.europesays.com\/fr\/wp-json\/wp\/v2\/posts\/654690","targetHints":{"allow":["GET"]}}],"collection":[{"href":"https:\/\/www.europesays.com\/fr\/wp-json\/wp\/v2\/posts"}],"about":[{"href":"https:\/\/www.europesays.com\/fr\/wp-json\/wp\/v2\/types\/post"}],"author":[{"embeddable":true,"href":"https:\/\/www.europesays.com\/fr\/wp-json\/wp\/v2\/users\/2"}],"replies":[{"embeddable":true,"href":"https:\/\/www.europesays.com\/fr\/wp-json\/wp\/v2\/comments?post=654690"}],"version-history":[{"count":0,"href":"https:\/\/www.europesays.com\/fr\/wp-json\/wp\/v2\/posts\/654690\/revisions"}],"wp:featuredmedia":[{"embeddable":true,"href":"https:\/\/www.europesays.com\/fr\/wp-json\/wp\/v2\/media\/654691"}],"wp:attachment":[{"href":"https:\/\/www.europesays.com\/fr\/wp-json\/wp\/v2\/media?parent=654690"}],"wp:term":[{"taxonomy":"category","embeddable":true,"href":"https:\/\/www.europesays.com\/fr\/wp-json\/wp\/v2\/categories?post=654690"},{"taxonomy":"post_tag","embeddable":true,"href":"https:\/\/www.europesays.com\/fr\/wp-json\/wp\/v2\/tags?post=654690"}],"curies":[{"name":"wp","href":"https:\/\/api.w.org\/{rel}","templated":true}]}}