{"id":654694,"date":"2026-01-10T20:12:12","date_gmt":"2026-01-10T20:12:12","guid":{"rendered":"https:\/\/www.europesays.com\/fr\/654694\/"},"modified":"2026-01-10T20:12:12","modified_gmt":"2026-01-10T20:12:12","slug":"les-jeunes-agriculteurs-du-calvados-en-colere-cest-notre-avenir-que-nous-defendons","status":"publish","type":"post","link":"https:\/\/www.europesays.com\/fr\/654694\/","title":{"rendered":"les Jeunes agriculteurs du Calvados en col\u00e8re, \u00a0\u00bb C&rsquo;est notre avenir que nous d\u00e9fendons\u00a0\u00ab\u00a0"},"content":{"rendered":"<p>                    Par<br \/>\n        <strong><br \/>\n            <a href=\"https:\/\/actu.fr\/auteur\/francois-lefebvre\" title=\"Consulter tous les articles de Fran\u00e7ois Lefebvre\" target=\"_blank\" rel=\"noopener\">Fran\u00e7ois Lefebvre<\/a><br \/>\n                    <\/strong><\/p>\n<p>        Publi\u00e9 le<\/p>\n<p>            10 janv. 2026 \u00e0 18h08        <\/p>\n<p>Les Jeunes agriculteurs ont manifest\u00e9 sur le pont de Normandie, pr\u00e8s de <a href=\"https:\/\/actu.fr\/normandie\/honfleur_14333\" target=\"_blank\" rel=\"noopener\">Honfleur<\/a> (Calvados), ce samedi 10\u00a0janvier 2026, avant de <a href=\"https:\/\/actu.fr\/normandie\/honfleur_14333\/mobilisation-des-agriculteurs-le-pont-de-normandie-etait-une-diversion-le-port-du-havre-etait-la-vraie-cible_63681644.html\" target=\"_blank\" rel=\"noopener\">rallier le port du\u00a0Havre pour le bloquer<\/a>.<\/p>\n<p class=\" wall-content\">Dans les rangs des Jeunes agriculteurs de la r\u00e9gion de Honfleur ont rejoint la mobilisation \u00e0 l\u2019image de Cl\u00e9ment Gr\u00e9goire (18 ans), habitant d\u2019\u00c9quemauville. Ce dernier est en premi\u00e8re CGEA (Conduite et gestion d\u2019une exploitation agricole) \u00e0 Blangy-le-Ch\u00e2teau. Son fr\u00e8re Romain, salari\u00e9 agricole est lui aussi \u00ab\u2009sur le pont\u2009\u00bb. De m\u00eame que Robin Heutte de Fort-Moville, \u00e9galement en 1re CGEA. \u00ab\u2009C\u2019est notre avenir que nous d\u00e9fendons ici\u2009\u00bb, r\u00e9sument les trois Normands, d\u00e9courag\u00e9s par l\u2019approbation de l\u2019accord de libre-\u00e9change de l\u2019Union europ\u00e9enne avec le Mercosur ce jeudi 9 janvier 2026, malgr\u00e9 l\u2019opposition de la France.<\/p>\n<p>    <img   decoding=\"async\" loading=\"lazy\" class=\"size-large\" src=\"https:\/\/www.europesays.com\/fr\/wp-content\/uploads\/2026\/01\/8d2cafef52696713cafef5269453cav-1-960x640.jpg\" alt=\"Romain Lejumel et Elodie Soligny, qui ont repris la ferme familiale \u00e0 Fiquefleur Equainville (27).\" width=\"960\" height=\"640\"\/><br \/>\n    Romain Lejumel et \u00c9lodie Soligny, qui ont repris la ferme familiale \u00e0 Fiquefleur-\u00c9quainville (27). \u00a9Fran\u00e7ois Lefebvre<\/p>\n<p class=\" wall-content\">\u00ab\u2009Il faut \u00e0 tout prix se faire entendre et obtenir quelque chose\u2009\u00bb, mart\u00e8lent de leur c\u00f4t\u00e9 Romain Lejumel (24\u00a0ans) et \u00c9lodie Soligny (23\u00a0ans), tous deux \u00e9leveurs de 35 vaches et 40 brebis \u00e0 Fiquefleur-\u00c9quainville (Eure).<\/p>\n<blockquote class=\"ac-article-quote wall-content\">\n<p>Le probl\u00e8me, c\u2019est que les pays d\u2019Am\u00e9rique-du-Sud utilisent des produits qu\u2019on nous interdit ici en Europe<\/p>\n<p>Romain Lejumel, \u00e9leveur<\/p><\/blockquote>\n<p>    <img   decoding=\"async\" loading=\"lazy\" class=\"size-large\" src=\"https:\/\/www.europesays.com\/fr\/wp-content\/uploads\/2026\/01\/69345ece526966d345ece526921445v-1-960x640.jpg\" alt=\"C\u00f4me De Wever, c\u00e9r\u00e9alier au Neubourg (27).\" width=\"960\" height=\"640\"\/><br \/>\n    C\u00f4me De Wever, c\u00e9r\u00e9alier et sur le plateau du Neubourg (27). \u00a9Fran\u00e7ois Lefebvre\u00ab\u2009\u00c9c\u0153ur\u00e9 par l\u2019hypocrisie\u2009\u00bb<\/p>\n<p class=\" wall-content\">De son c\u00f4t\u00e9, C\u00f4me De Wever (25\u00a0ans), c\u00e9r\u00e9alier au Neubourg (Eure) est lui aussi \u00ab\u2009\u00e9c\u0153ur\u00e9 par l\u2019hypocrisie\u2009\u00bb.<\/p>\n<p>Votre r\u00e9gion, votre actu !<\/p>\n<p>Recevez chaque jour les infos qui comptent pour vous.<\/p>\n<p>\t<a href=\"https:\/\/actu.fr\/newsletter\" class=\"ac-btn ac-btn--corner ac-btn--medium ac-btn--blue800\" target=\"_blank\" rel=\"noopener\">S&rsquo;incrire<\/a><\/p>\n<blockquote class=\"ac-article-quote wall-content\">\n<p>Au Br\u00e9sil, ils d\u00e9forestent pour cultiver et \u00e7a ne g\u00eane personne\u2009? Et nous, nous croulons sous les normes\u2009! On nous prend vraiment pour des imb\u00e9ciles. Il y a deux ans, on nous a fait de belles promesses sur des ballots de paille\u2026 Pour en arriver l\u00e0.<\/p>\n<p>C\u00f4me De Wever, c\u00e9r\u00e9alier<\/p><\/blockquote>\n<p class=\" wall-content\">\u00ab\u2009Et en plus au sein du Mercosur, il faut savoir que les contr\u00f4les se font en fonction de la bonne volont\u00e9 des autorit\u00e9s\u2009\u00bb, abonde Alban Br\u00e9hon de Falaise, secr\u00e9taire g\u00e9n\u00e9ral des Jeunes agriculteurs du Calvados.<\/p>\n<p class=\" wall-content\">Personnalisez votre actualit\u00e9 en ajoutant vos villes et m\u00e9dias en favori avec <a href=\"https:\/\/moncompte.actu.fr\" title=\"D\u00e9couvez Mon Actu\" rel=\"nofollow noopener\" data-trk=\"{&quot;cta&quot;:{&quot;action&quot;:&quot;https:\\\/\\\/moncompte.actu.fr&quot;,&quot;category&quot;:&quot;mon compte&quot;,&quot;from&quot;:&quot;article footer&quot;,&quot;name&quot;:&quot;Mon actu&quot;,&quot;type&quot;:&quot;cta&quot;}}\" target=\"_blank\">Mon Actu<\/a>.<\/p>\n","protected":false},"excerpt":{"rendered":"Par Fran\u00e7ois Lefebvre Publi\u00e9 le 10 janv. 2026 \u00e0 18h08 Les Jeunes agriculteurs ont manifest\u00e9 sur le pont&hellip;\n","protected":false},"author":2,"featured_media":654695,"comment_status":"","ping_status":"","sticky":false,"template":"","format":"standard","meta":{"footnotes":""},"categories":[1586],"tags":[11,327,5164,1777,674,1779,1011,27,12,75761,25,104,1778,364],"class_list":{"0":"post-654694","1":"post","2":"type-post","3":"status-publish","4":"format-standard","5":"has-post-thumbnail","7":"category-europe","8":"tag-actualites","9":"tag-agriculture","10":"tag-calvados","11":"tag-eu","12":"tag-europe","13":"tag-european-union","14":"tag-fr","15":"tag-france","16":"tag-news","17":"tag-pont-de-normandie","18":"tag-republique-francaise","19":"tag-societe","20":"tag-ue","21":"tag-union-europeenne"},"share_on_mastodon":{"url":"https:\/\/pubeurope.com\/@fr\/115872631725745889","error":""},"_links":{"self":[{"href":"https:\/\/www.europesays.com\/fr\/wp-json\/wp\/v2\/posts\/654694","targetHints":{"allow":["GET"]}}],"collection":[{"href":"https:\/\/www.europesays.com\/fr\/wp-json\/wp\/v2\/posts"}],"about":[{"href":"https:\/\/www.europesays.com\/fr\/wp-json\/wp\/v2\/types\/post"}],"author":[{"embeddable":true,"href":"https:\/\/www.europesays.com\/fr\/wp-json\/wp\/v2\/users\/2"}],"replies":[{"embeddable":true,"href":"https:\/\/www.europesays.com\/fr\/wp-json\/wp\/v2\/comments?post=654694"}],"version-history":[{"count":0,"href":"https:\/\/www.europesays.com\/fr\/wp-json\/wp\/v2\/posts\/654694\/revisions"}],"wp:featuredmedia":[{"embeddable":true,"href":"https:\/\/www.europesays.com\/fr\/wp-json\/wp\/v2\/media\/654695"}],"wp:attachment":[{"href":"https:\/\/www.europesays.com\/fr\/wp-json\/wp\/v2\/media?parent=654694"}],"wp:term":[{"taxonomy":"category","embeddable":true,"href":"https:\/\/www.europesays.com\/fr\/wp-json\/wp\/v2\/categories?post=654694"},{"taxonomy":"post_tag","embeddable":true,"href":"https:\/\/www.europesays.com\/fr\/wp-json\/wp\/v2\/tags?post=654694"}],"curies":[{"name":"wp","href":"https:\/\/api.w.org\/{rel}","templated":true}]}}