{"id":654709,"date":"2026-01-10T20:25:14","date_gmt":"2026-01-10T20:25:14","guid":{"rendered":"https:\/\/www.europesays.com\/fr\/654709\/"},"modified":"2026-01-10T20:25:14","modified_gmt":"2026-01-10T20:25:14","slug":"le-prince-august-de-sayn-wittgenstein-rejoint-le-casting-de-la-serie-tomb-raider","status":"publish","type":"post","link":"https:\/\/www.europesays.com\/fr\/654709\/","title":{"rendered":"Le prince August de Sayn-Wittgenstein rejoint le casting de la s\u00e9rie Tomb Raider"},"content":{"rendered":"<p>La plateforme de vid\u00e9os \u00e0 la demande d\u2019Amazon est en train de pr\u00e9parer le retour de Lara Croft, sous les traits de l\u2019actrice Sophie Turner. Le casting de cette adaptation en s\u00e9rie de la saga \u00ab\u00a0Tomb Raider \u00bb comprend aussi une pr\u00e9sence princi\u00e8re. L\u2019acteur germano-su\u00e9dois August Wittgenstein, prince de la famille de Sayn-Wittgenstein-Berlebourg, interpr\u00e9tera le r\u00f4le de Lukas. <\/p>\n<p><strong>Lire aussi : <a href=\"https:\/\/histoiresroyales.fr\/photos-mariage-prince-august-de-sayn-wittgenstein-mia-rohla\/\" target=\"_blank\" rel=\"noopener\">Mariage du prince August de Sayn-Wittgenstein : le prince acteur s\u2019est mari\u00e9 \u00e0 la descendante de Richard Strauss<\/a><\/strong><\/p>\n<p>August Wittgenstein rejoint Sophie Turner et Sigourney Weaver au casting de la s\u00e9rie Tomb Raider<\/p>\n<p>Amazon MGM Studios vient de d\u00e9voiler le nom des acteurs qui figureront au casting de son adaptation de la saga \u00ab\u00a0Tomb Raider \u00bb en s\u00e9rie. L\u2019histoire de l\u2019aventuri\u00e8re Lara Croft \u00e9tait au d\u00e9part un jeu vid\u00e9o, puis elle s\u2019est d\u00e9clin\u00e9e en comics et en films. Angelina Jolie a incarn\u00e9 le r\u00f4le principal dans les deux premiers films sortis en 2001 et 2003. Alicia Vikander avait repris le r\u00f4le dans le troisi\u00e8me film, sorti en 2018. La s\u00e9rie en cours de production, qui sera disponible sur Prime Video, a \u00e9galement fait appel \u00e0 des grands noms pour assurer la r\u00e9ussite de cette adaptation. <\/p>\n<blockquote class=\"instagram-media\" data-instgrm-permalink=\"https:\/\/www.instagram.com\/p\/DTOldnrCDkH\/?utm_source=ig_embed&amp;utm_campaign=loading\" data-instgrm-version=\"14\" style=\" background:#FFF; border:0; border-radius:3px; box-shadow:0 0 1px 0 rgba(0,0,0,0.5),0 1px 10px 0 rgba(0,0,0,0.15); margin: 1px; max-width:540px; min-width:326px; padding:0; width:99.375%; width:-webkit-calc(100% - 2px); width:calc(100% - 2px);\"\/>\n<p><strong>Lire aussi : <a href=\"https:\/\/histoiresroyales.fr\/comte-nikolai-debuts-cinema-suede-doktor-glas\/\" target=\"_blank\" rel=\"noopener\">Le comte Nikolai fait ses d\u00e9buts au cin\u00e9ma en Su\u00e8de<\/a><\/strong><\/p>\n<p>Sophie Turner reprendra le r\u00f4le de l\u2019aventuri\u00e8re Lara Croft, aux c\u00f4t\u00e9s d\u2019autres stars, dont Sigourney Weaver, Jason Isaacs\u00a0ou encore Martin Bob-Semple. Parmi les personnages secondaires, on trouve aussi un certain Lukas, qui sera interpr\u00e9t\u00e9 par le prince August-Frederik de Sayn-Wittgenstein-Berlebourg, connu sous le nom de sc\u00e8ne d\u2019August Wittgenstein. Le prince de 44 ans a d\u00e9j\u00e0 une belle carri\u00e8re d\u2019acteur en Allemagne et en Su\u00e8de, les pays de ses deux parents. Le prince August est le fils du prince\u00a0allemand Ludwig Ferdinand et de la comtesse su\u00e9doise Yvonne Wachtmeister af Johannishus. <\/p>\n<p><img fetchpriority=\"high\" decoding=\"async\" width=\"1300\" height=\"867\" src=\"https:\/\/www.europesays.com\/fr\/wp-content\/uploads\/2026\/01\/august-wittgenstein-tomb-raider-casting.jpg\" alt=\"\" class=\"wp-image-234616 lazyload\" data-  \/>Le prince August et son \u00e9pouse, la princesse Mia de Sayn-Wittgenstein-Berlebourg (Photo : Action Press\/Shutterstock\/SIPA)<\/p>\n<p><strong>Lire aussi : <a href=\"https:\/\/histoiresroyales.fr\/reine-letizia-emmene-filles-cinema-sortie-vacances-majorque\/\" target=\"_blank\" rel=\"noopener\">La reine Letizia emm\u00e8ne ses filles au cin\u00e9ma lors d\u2019une sortie de vacances \u00e0 Majorque<\/a><\/strong><\/p>\n<p>Le prince August est membre de la famille de Sayn-Wittgenstein-Berlebourg, qui a r\u00e9gn\u00e9 sur la principaut\u00e9 du m\u00eame nom jusqu\u2019\u00e0 son annexion \u00e0 la Prusse en 1806. N\u00e9 dans le Land de Rh\u00e9nanie-du-Nord-Westphalie, August a grandi \u00e0 la fois dans son pays natal mais aussi dans le pays de sa m\u00e8re, puisqu\u2019il a suivi ses \u00e9tudes dans un pensionnat en Su\u00e8de. Il a ensuite parcouru le monde, en passant par Paris et l\u2019Australie, puis il a d\u00e9croch\u00e9 un dipl\u00f4me \u00e0 la tr\u00e8s prestigieuse universit\u00e9 de Georgetown, avant d\u2019\u00e9tudier dans une \u00e9cole de com\u00e9die, toujours aux \u00c9tats-Unis.<\/p>\n<p><img loading=\"lazy\" decoding=\"async\" width=\"1300\" height=\"731\" src=\"https:\/\/www.europesays.com\/fr\/wp-content\/uploads\/2026\/01\/mariage-prince-august-sayn-wittgenstein-fiancailles-annonce.jpg\" alt=\"\" class=\"wp-image-58995 lazyload\" data-  \/>Le prince August dans la s\u00e9rie Berlin 59 (Ku\u2019damm 59) avec sa partenaire de jeu Maria Ehrich (Photo : capture d\u2019\u00e9cran)<\/p>\n<p>La premi\u00e8re exp\u00e9rience d\u2019August Wittgenstein au cin\u00e9ma \u00e9tait une petite apparition \u00e0 l\u2019\u00e9cran dans le film\u00a0\u00ab\u00a0Anges et D\u00e9mons \u00bb avec Tom Hanks. Depuis lors, August a jou\u00e9 dans de nombreux films et s\u00e9ries. Il a \u00e9galement eu l\u2019occasion d\u2019incarner comte Alfred Eckbrecht von D\u00fcrckheim-Montmartin, dans le film allemand\u00a0\u00ab\u00a0Ludwig II \u00bb\u00a0et en 2017, il a jou\u00e9 le r\u00f4le du prince Georges Donatus de Hesse dans l\u2019\u00e9pisode 9 de la saison 2 de la s\u00e9rie\u00a0\u00ab\u00a0The Crown \u00bb.\u00a0Selon <a href=\"https:\/\/deadline.com\/2025\/09\/tomb-raider-sophie-turner-lara-croft-chad-hodge-phoebe-waller-bridge-1236505398\/\" target=\"_blank\" rel=\"noreferrer noopener nofollow\">Deadline<\/a>, le tournage de Tomb Raider devrait d\u00e9buter le 19 janvier 2026.<\/p>\n<p><img loading=\"lazy\" decoding=\"async\" width=\"1300\" height=\"983\" src=\"https:\/\/www.europesays.com\/fr\/wp-content\/uploads\/2025\/08\/famille-de-sayn-wittgenstein-berleburg-arbre-genealogique-1.jpg\" alt=\"\" class=\"wp-image-90047 lazyload\" data-  \/>Le prince August de Wittgenstein est le cousin de l\u2019actuel chef de la famille de Sayn-Wittgenstein-Berlebourg (Image : Histoires Royales)<\/p>\n<p>Le prince August de Wittgenstein s\u2019est mari\u00e9 en septembre 2022 \u00e0 Mia Rhola, arri\u00e8re-arri\u00e8re-petite-fille du c\u00e9l\u00e8bre compositeur Richard Strauss.\u00a0August est 20e dans l\u2019ordre de succession au tr\u00f4ne de la principaut\u00e9 de Sayn-Wittgenstein-Berlebourg. L\u2019actuel pr\u00e9tendant au tr\u00f4ne est son cousin, le prince Gustav, 7e prince de Sayn-Wittgenstein-Berlebourg. Le prince Gustav n\u2019est autre que le fils de la\u00a0princesse Benedikte de Danemark, tante du roi Frederik X de Danemark. Le prince August n\u2019est que 20e car il est l\u2019arri\u00e8re-petit-fils du prince Ludwig, fils cadet du prince Richard, 4e prince de Sayn-Wittgenstein-Berlebourg.<\/p>\n<p>\t\t\t\t<img loading=\"lazy\" alt=\"Avatar photo\" src=\"https:\/\/www.europesays.com\/fr\/wp-content\/uploads\/2025\/04\/1516945716303-164x164.jpeg\"  class=\"avatar avatar-164 photo lazyload\" height=\"164\" width=\"164\" decoding=\"async\"\/><br \/>\n\t\t<a href=\"https:\/\/histoiresroyales.fr\/author\/royaliste123\/\" target=\"_blank\" rel=\"noopener\">Nicolas Fontaine<\/a><br \/>\n\t\t\t\t\tR\u00e9dacteur en chef<\/p>\n<p>Nicolas Fontaine a \u00e9t\u00e9 concepteur-r\u00e9dacteur et auteur pour de nombreuses marques et m\u00e9dias belges et fran\u00e7ais. Sp\u00e9cialiste de l&rsquo;actualit\u00e9 des familles royales, Nicolas a fond\u00e9 le site Histoires royales dont il est le r\u00e9dacteur en chef.&#13;<br \/>\n&#13;<br \/>\nnicolas@histoiresroyales.fr<\/p>\n<p>\t\t\t\t\t\t\t<a href=\"https:\/\/twitter.com\/ActusRoyales\" class=\"boxed-icon fill twitter\" target=\"_blank\" rel=\"noopener\"><\/a><br \/>\n\t\t\t\t\t\t\t\t\t<a href=\"https:\/\/www.instagram.com\/histoiresroyales.fr\/\" class=\"boxed-icon fill instagram\" target=\"_blank\" rel=\"noopener\"><\/a><\/p>\n<p>\t\t\t\t\t\t\t\t\t\t\t\t\t<script async src=\"https:\/\/platform.twitter.com\/widgets.js\" charset=\"utf-8\"><\/script><script async src=\"\/\/www.instagram.com\/embed.js\"><\/script><\/p>\n","protected":false},"excerpt":{"rendered":"La plateforme de vid\u00e9os \u00e0 la demande d\u2019Amazon est en train de pr\u00e9parer le retour de Lara Croft,&hellip;\n","protected":false},"author":2,"featured_media":654710,"comment_status":"","ping_status":"","sticky":false,"template":"","format":"standard","meta":{"footnotes":""},"categories":[1359],"tags":[56415,7196,58,59,1011,27,973,5389],"class_list":{"0":"post-654709","1":"post","2":"type-post","3":"status-publish","4":"format-standard","5":"has-post-thumbnail","7":"category-people","8":"tag-august-wittgenstein","9":"tag-cinu00e9ma","10":"tag-divertissement","11":"tag-entertainment","12":"tag-fr","13":"tag-france","14":"tag-people","15":"tag-su00e9rie"},"share_on_mastodon":{"url":"https:\/\/pubeurope.com\/@fr\/115872682876477654","error":""},"_links":{"self":[{"href":"https:\/\/www.europesays.com\/fr\/wp-json\/wp\/v2\/posts\/654709","targetHints":{"allow":["GET"]}}],"collection":[{"href":"https:\/\/www.europesays.com\/fr\/wp-json\/wp\/v2\/posts"}],"about":[{"href":"https:\/\/www.europesays.com\/fr\/wp-json\/wp\/v2\/types\/post"}],"author":[{"embeddable":true,"href":"https:\/\/www.europesays.com\/fr\/wp-json\/wp\/v2\/users\/2"}],"replies":[{"embeddable":true,"href":"https:\/\/www.europesays.com\/fr\/wp-json\/wp\/v2\/comments?post=654709"}],"version-history":[{"count":0,"href":"https:\/\/www.europesays.com\/fr\/wp-json\/wp\/v2\/posts\/654709\/revisions"}],"wp:featuredmedia":[{"embeddable":true,"href":"https:\/\/www.europesays.com\/fr\/wp-json\/wp\/v2\/media\/654710"}],"wp:attachment":[{"href":"https:\/\/www.europesays.com\/fr\/wp-json\/wp\/v2\/media?parent=654709"}],"wp:term":[{"taxonomy":"category","embeddable":true,"href":"https:\/\/www.europesays.com\/fr\/wp-json\/wp\/v2\/categories?post=654709"},{"taxonomy":"post_tag","embeddable":true,"href":"https:\/\/www.europesays.com\/fr\/wp-json\/wp\/v2\/tags?post=654709"}],"curies":[{"name":"wp","href":"https:\/\/api.w.org\/{rel}","templated":true}]}}