{"id":654715,"date":"2026-01-10T20:29:11","date_gmt":"2026-01-10T20:29:11","guid":{"rendered":"https:\/\/www.europesays.com\/fr\/654715\/"},"modified":"2026-01-10T20:29:11","modified_gmt":"2026-01-10T20:29:11","slug":"que-devient-sheryfa-luna-19-ans-apres-son-tube-il-avait-les-mots","status":"publish","type":"post","link":"https:\/\/www.europesays.com\/fr\/654715\/","title":{"rendered":"Que devient Sheryfa Luna, 19 ans apr\u00e8s son tube \u00ab\u00a0Il avait les mots\u00a0\u00bb ?"},"content":{"rendered":"<p>\n        Ce soir \u00e0 la \u00ab\u00a0Star Academy\u00a0\u00bb, la nostalgie est de mise avec la venue de Sheryfa Luna. Alors qu&rsquo;elle interpr\u00e8tera son tube \u00ab\u00a0Il avait les mots\u00a0\u00bb avec Anouk et Victor, o\u00f9 en est la carri\u00e8re de l&rsquo;ancienne gagnante de \u00ab\u00a0Popstars\u00a0\u00bb ?\n    <\/p>\n<p class=\"content-paragraph\"><img decoding=\"async\" src=\"https:\/\/www.europesays.com\/fr\/wp-content\/uploads\/2026\/01\/photo_1767965716.jpg\" class=\"textcenter img-content\" loading=\"lazy\" style=\"margin-bottom: 0;\"\/>Bestimage <br \/>La \u00ab\u00a0Star Academy\u00a0\u00bb <a href=\"https:\/\/www.chartsinfrance.net\/Star-Academy\/news-134895.html\" class=\"articlepage-link\" target=\"_blank\" rel=\"noopener\">remet les ann\u00e9es 2000 \u00e0 l&rsquo;honneur<\/a>. Ce soir sur le prime, M. Pokora, N\u00e2diya et Zaho viendront souffler un vent de nostalgie dans l&rsquo;\u00e9mission de TF1, en compagnie d&rsquo;une autre chanteuse tr\u00e8s populaire qui squattait le sommet des charts deux d\u00e9cennies plus t\u00f4t : Sheryfa Luna ! R\u00e9v\u00e9l\u00e9e durant la <a href=\"https:\/\/www.chartsinfrance.net\/Popstars\/news-123911.html\" class=\"articlepage-link\" target=\"_blank\" rel=\"noopener\">quatri\u00e8me saison de \u00ab\u00a0Popstars\u00a0\u00bb<\/a> sur M6, dont elle \u00e9tait ressortie grande gagnante en 2007, la chanteuse R&amp;B a tout de suite s\u00e9duit le public avec sa voix de velours et plusieurs tubes embl\u00e9matiques comme \u00ab\u00a0Quelque part\u00a0\u00bb, \u00ab\u00a0D&rsquo;ici et d&rsquo;ailleurs\u00a0\u00bb, \u00ab\u00a0Si tu n&rsquo;\u00e9tais plus l\u00e0\u00a0\u00bb, \u00ab\u00a0Comme avant\u00a0\u00bb avec Mathieu Edward et surtout <a href=\"https:\/\/www.chartsinfrance.net\/Sheryfa-Luna\/news-123849.html\" class=\"articlepage-link\" target=\"_blank\" rel=\"noopener\">\u00ab\u00a0Il avait les mots\u00a0\u00bb<\/a>, rest\u00e9 num\u00e9ro un du Top Singles durant huit semaines en 2008. Le titre, avec son texte culte sur une rupture fracassante, \u00e9tait m\u00eame rest\u00e9 plus d&rsquo;un an et demi dans les classements fran\u00e7ais.<\/p>\n<p>\u00ab\u00a0Je ne suis plus celle que j&rsquo;\u00e9tais\u00a0\u00bb<\/p>\n<p class=\"content-paragraph\"> Sauf que la suite de la carri\u00e8re de Sheryfa Luna a eu des airs de montagnes russes. Paru en 2010, son troisi\u00e8me album \u00ab\u00a0Si tu me vois\u00a0\u00bb n&rsquo;a pas rencontr\u00e9 le succ\u00e8s escompt\u00e9, tout comme son successeur \u00ab\u00a0Petite f\u00e9e de soi\u00a0\u00bb (2012). Malgr\u00e9 des tentatives de retour avec plusieurs singles au fil des ans (<a href=\"https:\/\/www.chartsinfrance.net\/actualite\/news-105672.html\" class=\"articlepage-link\" target=\"_blank\" rel=\"noopener\">\u00ab\u00a0Si on parlait\u00a0\u00bb<\/a>, <a href=\"https:\/\/www.chartsinfrance.net\/actualite\/news-107076.html\" class=\"articlepage-link\" target=\"_blank\" rel=\"noopener\">\u00ab\u00a0Ego\u00efste\u00a0\u00bb<\/a>, <a href=\"https:\/\/www.chartsinfrance.net\/actualite\/news-119530.html\" class=\"articlepage-link\" target=\"_blank\" rel=\"noopener\">\u00ab\u00a0Dans les \u00e9toiles\u00a0\u00bb<\/a>&#8230;), l&rsquo;artiste de 36 ans n&rsquo;a jamais r\u00e9ussi \u00e0 raviver la ferveur d&rsquo;antan. Pourtant, ses chansons restent tr\u00e8s populaires. Pour preuve, \u00ab\u00a0Il avait les mots\u00a0\u00bb a \u00e9t\u00e9 <a href=\"https:\/\/www.chartsinfrance.net\/Sheryfa-Luna\/news-130225.html\" class=\"articlepage-link\" target=\"_blank\" rel=\"noopener\">remis au go\u00fbt du jour par SDM<\/a> en 2024 sur la chanson \u00ab\u00a0Pour elle\u00a0\u00bb, <a href=\"https:\/\/www.chartsinfrance.net\/actualite\/news-125372.html\" class=\"articlepage-link\" target=\"_blank\" rel=\"noopener\">num\u00e9ro un du Top Singles<\/a> et extraite de sa machine \u00e0 tubes \u00ab\u00a0\u00c0 la vie \u00e0 la mort\u00a0\u00bb (320.000 ventes). La chanteuse, <a href=\"https:\/\/www.chartsinfrance.net\/actualite\/news-128838.html\" class=\"articlepage-link\" target=\"_blank\" rel=\"noopener\">vue dans \u00ab\u00a0Mask Singer\u00a0\u00bb saison 6<\/a>, est m\u00eame venue <a href=\"https:\/\/www.chartsinfrance.net\/Sheryfa-Luna\/news-131739.html\" class=\"articlepage-link\" target=\"_blank\" rel=\"noopener\">l&rsquo;interpr\u00e9ter avec le rappeur sur la sc\u00e8ne de Bercy<\/a> en f\u00e9vrier dernier !<\/p>\n<p class=\"content-paragraph\">Un \u00e9lan d&rsquo;amour suffisant pour motiver l&rsquo;artiste d&rsquo;Evreux \u00e0 reprendre sa carri\u00e8re en main ? Malheureusement, Sheryfa Luna vient de traverser une ann\u00e9e difficile sur le plan personnel : elle a <a href=\"https:\/\/www.chartsinfrance.net\/actualite\/news-131128.html\" class=\"articlepage-link\" target=\"_blank\" rel=\"noopener\">perdu son troisi\u00e8me enfant, mort-n\u00e9<\/a>, en janvier 2025. \u00ab Depuis ce jour, chaque instant est une bataille. (&#8230;) Khalil a exist\u00e9. Il a marqu\u00e9 ma vie et transform\u00e9 mon \u00e2me \u00e0 jamais. Je ne suis plus celle que j&rsquo;\u00e9tais avant lui \u00bb avait-elle r\u00e9v\u00e9l\u00e9 dans une lettre poignante sur Instagram.<\/p>\n<blockquote class=\"instagram-media\" data-instgrm-captioned=\"\" data-instgrm-permalink=\"https:\/\/www.instagram.com\/p\/DRvKbxljFNa\/?utm_source=ig_embed&amp;utm_campaign=loading\" data-instgrm-version=\"14\" style=\" background:#FFF; border:0; border-radius:3px; box-shadow:0 0 1px 0 rgba(0,0,0,0.5),0 1px 10px 0 rgba(0,0,0,0.15); margin: 1px; max-width:540px; min-width:326px; padding:0; width:99.375%; width:-webkit-calc(100% - 2px); width:calc(100% - 2px);\"\/><p> Vitaa tend la main \u00e0 Sheryfa Luna<\/p>\n<p class=\"content-paragraph\"> Sheryfa Luna a donc pris le temps de se reconstruire apr\u00e8s cette douloureuse \u00e9preuve. Mais la musique demeure un pilier dans sa vie. Le 1er d\u00e9cembre, l&rsquo;interpr\u00e8te de <a href=\"https:\/\/www.chartsinfrance.net\/actualite\/news-67293.html\" class=\"articlepage-link\" target=\"_blank\" rel=\"noopener\">\u00ab\u00a0Ce qu&rsquo;ils aiment\u00a0\u00bb<\/a> est remont\u00e9e sur sc\u00e8ne \u00e0 l&rsquo;invitation de Vitaa pour participer \u00e0 son concert \u00e0 la Seine Musicale. Elles y ont, bien s\u00fbr, fredonn\u00e9 \u00ab\u00a0Il avait les mots\u00a0\u00bb. \u00ab Monter sur sc\u00e8ne avec Vitaa m&rsquo;a redonn\u00e9 une belle dose d&rsquo;\u00e9nergie. Merci \u00e0 toi ma soeur pour ce beau moment \u00e0 tes c\u00f4t\u00e9s. Et merci au public pour votre accueil&#8230; \u00c7a m&rsquo;a \u00e9norm\u00e9ment touch\u00e9e \u00bb a-t-elle indiqu\u00e9 sur ses r\u00e9seaux sociaux, avant d&rsquo;ajouter un \u00ab \u00c0 tr\u00e8s vite \u00bb lourd de sens. Doit-on comprendre que Sheryfa Luna signera son grand retour \u00e0 la musique en 2026 ? Pour l&rsquo;heure, sa derni\u00e8re chanson reste le titre \u00ab\u00a0Fame\u00a0\u00bb, partag\u00e9 avec Zacques et L\u00e9a Castel, son ancienne camarade de \u00ab\u00a0Popstars\u00a0\u00bb, en septembre 2024.<\/p>\n<p>                <img loading=\"lazy\" decoding=\"async\" src=\"https:\/\/www.europesays.com\/fr\/wp-content\/uploads\/2025\/10\/favicon.png\" class=\"author-article-picture\" width=\"35\" height=\"35\"\/><\/p>\n<p>                    Par<\/p>\n<p>                                            <a class=\"author-article-bio-link\" href=\"https:\/\/www.chartsinfrance.net\/auteur\/125\/\" target=\"_blank\" rel=\"noopener\">Yohann RUELLE<\/a><\/p>\n<p>                    |<\/p>\n<p>                                            Journaliste<\/p>\n<p>\n                Branch\u00e9 en permanence sur ses playlists, il sait aussi bien parler du dernier album de Kim Petras que du set de techno underground berlinois qu&rsquo;il a regard\u00e9 hier soir sur TikTok. Sa collection de peluches et figurines t\u00e9moigne de son amour pour les grandes ic\u00f4nes de la pop culture.\n            <\/p>\n<p>            <script async src=\"\/\/www.instagram.com\/embed.js\"><\/script><\/p>\n","protected":false},"excerpt":{"rendered":"Ce soir \u00e0 la \u00ab\u00a0Star Academy\u00a0\u00bb, la nostalgie est de mise avec la venue de Sheryfa Luna. Alors&hellip;\n","protected":false},"author":2,"featured_media":654716,"comment_status":"","ping_status":"","sticky":false,"template":"","format":"standard","meta":{"footnotes":""},"categories":[1355],"tags":[58,59,1011,27,1361,873],"class_list":{"0":"post-654715","1":"post","2":"type-post","3":"status-publish","4":"format-standard","5":"has-post-thumbnail","7":"category-musique","8":"tag-divertissement","9":"tag-entertainment","10":"tag-fr","11":"tag-france","12":"tag-music","13":"tag-musique"},"share_on_mastodon":{"url":"https:\/\/pubeurope.com\/@fr\/115872698631570099","error":""},"_links":{"self":[{"href":"https:\/\/www.europesays.com\/fr\/wp-json\/wp\/v2\/posts\/654715","targetHints":{"allow":["GET"]}}],"collection":[{"href":"https:\/\/www.europesays.com\/fr\/wp-json\/wp\/v2\/posts"}],"about":[{"href":"https:\/\/www.europesays.com\/fr\/wp-json\/wp\/v2\/types\/post"}],"author":[{"embeddable":true,"href":"https:\/\/www.europesays.com\/fr\/wp-json\/wp\/v2\/users\/2"}],"replies":[{"embeddable":true,"href":"https:\/\/www.europesays.com\/fr\/wp-json\/wp\/v2\/comments?post=654715"}],"version-history":[{"count":0,"href":"https:\/\/www.europesays.com\/fr\/wp-json\/wp\/v2\/posts\/654715\/revisions"}],"wp:featuredmedia":[{"embeddable":true,"href":"https:\/\/www.europesays.com\/fr\/wp-json\/wp\/v2\/media\/654716"}],"wp:attachment":[{"href":"https:\/\/www.europesays.com\/fr\/wp-json\/wp\/v2\/media?parent=654715"}],"wp:term":[{"taxonomy":"category","embeddable":true,"href":"https:\/\/www.europesays.com\/fr\/wp-json\/wp\/v2\/categories?post=654715"},{"taxonomy":"post_tag","embeddable":true,"href":"https:\/\/www.europesays.com\/fr\/wp-json\/wp\/v2\/tags?post=654715"}],"curies":[{"name":"wp","href":"https:\/\/api.w.org\/{rel}","templated":true}]}}