{"id":654723,"date":"2026-01-10T20:33:10","date_gmt":"2026-01-10T20:33:10","guid":{"rendered":"https:\/\/www.europesays.com\/fr\/654723\/"},"modified":"2026-01-10T20:33:10","modified_gmt":"2026-01-10T20:33:10","slug":"pourquoi-lexpression-masta-dinguerie-utilisee-dans-la-star-ac-suscite-autant-de-debats-sur-les-reseaux-sociaux","status":"publish","type":"post","link":"https:\/\/www.europesays.com\/fr\/654723\/","title":{"rendered":"Pourquoi l\u2019expression \u00ab\u00a0masta dinguerie\u00a0\u00bb, utilis\u00e9e dans la Star Ac, suscite autant de d\u00e9bats sur les r\u00e9seaux sociaux\u00a0?"},"content":{"rendered":"<p>Ceux qui ont suivi la Star Ac l&rsquo;ont probablement d\u00e9j\u00e0 entendu de tr\u00e8s nombreuses fois. Popularis\u00e9e par <a href=\"https:\/\/www.20minutes.fr\/arts-stars\/television\/4193358-20251228-star-academy-2025-soleil-promo-part\" class=\"c-link c-link--is-underlined\" target=\"_blank\" rel=\"noopener\">M\u00e9lissa, l\u2019une des candidates<\/a> du t\u00e9l\u00e9crochet diffus\u00e9e sur <a href=\"https:\/\/www.20minutes.fr\/dossier\/tf1\" class=\"c-link c-link--is-underlined\" target=\"_blank\" rel=\"noopener\">TF1<\/a>, l\u2019expression \u00ab\u00a0masta dinguerie\u00a0\u00bb a ponctu\u00e9 cette ann\u00e9e les primes de <a href=\"https:\/\/www.20minutes.fr\/dossier\/star_academy\" class=\"c-link c-link--is-underlined\" target=\"_blank\" rel=\"noopener\">la Star Academy<\/a>.<\/p>\n<p>Utilis\u00e9e par la jeune femme pour qualifier des moments forts v\u00e9cus avec ses camarades d\u2019aventure, le terme est devenu incontournable cette saison. La candidate, \u00e9limin\u00e9e lors du prime diffus\u00e9 le 27\u00a0d\u00e9cembre, a expliqu\u00e9 dans l\u2019\u00e9mission <a href=\"https:\/\/www.20minutes.fr\/television\/quotidien\/\" class=\"c-link c-link--is-underlined\" target=\"_blank\" rel=\"noopener\">Quotidien<\/a> qu\u2019il s\u2019agissait d\u2019un \u00ab\u00a0d\u00e9lire\u00a0\u00bb qu\u2019elle avait lanc\u00e9 dans le ch\u00e2teau. Mais en lui attribuant l\u2019origine de cette expression, le pr\u00e9sentateur de l\u2019\u00e9mission a d\u00e9clench\u00e9 la col\u00e8re des internautes, qui ont utilis\u00e9 <a href=\"https:\/\/www.20minutes.fr\/dossier\/reseaux_sociaux\" class=\"c-link c-link--is-underlined\" target=\"_blank\" rel=\"noopener\">les r\u00e9seaux sociaux<\/a> pour d\u00e9noncer une appropriation culturelle.<\/p>\n<p class=\"mb-m@xs text-l@xs\">En cliquant sur\u00ab J\u2019accepte \u00bb, vous acceptez le d\u00e9p\u00f4t de cookies par des services externes et aurez ainsi acc\u00e8s aux contenus de nos partenaires.<\/p>\n<p class=\"mb-xl@xs text-s@xs\">Plus d\u2019informations sur la page<a href=\"https:\/\/www.20minutes.fr\/gestion-cookies\" class=\"mx-xxs@xs color-ultramarine\" target=\"_blank\" rel=\"noopener\">Politique de gestion des cookies<\/a><\/p>\n<p>J\u2019accepte\u00ab\u00a0Irrespectueux de s\u2019approprier le terme sans conna\u00eetre l\u2019histoire\u00a0\u00bb<\/p>\n<p>\u00ab\u00a0Donc en\u00a02026, une fille blanche de 19 ans confirme \u00e0 la t\u00e9l\u00e9 qu\u2019elle a cr\u00e9\u00e9 \u00ab\u00a0masta dinguerie\u00a0\u00bb, alors que \u00e7a a \u00e9t\u00e9 cr\u00e9\u00e9 par des filles noires du ghetto dans les ann\u00e9es\u00a02010\u00a0\u00bb, s\u2019est indign\u00e9 une internaute sur les r\u00e9seaux sociaux. \u00ab\u00a0Ptdrr, donc je viens d\u2019apprendre que c\u2019est une gamine de la Star Ac qui a \u00ab\u00a0invent\u00e9\u00a0\u00bb le concept de la masta dinguerie\u2026 La gentrification, c\u2019est pas des lol. Le fait que, d\u00e9j\u00e0, ils utilisaient le mot \u00ab\u00a0masta\u00a0\u00bb \u00e0 tort et \u00e0 travers, c\u2019\u00e9tait s\u00fbr\u00a0! Et en plus, elle n\u2019essaie m\u00eame pas d\u2019\u00eatre un peu honn\u00eate\u00a0\u00bb, s\u2019est \u00e9galement emport\u00e9e une autre utilisatrice de <a href=\"https:\/\/www.20minutes.fr\/high-tech\/twitter\/\" class=\"c-link c-link--is-underlined\" target=\"_blank\" rel=\"noopener\">la plateforme X<\/a>.<\/p>\n<p>D\u2019autres ont pr\u00e9sent\u00e9 le terme comme venant de l\u2019\u00ab\u00a0argot congolais\u00a0\u00bb. \u00ab\u00a0D\u00e9j\u00e0, c\u2019est de l\u2019argot congolais et surtout \u00e0 l\u2019\u00e9poque, les filles noires qui \u00e9taient dans le groupe \u00ab\u00a0masta dinguerie\u00a0\u00bb \u00e9taient vues de mani\u00e8re p\u00e9jorative. Je trouve que c\u2019est irrespectueux de s\u2019approprier le terme sans conna\u00eetre l\u2019histoire\u00a0\u00bb, a \u00e9galement tenu \u00e0 expliquer un autre internaute.<\/p>\n<p>\u00ab\u00a0Cette contre-culture et ce langage que l\u2019on inventait nous-m\u00eames sont aujourd\u2019hui accapar\u00e9s\u00a0\u00bb<\/p>\n<p>Comme l\u2019ont expliqu\u00e9 les journalistes de <a href=\"https:\/\/www.instagram.com\/p\/DTTXSSYDR9E\/?hl=fr\" target=\"_blank\" class=\"c-link c-link--is-underlined\" rel=\"noopener\">Konbini<\/a> et de <a href=\"https:\/\/www.instagram.com\/p\/DTR3M4rDJNJ\/\" target=\"_blank\" class=\"c-link c-link--is-underlined\" rel=\"noopener\">Fra\u00eeches<\/a> dans des vid\u00e9os sur Instagram, l\u2019expression \u00ab\u00a0masta dinguerie\u00a0\u00bb remonte en r\u00e9alit\u00e9 aux ann\u00e9es\u00a02010, rapporte le <a href=\"https:\/\/www.huffingtonpost.fr\/divertissement\/article\/star-academy-melissa-se-dit-sincerement-desolee-d-avoir-repris-l-expression-masta-dinguerie_259065.html\" target=\"_blank\" class=\"c-link c-link--is-underlined\" rel=\"noopener\">Huff Post<\/a>. Elle est notamment employ\u00e9e dans un documentaire diffus\u00e9 en\u00a02011 sur <a href=\"https:\/\/www.20minutes.fr\/dossier\/france-24\" class=\"c-link c-link--is-underlined\" target=\"_blank\" rel=\"noopener\">France 24<\/a> o\u00f9 l\u2019expression d\u00e9signait des \u00ab\u00a0groupes de jeunes filles noires, souvent stigmatis\u00e9es comme bruyantes ou \u00a0\u00bbsans g\u00eane\u00a0\u00bb\u00a0\u00bb. Le terme est \u00e9galement employ\u00e9 dans un article du Parisien paru en mai\u00a02011.<\/p>\n<p>\u00ab\u00a0Quand j\u2019\u00e9tais dans mon lyc\u00e9e de banlieue grande couronne, [\u2026] c\u2019\u00e9tait l\u2019expression de celles \u00e0 qui personne ne voulait ressembler\u00a0\u00bb, explique de son c\u00f4t\u00e9 l\u2019\u00e9crivaine Christelle Murhula dans une story Instagram. \u00ab\u00a0Cette contre-culture et ce langage que l\u2019on inventait nous-m\u00eames sont aujourd\u2019hui accapar\u00e9s\u00a0\u00bb, d\u00e9nonce-t-elle dans son texte, martelant que \u00ab\u00a0non, M\u00e9lissa n\u2019a pas invent\u00e9 \u00a0\u00bbmasta dinguerie\u00a0\u00bb\u00a0\u00bb et que \u00ab\u00a0non, elle ne devrait pas le d\u00e9poser\u00a0\u00bb.<\/p>\n<\/p>\n<p>\u00ab\u00a0Sinc\u00e8rement d\u00e9sol\u00e9e\u00a0\u00bb<\/p>\n<p>Face \u00e0 la pol\u00e9mique, la candidate de la Star Academy a tenu \u00e0 pr\u00e9senter ses excuses dans une story publi\u00e9e sur <a href=\"https:\/\/www.20minutes.fr\/high-tech\/instagram\/\" class=\"c-link c-link--is-underlined\" target=\"_blank\" rel=\"noopener\">Instagram<\/a> ce vendredi. \u00ab\u00a0Je vois passer beaucoup de messages concernant l\u2019expression que j\u2019ai utilis\u00e9e au ch\u00e2teau. Je vous lis attentivement et je comprends que cela ait pu heurter certaines personnes. J\u2019en suis sinc\u00e8rement d\u00e9sol\u00e9e\u00a0\u00bb, a \u00e9crit la jeune femme de 19 ans.<\/p>\n<p>\u00ab\u00a0Je n\u2019avais pas connaissance de l\u2019origine ni de la port\u00e9e culturelle de ce terme et je n\u2019ai jamais voulu manquer de respect\u00a0\u00bb, poursuit la candidate. \u00ab\u00a0On apprend tous les jours, et merci \u00e0 ceux qui m\u2019ont expliqu\u00e9 les choses avec p\u00e9dagogie. Restons dans la bienveillance, mon but est de partager de la musique et de la joie, jamais de blesser\u00a0\u00bb, a conclu la jeune femme.<\/p>\n<p><script async src=\"\/\/www.instagram.com\/embed.js\"><\/script><\/p>\n","protected":false},"excerpt":{"rendered":"Ceux qui ont suivi la Star Ac l&rsquo;ont probablement d\u00e9j\u00e0 entendu de tr\u00e8s nombreuses fois. Popularis\u00e9e par M\u00e9lissa,&hellip;\n","protected":false},"author":2,"featured_media":654724,"comment_status":"","ping_status":"","sticky":false,"template":"","format":"standard","meta":{"footnotes":""},"categories":[8],"tags":[7904,58,59,66698,1011,27,2440,6655,1062,1404,938,5095,8476,199,28259],"class_list":{"0":"post-654723","1":"post","2":"type-post","3":"status-publish","4":"format-standard","5":"has-post-thumbnail","7":"category-divertissement","8":"tag-by-the-web","9":"tag-divertissement","10":"tag-entertainment","11":"tag-expression","12":"tag-fr","13":"tag-france","14":"tag-instagram","15":"tag-internautes","16":"tag-polemique","17":"tag-quotidien","18":"tag-reseaux-sociaux","19":"tag-star-academy","20":"tag-telecrochet","21":"tag-tf1","22":"tag-twitter-x"},"share_on_mastodon":{"url":"https:\/\/pubeurope.com\/@fr\/115872714371880360","error":""},"_links":{"self":[{"href":"https:\/\/www.europesays.com\/fr\/wp-json\/wp\/v2\/posts\/654723","targetHints":{"allow":["GET"]}}],"collection":[{"href":"https:\/\/www.europesays.com\/fr\/wp-json\/wp\/v2\/posts"}],"about":[{"href":"https:\/\/www.europesays.com\/fr\/wp-json\/wp\/v2\/types\/post"}],"author":[{"embeddable":true,"href":"https:\/\/www.europesays.com\/fr\/wp-json\/wp\/v2\/users\/2"}],"replies":[{"embeddable":true,"href":"https:\/\/www.europesays.com\/fr\/wp-json\/wp\/v2\/comments?post=654723"}],"version-history":[{"count":0,"href":"https:\/\/www.europesays.com\/fr\/wp-json\/wp\/v2\/posts\/654723\/revisions"}],"wp:featuredmedia":[{"embeddable":true,"href":"https:\/\/www.europesays.com\/fr\/wp-json\/wp\/v2\/media\/654724"}],"wp:attachment":[{"href":"https:\/\/www.europesays.com\/fr\/wp-json\/wp\/v2\/media?parent=654723"}],"wp:term":[{"taxonomy":"category","embeddable":true,"href":"https:\/\/www.europesays.com\/fr\/wp-json\/wp\/v2\/categories?post=654723"},{"taxonomy":"post_tag","embeddable":true,"href":"https:\/\/www.europesays.com\/fr\/wp-json\/wp\/v2\/tags?post=654723"}],"curies":[{"name":"wp","href":"https:\/\/api.w.org\/{rel}","templated":true}]}}