{"id":654727,"date":"2026-01-10T20:35:16","date_gmt":"2026-01-10T20:35:16","guid":{"rendered":"https:\/\/www.europesays.com\/fr\/654727\/"},"modified":"2026-01-10T20:35:16","modified_gmt":"2026-01-10T20:35:16","slug":"le-decrochage-europeen-est-dabord-un-probleme-de-productivite","status":"publish","type":"post","link":"https:\/\/www.europesays.com\/fr\/654727\/","title":{"rendered":"\u00ab\u00a0Le d\u00e9crochage europ\u00e9en est d\u2019abord un probl\u00e8me de productivit\u00e9\u00a0\u00bb"},"content":{"rendered":"\n<p class=\"article__paragraph  \">Le d\u00e9crochage europ\u00e9en vis-\u00e0-vis des Etats-Unis depuis les ann\u00e9es\u00a01990, <a href=\"https:\/\/www.lemonde.fr\/economie\/article\/2024\/09\/09\/le-cri-d-alarme-de-mario-draghi-sur-le-decrochage-de-l-economie-europeenne_6309670_3234.html\" target=\"_blank\" rel=\"noopener\">mis en lumi\u00e8re par le rapport Draghi<\/a>, paru en\u00a02024, est h\u00e9las bien r\u00e9el et corrobor\u00e9 par de tr\u00e8s nombreux indicateurs \u00e9conomiques et technologiques. Mais qu\u2019entend-on exactement par d\u00e9crochage\u00a0? Il s\u2019agit essentiellement d\u2019une divergence croissante du niveau de produit int\u00e9rieur brut\u00a0(PIB) par habitant entre les deux rives de l\u2019Atlantique.<\/p>\n<p class=\"article__paragraph  \">Cette divergence s\u2019explique en partie par le fait que les Europ\u00e9ens consacrent moins de temps \u00e0 travailler que les Am\u00e9ricains. Cela contribue \u00e0 un PIB par habitant plus faible, mais n\u2019explique pas la dynamique observ\u00e9e depuis trente ans. D\u2019apr\u00e8s les s\u00e9ries statistiques de l\u2019Organisation de coop\u00e9ration et de d\u00e9veloppement \u00e9conomiques et d\u2019Eurostat, l\u2019\u00e9cart d\u2019heures travaill\u00e9es entre l\u2019Europe et les Etats-Unis s\u2019est surtout creus\u00e9 \u00e0 partir des ann\u00e9es\u00a01980 et ne s\u2019est pas nettement aggrav\u00e9 depuis\u00a01990. Autrement dit, l\u2019\u00e9volution plus r\u00e9cente du PIB par habitant rel\u00e8ve principalement de la productivit\u00e9, c\u2019est-\u00e0-dire de ce qu\u2019une heure de travail produit en valeur \u00e9conomique.<\/p>\n<p class=\"article__paragraph  \">Une difficult\u00e9 appara\u00eet toutefois\u00a0: comment comparer une valeur ajout\u00e9e produite en euros avec une valeur ajout\u00e9e produite en dollars\u00a0? Il n\u2019est pas possible d\u2019utiliser un taux de change de march\u00e9, trop volatil et influenc\u00e9 par les flux financiers. Les statisticiens ont donc recours aux parit\u00e9s de pouvoir d\u2019achat\u00a0(PPA). Cet ajustement permet de tenir compte des diff\u00e9rences de niveaux de prix entre pays en exprimant les revenus ou les productions sur la base d\u2019un panier de biens et de services \u00e9quivalent. Apr\u00e8s ajustement en PPA, un dollar vaut moins qu\u2019un euro\u00a0: quiconque a pay\u00e9 un caf\u00e9 ou une nuit d\u2019h\u00f4tel aux Etats-Unis a pu constater que le niveau g\u00e9n\u00e9ral des prix y est plus \u00e9lev\u00e9 qu\u2019en Europe.<\/p>\n<p>           Ecart substantiel           <\/p>\n<p class=\"article__paragraph  \">Pour analyser l\u2019\u00e9volution de la productivit\u00e9 relative dans le temps, les \u00e9conomistes effectuent g\u00e9n\u00e9ralement un ajustement en PPA \u00e0 partir d\u2019une ann\u00e9e de r\u00e9f\u00e9rence commune, puis neutralisent l\u2019inflation dans chaque pays \u00e0 l\u2019aide des indices de prix nationaux pour les autres ann\u00e9es. Ils mettent les niveaux de productivit\u00e9 sur une m\u00eame \u00e9chelle \u00e0 partir d\u2019une ann\u00e9e rep\u00e8re, puis ils suivent, dans chaque pays, la hausse de la productivit\u00e9 au cours du temps.<\/p>\n<p class=\"reading-mode-only \"><strong>Il vous reste 63.35% de cet article \u00e0 lire. La suite est r\u00e9serv\u00e9e aux abonn\u00e9s.<\/strong><\/p>\n","protected":false},"excerpt":{"rendered":"Le d\u00e9crochage europ\u00e9en vis-\u00e0-vis des Etats-Unis depuis les ann\u00e9es\u00a01990, mis en lumi\u00e8re par le rapport Draghi, paru en\u00a02024,&hellip;\n","protected":false},"author":2,"featured_media":244207,"comment_status":"","ping_status":"","sticky":false,"template":"","format":"standard","meta":{"footnotes":""},"categories":[6],"tags":[35,33,34,1011,27],"class_list":{"0":"post-654727","1":"post","2":"type-post","3":"status-publish","4":"format-standard","5":"has-post-thumbnail","7":"category-economie","8":"tag-business","9":"tag-economie","10":"tag-economy","11":"tag-fr","12":"tag-france"},"share_on_mastodon":{"url":"https:\/\/pubeurope.com\/@fr\/115872722084314174","error":""},"_links":{"self":[{"href":"https:\/\/www.europesays.com\/fr\/wp-json\/wp\/v2\/posts\/654727","targetHints":{"allow":["GET"]}}],"collection":[{"href":"https:\/\/www.europesays.com\/fr\/wp-json\/wp\/v2\/posts"}],"about":[{"href":"https:\/\/www.europesays.com\/fr\/wp-json\/wp\/v2\/types\/post"}],"author":[{"embeddable":true,"href":"https:\/\/www.europesays.com\/fr\/wp-json\/wp\/v2\/users\/2"}],"replies":[{"embeddable":true,"href":"https:\/\/www.europesays.com\/fr\/wp-json\/wp\/v2\/comments?post=654727"}],"version-history":[{"count":0,"href":"https:\/\/www.europesays.com\/fr\/wp-json\/wp\/v2\/posts\/654727\/revisions"}],"wp:featuredmedia":[{"embeddable":true,"href":"https:\/\/www.europesays.com\/fr\/wp-json\/wp\/v2\/media\/244207"}],"wp:attachment":[{"href":"https:\/\/www.europesays.com\/fr\/wp-json\/wp\/v2\/media?parent=654727"}],"wp:term":[{"taxonomy":"category","embeddable":true,"href":"https:\/\/www.europesays.com\/fr\/wp-json\/wp\/v2\/categories?post=654727"},{"taxonomy":"post_tag","embeddable":true,"href":"https:\/\/www.europesays.com\/fr\/wp-json\/wp\/v2\/tags?post=654727"}],"curies":[{"name":"wp","href":"https:\/\/api.w.org\/{rel}","templated":true}]}}