{"id":654750,"date":"2026-01-10T20:52:22","date_gmt":"2026-01-10T20:52:22","guid":{"rendered":"https:\/\/www.europesays.com\/fr\/654750\/"},"modified":"2026-01-10T20:52:22","modified_gmt":"2026-01-10T20:52:22","slug":"pro-d2-on-ne-peut-quetre-satisfait-provence-rugby-a-delivre-un-festival-face-a-grenoble","status":"publish","type":"post","link":"https:\/\/www.europesays.com\/fr\/654750\/","title":{"rendered":"Pro D2 &#8211; \u00ab\u00a0On ne peut qu&rsquo;\u00eatre satisfait\u00a0\u00bb : Provence Rugby a d\u00e9livr\u00e9 un festival face \u00e0 Grenoble"},"content":{"rendered":"<p>\n                Auteurs d\u2019une prestation propre et solide, les Aixois ont largement domin\u00e9 des Grenoblois en manque de confiance et pris ainsi cinq points m\u00e9rit\u00e9s.\n            <\/p>\n<p>Sept essais inscrits, cinq points pris au passage et un bilan plus que positif pour la reprise des hommes de Philippe Saint-Andr\u00e9. Sans doute frustr\u00e9s apr\u00e8s leur dernier \u00e9chec subi en 2025 \u00e0 Mont-de-Marsan, les co\u00e9quipiers d\u2019Andr\u00e8s Zafra ont tr\u00e8s bien pr\u00e9par\u00e9 ce premier rendez-vous de 2026. S\u00e9rieux et efficaces dans quasiment tous les domaines, les Noir proven\u00e7aux ont rapidement pris le score pour faire la course en t\u00eate et mettre ainsi la t\u00eate de leurs adversaires dans le seau. Et, m\u00eame si les Grenoblois ont tent\u00e9 d\u2019opposer une farouche r\u00e9sistance, ils n\u2019\u00e9taient pas assez arm\u00e9s pour pouvoir rivaliser pendant quatre-vingts minutes. Les Aixois ont excell\u00e9 en touche o\u00f9 ils ont chip\u00e9 huit ballons sur les lancers adverses, c\u2019est dire si ce secteur a permis aux Aixois d\u2019\u00eatre performant et de ne jamais douter dans une rencontre \u00e0 sens unique. Bien \u00e9videmment, une fois le score pris, les Coville, Lap\u00e8gue, Bituniyata et consorts se sont r\u00e9gal\u00e9s \u00e0 perforer encore et encore une d\u00e9fense grenobloise en difficult\u00e9.<\/p>\n<p><strong>Coville, Lap\u00e8gue, Bituniyata en fer de lance<\/strong><\/p>\n<p>\u00ab\u00a0On ne peut \u00eatre que satisfait d\u2019une victoire comme celle-ci face \u00e0 Grenoble, souligne l\u2019entra\u00eeneur aixois des avants, S\u00e9bastien Fouassier, car on savait que \u00e7a allait \u00eatre un match difficile pour une reprise \u00e0 domicile qui plus est un jeudi, contre une \u00e9quipe qui a chang\u00e9 de staff pendant les f\u00eates de fin d\u2019ann\u00e9e et qui voulait repartir tr\u00e8s vite. Donc, oui, m\u00eame si tout n\u2019a pas \u00e9t\u00e9 parfait, c\u2019est une victoire qui donne confiance. Et m\u00eame si on a v\u00e9cu un d\u00e9but de match d\u00e9licat, on a r\u00e9ussi \u00e0 vite scorer sur nos temps forts et en zone de marque. La touche a \u00e9t\u00e9 un point positif. Mais ce match nous montre aussi que nous sommes capables de faire de belles choses alors qu\u2019\u00e0 Mont-de-Marsan, nous avions r\u00e9alis\u00e9 un match tr\u00e8s moyen. Donc, voil\u00e0, il faut rester humbles et continuer \u00e0 avancer positivement notamment \u00e0 Nevers vendredi prochain o\u00f9 on sait que l\u2019on va souffrir. Maintenant, on prend cinq points et c\u2019est positif de bien d\u00e9marrer cette ann\u00e9e 2026.\u00a0\u00bb<\/p>\n<p>Effectivement, les hommes du quatuor Saint-Andr\u00e9-Dupuy-Ladauge-Fouassier doivent toujours encha\u00eener mais cette prestation face \u00e0 Grenoble montre tr\u00e8s clairement que cette \u00e9quipe aixoise a les moyens de finir dans le top 2. C\u00f4t\u00e9 grenoblois, c\u2019\u00e9tait la soupe \u00e0 la grimace avec le sentiment d\u2019\u00eatre pass\u00e9 \u00e0 c\u00f4t\u00e9, d\u2019avoir manqu\u00e9 de pr\u00e9cision m\u00eame si de nombreux changements ont \u00e9t\u00e9 observ\u00e9s. \u00ab\u00a0Oui, c\u2019est une d\u00e9faite difficile \u00e0 encaisser encore, souligne la manager grenoblois, Jean-Fr\u00e9d\u00e9ric Dubois. Oui, on est clairement dans le dur ! Surtout \u00e0 l\u2019ext\u00e9rieur mais il ne faut rien l\u00e2cher, il faut retrouver de la confiance. On a essay\u00e9 de rivaliser mais on a manqu\u00e9 de pr\u00e9cision et face \u00e0 une telle \u00e9quipe d\u2019Aix-en-Provence, \u00e7a se paie cash !\u00a0\u00bb Une r\u00e9action est attendue lors de la prochaine journ\u00e9e avec la r\u00e9ception d\u2019Agen mais on a senti un groupe et un staff abattus apr\u00e8s cet \u00e9chec en terre proven\u00e7ale. De son c\u00f4t\u00e9, Provence Rugby tentera d\u2019aller chercher un r\u00e9sultat positif \u00e0 Nevers, \u00e9quipe toujours invaincue \u00e0 la maison. Un gros challenge encore en perspective pour Provence Rugby.<\/p>\n","protected":false},"excerpt":{"rendered":"Auteurs d\u2019une prestation propre et solide, les Aixois ont largement domin\u00e9 des Grenoblois en manque de confiance et&hellip;\n","protected":false},"author":2,"featured_media":654751,"comment_status":"","ping_status":"","sticky":false,"template":"","format":"standard","meta":{"footnotes":""},"categories":[9566],"tags":[1111,11,2430,1777,674,1011,27,2731,12,2308,25,68796],"class_list":{"0":"post-654750","1":"post","2":"type-post","3":"status-publish","4":"format-standard","5":"has-post-thumbnail","7":"category-grenoble","8":"tag-actu","9":"tag-actualites","10":"tag-auvergne-rhone-alpes","11":"tag-eu","12":"tag-europe","13":"tag-fr","14":"tag-france","15":"tag-grenoble","16":"tag-news","17":"tag-pro-d2","18":"tag-republique-francaise","19":"tag-rugby-u00e0-xv"},"share_on_mastodon":{"url":"https:\/\/pubeurope.com\/@fr\/115872788812813248","error":""},"_links":{"self":[{"href":"https:\/\/www.europesays.com\/fr\/wp-json\/wp\/v2\/posts\/654750","targetHints":{"allow":["GET"]}}],"collection":[{"href":"https:\/\/www.europesays.com\/fr\/wp-json\/wp\/v2\/posts"}],"about":[{"href":"https:\/\/www.europesays.com\/fr\/wp-json\/wp\/v2\/types\/post"}],"author":[{"embeddable":true,"href":"https:\/\/www.europesays.com\/fr\/wp-json\/wp\/v2\/users\/2"}],"replies":[{"embeddable":true,"href":"https:\/\/www.europesays.com\/fr\/wp-json\/wp\/v2\/comments?post=654750"}],"version-history":[{"count":0,"href":"https:\/\/www.europesays.com\/fr\/wp-json\/wp\/v2\/posts\/654750\/revisions"}],"wp:featuredmedia":[{"embeddable":true,"href":"https:\/\/www.europesays.com\/fr\/wp-json\/wp\/v2\/media\/654751"}],"wp:attachment":[{"href":"https:\/\/www.europesays.com\/fr\/wp-json\/wp\/v2\/media?parent=654750"}],"wp:term":[{"taxonomy":"category","embeddable":true,"href":"https:\/\/www.europesays.com\/fr\/wp-json\/wp\/v2\/categories?post=654750"},{"taxonomy":"post_tag","embeddable":true,"href":"https:\/\/www.europesays.com\/fr\/wp-json\/wp\/v2\/tags?post=654750"}],"curies":[{"name":"wp","href":"https:\/\/api.w.org\/{rel}","templated":true}]}}