{"id":654754,"date":"2026-01-10T20:55:13","date_gmt":"2026-01-10T20:55:13","guid":{"rendered":"https:\/\/www.europesays.com\/fr\/654754\/"},"modified":"2026-01-10T20:55:13","modified_gmt":"2026-01-10T20:55:13","slug":"illkirch-graffenstaden-miss-france-et-miss-alsace-ont-conquis-le-coeur-de-centaines-de-personnes","status":"publish","type":"post","link":"https:\/\/www.europesays.com\/fr\/654754\/","title":{"rendered":"Illkirch-Graffenstaden. Miss France et Miss Alsace ont conquis le c\u0153ur de centaines de personnes"},"content":{"rendered":"<p>Avec leur \u00e9l\u00e9gante robe bleue, satin\u00e9e pour l\u2019une, \u00e0 paillettes pour l\u2019autre, leur joli minois et leur irr\u00e9sistible sourire, Hinaupoko Dev\u00e8ze, Miss France 2026, et <a href=\"https:\/\/www.dna.fr\/societe\/2025\/06\/26\/miss-alsace-2025-suivez-l-election-depuis-le-royal-palace-de-kirrwiller-avec-nous\" target=\"_blank\" rel=\"nofollow noopener\">Julie Decroix,<\/a> Miss Alsace, ont illumin\u00e9 la galerie du centre commercial Aushopping Illkirch Baggersee, et combl\u00e9 de bonheur leurs fervents admirateurs. Ils \u00e9taient nombreux ce samedi apr\u00e8s-midi, formant une tr\u00e8s longue file d\u2019attente, pour d\u00e9crocher le pr\u00e9cieux s\u00e9same et une photo souvenir.<\/p>\n<p>  1\u00a0500 cartons de d\u00e9dicace<\/p>\n<p>Il y a tout juste un an, <a href=\"http:\/\/www.dna.fr\/societe\/2024\/12\/15\/qui-est-angelique-angarni-filopon-miss-france-2025#:~:text=Ang%25C3%25A9lique%2520Angarni%252DFilopon%252C%2520Miss%2520Martinique%25202024%252C%2520a%2520%25C3%25A9t%25C3%25A9%2520sacr%25C3%25A9e,%252Dde%252DCalais%25202023).\" target=\"_blank\" rel=\"nofollow noopener\"> Ang\u00e9lique Angarni-Filopon<\/a> alors fra\u00eechement aur\u00e9ol\u00e9e de son titre de Miss France 2025, accompagn\u00e9e de Miss Alsace, avait plac\u00e9 la barre tr\u00e8s haut en rencontrant des centaines de fans. Sa successeuse <a href=\"https:\/\/www.dna.fr\/societe\/2025\/12\/07\/qui-est-hinaupoko-deveze-sacree-miss-france-2026-a-23-ans\" target=\"_blank\" rel=\"nofollow noopener\">Hinaupoko Dev\u00e8ze<\/a> semble avoir fait encore mieux ce samedi.<\/p>\n<p>\u00ab\u00a0Le comit\u00e9 Miss France nous a dit qu\u2019elle \u00e9tait particuli\u00e8rement appr\u00e9ci\u00e9e et qu\u2019il risquait d\u2019y avoir plus de monde, alors on a pr\u00e9vu 1\u00a0500 cartons de d\u00e9dicace\u00a0\u00bb, explique Pauline Mignot, charg\u00e9e de la communication et de l\u2019animation du centre. Il fallait s\u2019armer de beaucoup de patience (entre une heure et deux heures) pour grimper sur le podium et immortaliser l\u2019instant avec les deux stars du jour.<\/p>\n<p>Pas un probl\u00e8me pour Abiga\u00eblle Heuea, 26 ans, venue expr\u00e8s de Nancy pour voir son idole originaire des \u00eeles Marquises. \u00ab\u00a0Elle est magnifique et elle repr\u00e9sente bien sa personne. Hinaupoko, \u00e7a veut dire \u201cLa grande d\u00e9esse\u201d en marquisien\u00a0\u00bb, sourit la jeune femme de 26 ans, elle-m\u00eame originaire de Polyn\u00e9sie. Avec Vera, sa maman, elles ont \u00e9chang\u00e9 quelques mots en tahitien avec leur idole avant de remettre \u00e0 chaque Miss un collier traditionnel. Un des innombrables cadeaux qu\u2019elles ont re\u00e7us ce samedi \u00e0 Illkirch.<\/p>\n","protected":false},"excerpt":{"rendered":"Avec leur \u00e9l\u00e9gante robe bleue, satin\u00e9e pour l\u2019une, \u00e0 paillettes pour l\u2019autre, leur joli minois et leur irr\u00e9sistible&hellip;\n","protected":false},"author":2,"featured_media":654755,"comment_status":"","ping_status":"","sticky":false,"template":"","format":"standard","meta":{"footnotes":""},"categories":[2820],"tags":[1111,11,2389,1687,2880,1777,674,107,1011,27,775,3088,12,25,640,3089],"class_list":{"0":"post-654754","1":"post","2":"type-post","3":"status-publish","4":"format-standard","5":"has-post-thumbnail","7":"category-strasbourg","8":"tag-actu","9":"tag-actualites","10":"tag-alsace","11":"tag-culture-loisirs","12":"tag-edition-strasbourg","13":"tag-eu","14":"tag-europe","15":"tag-fil-info","16":"tag-fr","17":"tag-france","18":"tag-grand-est","19":"tag-illkirch-graffenstaden","20":"tag-news","21":"tag-republique-francaise","22":"tag-strasbourg","23":"tag-strasbourg-sud"},"share_on_mastodon":{"url":"https:\/\/pubeurope.com\/@fr\/115872800700166852","error":""},"_links":{"self":[{"href":"https:\/\/www.europesays.com\/fr\/wp-json\/wp\/v2\/posts\/654754","targetHints":{"allow":["GET"]}}],"collection":[{"href":"https:\/\/www.europesays.com\/fr\/wp-json\/wp\/v2\/posts"}],"about":[{"href":"https:\/\/www.europesays.com\/fr\/wp-json\/wp\/v2\/types\/post"}],"author":[{"embeddable":true,"href":"https:\/\/www.europesays.com\/fr\/wp-json\/wp\/v2\/users\/2"}],"replies":[{"embeddable":true,"href":"https:\/\/www.europesays.com\/fr\/wp-json\/wp\/v2\/comments?post=654754"}],"version-history":[{"count":0,"href":"https:\/\/www.europesays.com\/fr\/wp-json\/wp\/v2\/posts\/654754\/revisions"}],"wp:featuredmedia":[{"embeddable":true,"href":"https:\/\/www.europesays.com\/fr\/wp-json\/wp\/v2\/media\/654755"}],"wp:attachment":[{"href":"https:\/\/www.europesays.com\/fr\/wp-json\/wp\/v2\/media?parent=654754"}],"wp:term":[{"taxonomy":"category","embeddable":true,"href":"https:\/\/www.europesays.com\/fr\/wp-json\/wp\/v2\/categories?post=654754"},{"taxonomy":"post_tag","embeddable":true,"href":"https:\/\/www.europesays.com\/fr\/wp-json\/wp\/v2\/tags?post=654754"}],"curies":[{"name":"wp","href":"https:\/\/api.w.org\/{rel}","templated":true}]}}