{"id":654768,"date":"2026-01-10T21:03:09","date_gmt":"2026-01-10T21:03:09","guid":{"rendered":"https:\/\/www.europesays.com\/fr\/654768\/"},"modified":"2026-01-10T21:03:09","modified_gmt":"2026-01-10T21:03:09","slug":"cest-quoi-les-operations-buses-organisees-par-les-agriculteurs-jusqua-mercredi-en-haute-garonne","status":"publish","type":"post","link":"https:\/\/www.europesays.com\/fr\/654768\/","title":{"rendered":"C&rsquo;est quoi les \u00ab\u00a0op\u00e9rations buses\u00a0\u00bb, organis\u00e9es par les agriculteurs jusqu&rsquo;\u00e0 mercredi en Haute-Garonne\u00a0?"},"content":{"rendered":"<p>                    Par<br \/>\n        <strong><br \/>\n            <a href=\"https:\/\/actu.fr\/auteur\/guillaume-laurens\" title=\"Consulter tous les articles de Guillaume Laurens\" target=\"_blank\" rel=\"noopener\">Guillaume Laurens<\/a><br \/>\n                    <\/strong><\/p>\n<p>        Publi\u00e9 le<\/p>\n<p>            10 janv. 2026 \u00e0 18h46        <\/p>\n<p><strong>\u00ab\u2009Op\u00e9rations buses\u2009\u00bb.<\/strong> C\u2019est le nom de code des actions organis\u00e9es par les <strong>agriculteurs en col\u00e8re<\/strong>, qui n\u2019ont pas dit leur dernier mot \u2013 loin s\u2019en faut \u2013 en Haute-Garonne, dans le long <strong>bras de fer<\/strong> qui les oppose depuis plus d\u2019un mois au gouvernement, sur le front (notamment) des mesures en vigueur face \u00e0 la <a href=\"https:\/\/actu.fr\/tag\/dermatose-nodulaire\" target=\"_blank\" rel=\"noopener\"><strong>Dermatose nodulaire contagieuse<\/strong> (DNC). <\/a>\u00ab\u2009Jusqu\u2019\u00e0 mercredi, on fait <strong>des op\u00e9rations buses\u2009\u00bb,<\/strong> glisse ainsi \u00e0 Actu Toulouse <strong>Luc Mesbah<\/strong>, au nom de l\u2019intersyndicale agricole (FDSEA, JA, Coordination rurale et Conf\u00e9d\u00e9ration paysanne) en Haute-Garonne. Voici de quoi il s\u2019agit.<\/p>\n<p>La buse, \u00ab\u2009un oiseau rare en voie de disparition\u2009\u00bb<\/p>\n<p class=\" wall-content\">\u00ab\u2009On a appel\u00e9 \u00e7a les op\u00e9rations buses, car la buse est un <strong>oiseau rare<\/strong> en voie de disparition\u2009\u00bb, raconte Luc Mesbah, par ailleurs secr\u00e9taire g\u00e9n\u00e9ral de la FDSEA. Le principe est simple\u2009: \u00e0 l\u2019instar du rapace, les agriculteurs sont appel\u00e9s \u00e0 mener des <strong>actions \u00e9clair<\/strong> \u00e7\u00e0 ou l\u00e0\u2026 puis \u00e0 s\u2019envoler rapidement \u00e0 chaque fois.<\/p>\n<p class=\" wall-content\">Au programme de ces prochains jours\u2009? \u00ab\u2009Diverses <strong>perturbations \u00e9ph\u00e9m\u00e8res<\/strong> sur des <strong>axes routiers et ferroviaires<\/strong>, ou bien des lieux strat\u00e9giques, comme les <strong>services de l\u2019\u00c9tat<\/strong>, les institutions li\u00e9es de pr\u00e8s ou de loin au gouvernement, tout en respectant les biens et les personnes\u2009\u00bb, insiste celui qui est aussi secr\u00e9taire g\u00e9n\u00e9ral de la FDSEA 31. Car le mot d\u2019ordre donn\u00e9 par l\u2019intersyndicale localement est clair\u2009: \u00ab\u2009Des d\u00e9versements oui, de la casse non\u2009\u00bb.<\/p>\n<p>\u00ab\u2009Dans la R\u00e9sistance, il y a des maquisards\u2026\u2009\u00bb<\/p>\n<p class=\" wall-content\">O\u00f9 seront men\u00e9es ces op\u00e9rations buses\u2009? \u00ab\u2009Pour qu\u2019elles se r\u00e9alisent, il faut un <strong>effet de surprise<\/strong>, donc on laisse la libert\u00e9 dans les cantons et sur les territoires de mener ces actions. M\u00eame moi, je ne suis pas au courant de ce qu\u2019il va se passer\u2009\u00bb, avance Luc Mesbah. Un temps mort, puis il encha\u00eene\u2009: \u00ab\u2009Dans la R\u00e9sistance, il y a des maquisards\u2026\u2009\u00bb<\/p>\n<p>\u00ab\u2009Vu qu\u2019on a des interdictions de manifestation\u2026\u2009\u00bb<\/p>\n<p class=\" wall-content\">\u00ab\u2009Vu qu\u2019on a des interdictions de manifestation, on va faire des op\u00e9rations buses\u2009\u00bb, confirme <strong>Maxime Raud<\/strong>. \u00ab\u2009Elles sont laiss\u00e9es au libre choix des agriculteurs du d\u00e9partement\u2009\u00bb, dit le pr\u00e9sident de la Coordination rurale 31, \u00e0 l\u2019unisson avec son comparse de la FDSEA\u2009: \u00ab\u2009Les autorit\u00e9s envoient les forces de l\u2019ordre aux organisations syndicales \u00e0 la moindre action, alors qu\u2019elles laissent un agriculteur bloquer une autoroute pendant un mois\u2026 [allusion \u00e0 <a href=\"https:\/\/actu.fr\/occitanie\/carbonne_31107\/dermatose-nodulaire-les-agriculteurs-envahissent-l-autoroute-a64-qui-est-coupee-au-sud-de-toulouse_63570316.html\" target=\"_blank\" rel=\"noopener\">J\u00e9r\u00f4me Bayle qui est toujours mobilis\u00e9 \u00e0 Carbonne avec les Ultras de l\u2019A64,<\/a> l\u2019association aux commandes de la chambre d\u2019agriculture, NDLR]. Et que pour nous, m\u00eame<a href=\"https:\/\/actu.fr\/occitanie\/toulouse_31555\/colere-agricole-130-agriculteurs-reunis-pour-une-marche-funebre-dans-le-centre-de-toulouse_63647299.html\" target=\"_blank\" rel=\"noopener\"> lors d\u2019une manifestation pacifique \u00e0 Toulouse o\u00f9 l\u2019on portait des croix, on a pris des coups\u2009\u00bb.<\/a><\/p>\n<p>Quelles sont les revendications des agriculteurs ?<\/p>\n<p>Les revendications des agriculteurs sont nombreuses, mais d&rsquo;apr\u00e8s Luc Mesbah, l&rsquo;enjeu premier reste de revoir le protocole en vigueur face \u00e0 la crise de la DNC : \u00ab\u00a0La ministre dit avoir doubl\u00e9 l&rsquo;aide allou\u00e9e aux \u00e9leveurs, mais le doublement de l&rsquo;enveloppe promise ne suffira pas sur un d\u00e9partement comme le n\u00f4tre, car cela va concerner 300 \u00e9leveurs. Or, il y en a 1 180 en Haute-Garonne, on fait quoi des autres ?\u00a0\u00bb Quant \u00e0 l&rsquo;accord du Mercosur, \u00ab\u00a0il sera sign\u00e9, on n&rsquo;est pas dupes\u00a0\u00bb, soupire ce c\u00e9r\u00e9alier de Longages, qui r\u00e9clame pour y faire face de r\u00e9elles avanc\u00e9es en mati\u00e8re de \u00ab\u00a0simplification administrative, afin de nous d\u00e9barrasser de la paperasse, de nous laisser travailler sur notre m\u00e9tier, et de nous permettre ainsi d&rsquo;\u00eatre comp\u00e9titifs face \u00e0 la concurrence\u2026\u00a0\u00bb.<\/p>\n<p>\u00ab\u2009Ils n\u2019y arriveront pas\u2026 Et \u00e7a leur pend au nez\u2009\u00bb<\/p>\n<p class=\" wall-content\">L\u2019un comme l\u2019autre ne d\u00e9col\u00e8rent face aux <strong>directives du pr\u00e9fet<\/strong> qui ont vis\u00e9 leurs derni\u00e8res actions \u00e0 Toulouse et dans l\u2019agglom\u00e9ration, et face \u00e0<strong> \u00ab\u2009la proportionnalit\u00e9 des mesures de r\u00e9torsion<\/strong> par rapport \u00e0 d\u2019autres mouvements sociaux\u2009\u00bb, dit Luc Mesbah. Prohib\u00e9e par les autorit\u00e9s, la derni\u00e8re manifestation dans la Ville rose mercredi <a href=\"https:\/\/actu.fr\/occitanie\/toulouse_31555\/la-manif-des-agriculteurs-a-toulouse-en-quelques-chiffres-verbalisations-gardes-a-vue_63667651.html\" target=\"_blank\" rel=\"noopener\">s\u2019est sold\u00e9e par 17 interpellations<\/a>. \u00ab\u2009Ils veulent interdire nos engins agricoles\u2009? C\u2019est tr\u00e8s bien\u2009\u00bb, ironise Maxime Raud, qui annonce la couleur\u2009:<\/p>\n<p>Votre r\u00e9gion, votre actu !<\/p>\n<p>Recevez chaque jour les infos qui comptent pour vous.<\/p>\n<p>\t<a href=\"https:\/\/actu.fr\/newsletter\" class=\"ac-btn ac-btn--corner ac-btn--medium ac-btn--blue800\" target=\"_blank\" rel=\"noopener\">S&rsquo;incrire<\/a><\/p>\n<blockquote class=\"ac-article-quote wall-content\">\n<p>Avec les tracteurs, ils arrivent encore \u00e0 nous contenir, mais avec les voitures, ils n&rsquo;y arriveront pas\u2026 Et \u00e7a leur pend au nez.<\/p>\n<p>    <strong>Maxime Raud\u00a0<\/strong><br \/>\n        Pr\u00e9sident de la Coordination rurale de la Haute-Garonne    <\/p><\/blockquote>\n<p>Avant une nouvelle action \u00e0 Toulouse<\/p>\n<p class=\" wall-content\">\u00c0 l\u2019instar des op\u00e9rations men\u00e9es <a href=\"https:\/\/actu.fr\/occitanie\/toulouse_31555\/les-agriculteurs-bloquent-l-a68-et-l-a680-aux-portes-de-toulouse-le-point-sur-la-circulation_63674023.html\" target=\"_blank\" rel=\"noopener\">sur l\u2019A68 et l\u2019A680 vendredi matin<\/a>, puis sur <a href=\"https:\/\/actu.fr\/occitanie\/montgiscard_31381\/colere-des-agriculteurs-en-haute-garonne-une-nouvelle-mobilisation-aux-portes-de-toulouse-pres-de-l-a61_63673902.html\" target=\"_blank\" rel=\"noopener\">l\u2019A61 dans la foul\u00e9e,<\/a> par des agriculteurs qui <strong>se sont \u00e9vapor\u00e9s apr\u00e8s avoir d\u00e9vers\u00e9 du fumier<\/strong> et <strong>coup\u00e9 la circulation<\/strong>, d\u2019autres actions du m\u00eame acabit sont donc \u00e0 pr\u00e9voir ces prochains jours\u2026<\/p>\n<p class=\" wall-content\">Ce samedi, outre les perturbations du fameux barrage de Carbonne, des agriculteurs en col\u00e8re sont apparus sur le <strong>rond-point de Fos<\/strong> sous le regard des gendarmes\u2026 sans barrage \u00e0 cette heure. \u00c0 l\u2019appel des organisations syndicales, une <strong>nouvelle<\/strong> <strong>mobilisation<\/strong> des agriculteurs \u00e0 Toulouse est dans les tuyaux pour la semaine prochaine.<\/p>\n<p class=\" wall-content\">Personnalisez votre actualit\u00e9 en ajoutant vos villes et m\u00e9dias en favori avec <a href=\"https:\/\/moncompte.actu.fr\" title=\"D\u00e9couvez Mon Actu\" rel=\"nofollow noopener\" data-trk=\"{&quot;cta&quot;:{&quot;action&quot;:&quot;https:\\\/\\\/moncompte.actu.fr&quot;,&quot;category&quot;:&quot;mon compte&quot;,&quot;from&quot;:&quot;article footer&quot;,&quot;name&quot;:&quot;Mon actu&quot;,&quot;type&quot;:&quot;cta&quot;}}\" target=\"_blank\">Mon Actu<\/a>.<\/p>\n","protected":false},"excerpt":{"rendered":"Par Guillaume Laurens Publi\u00e9 le 10 janv. 2026 \u00e0 18h46 \u00ab\u2009Op\u00e9rations buses\u2009\u00bb. C\u2019est le nom de code des&hellip;\n","protected":false},"author":2,"featured_media":654769,"comment_status":"","ping_status":"","sticky":false,"template":"","format":"standard","meta":{"footnotes":""},"categories":[2816],"tags":[1111,11,327,70814,1777,674,1011,27,1272,12,2680,25,104,2312],"class_list":{"0":"post-654768","1":"post","2":"type-post","3":"status-publish","4":"format-standard","5":"has-post-thumbnail","7":"category-toulouse","8":"tag-actu","9":"tag-actualites","10":"tag-agriculture","11":"tag-dermatose-nodulaire","12":"tag-eu","13":"tag-europe","14":"tag-fr","15":"tag-france","16":"tag-manifestations","17":"tag-news","18":"tag-occitanie","19":"tag-republique-francaise","20":"tag-societe","21":"tag-toulouse"},"share_on_mastodon":{"url":"https:\/\/pubeurope.com\/@fr\/115872832212315231","error":""},"_links":{"self":[{"href":"https:\/\/www.europesays.com\/fr\/wp-json\/wp\/v2\/posts\/654768","targetHints":{"allow":["GET"]}}],"collection":[{"href":"https:\/\/www.europesays.com\/fr\/wp-json\/wp\/v2\/posts"}],"about":[{"href":"https:\/\/www.europesays.com\/fr\/wp-json\/wp\/v2\/types\/post"}],"author":[{"embeddable":true,"href":"https:\/\/www.europesays.com\/fr\/wp-json\/wp\/v2\/users\/2"}],"replies":[{"embeddable":true,"href":"https:\/\/www.europesays.com\/fr\/wp-json\/wp\/v2\/comments?post=654768"}],"version-history":[{"count":0,"href":"https:\/\/www.europesays.com\/fr\/wp-json\/wp\/v2\/posts\/654768\/revisions"}],"wp:featuredmedia":[{"embeddable":true,"href":"https:\/\/www.europesays.com\/fr\/wp-json\/wp\/v2\/media\/654769"}],"wp:attachment":[{"href":"https:\/\/www.europesays.com\/fr\/wp-json\/wp\/v2\/media?parent=654768"}],"wp:term":[{"taxonomy":"category","embeddable":true,"href":"https:\/\/www.europesays.com\/fr\/wp-json\/wp\/v2\/categories?post=654768"},{"taxonomy":"post_tag","embeddable":true,"href":"https:\/\/www.europesays.com\/fr\/wp-json\/wp\/v2\/tags?post=654768"}],"curies":[{"name":"wp","href":"https:\/\/api.w.org\/{rel}","templated":true}]}}