{"id":654774,"date":"2026-01-10T21:07:10","date_gmt":"2026-01-10T21:07:10","guid":{"rendered":"https:\/\/www.europesays.com\/fr\/654774\/"},"modified":"2026-01-10T21:07:10","modified_gmt":"2026-01-10T21:07:10","slug":"erwan-davoux-et-nora-preziosi-avec-marseille-pour-tous-veulent-renverser-la-table","status":"publish","type":"post","link":"https:\/\/www.europesays.com\/fr\/654774\/","title":{"rendered":"Erwan Davoux et Nora Preziosi, avec Marseille pour tous, veulent \u00ab\u00a0renverser la table\u00a0\u00bb"},"content":{"rendered":"<p>Ballons bleus, blancs et rouges, drapeaux fran\u00e7ais qui voisinent avec les affiches du duo <a href=\"https:\/\/www.laprovence.com\/article\/elections\/27128140204305\/je-ne-suis-pas-un-maitre-chanteur-la-reponse-derwan-davoux-qui-accuse-martine-vassal-de-detournements-de-fonds\" target=\"_blank\" rel=\"noopener\">Erwan Davoux<\/a>\/Nora Preziosi\u00a0: une foule dense est venue inaugurer ce samedi le QG du duo de la liste Marseille pour tous. Ambiance musicale et ferveur au rendez-vous pour l\u2019ex pr\u00e9sidente <a href=\"https:\/\/www.laprovence.com\/article\/politique\/2211354438252014\/nora-preziosi-martine-vassal-devra-sy-prendre-a-deux-fois-pour-levincer-de-13-habitat\" target=\"_blank\" rel=\"noopener\">de 13 Habitat \u00e9vinc\u00e9e par Martine Vassal<\/a> et l\u2019ex agent du D\u00e9partement \u00e0 l\u2019origine du d\u00e9clenchement de <a href=\"https:\/\/www.laprovence.com\/article\/politique\/1176171508450215\/martine-vassal-face-a-son-accusateur-premier-round-judiciaire-au-tribunal-correctionnel-de-marseille\" target=\"_blank\" rel=\"noopener\">l\u2019enqu\u00eate pour d\u00e9tournement de fonds publics<\/a> concernant sa pr\u00e9sidente, la m\u00eame Martine Vassal. \u00ab\u00a0On avait envie de rassembler sympathisants et militants\u00a0\u00bb, glisse Nora Preziosi, ravie de voir \u00ab\u00a0300 personnes\u00a0\u00bb la soutenir, quelques jours apr\u00e8s les perquisitions men\u00e9es, ce mercredi, au si\u00e8ge de 13 Habitat.<\/p>\n<p>Ces derniers pourraient \u00eatre li\u00e9s \u00e0 l\u2019enqu\u00eate pr\u00e9liminaire des chefs de \u00ab\u00a0prise ill\u00e9gale d\u2019int\u00e9r\u00eats, d\u00e9tournements de fonds publics et recel\u00a0\u00bb ouverte en juillet dernier par le parquet de Marseille, faisant suite \u00e0 l\u2019attribution \u00e0 la m\u00e8re de <a href=\"https:\/\/www.laprovence.com\/article\/faits-divers-justice\/42473504904367\/info-la-provence-logement-social-attribue-a-la-mere-de-nora-preziosi-des-perquisitions-en-cours-ce-mercredi-au-siege-de-13-habitat\" target=\"_blank\" rel=\"noopener\">Nora Preziosi<\/a> d\u2019un appartement appartenant au bailleur social qu\u2019elle pr\u00e9sidait. \u00ab\u00a0Je fais confiance \u00e0 la justice de mon pays et pas aux tribunaux politiques et m\u00e9diatiques\u00a0\u00bb, confie-t-elle en apart\u00e9 avant que ne commence l\u2019inauguration de son local de campagne au 20, rue Colbert (1er). Car la liste qu\u2019elle conduit pour l\u2019\u00e9lection municipale du 15 et du 22\u00a0mars\u00a02026 entend \u00ab\u00a0renverser la table\u00a0\u00bb.<\/p>\n<p>\u00ab\u00a0Marseille m\u00e9rite mieux\u00a0\u00bb<\/p>\n<p>Ouvert par un morceau de rap \u00e0 sa gloire et son pan\u00e9gyrique dress\u00e9 par une \u00e9tudiante en droit, ce lancement de campagne se fait aussi sur la musique de Gloria Gaynor, I Will Survive (Je survivrai). Posture combative, <a href=\"https:\/\/www.laprovence.com\/article\/elections\/1022749052412814\/municipales-2026-a-marseille-nora-preziosi-candidate-en-binome-avec-erwan-davoux-laccusateur-de-martine-vassal\" target=\"_blank\" rel=\"noopener\">Nora Preziosi souhaite donc avec sa candidature<\/a> \u00ab\u00a0faire barrage aux extr\u00eames\u00a0\u00bb en proposant \u00ab\u00a0une alternative cr\u00e9dible, s\u00e9rieuse et responsable\u00a0\u00bb. \u00ab\u00a0Avec Erwan Davoux, nous avons fait le choix du courage, de l\u2019ind\u00e9pendance, de la proximit\u00e9 et de la participation citoyenne\u00a0\u00bb, lance-t-elle devant un public conquis qui applaudit \u00e0 ses \u00ab\u00a0Marseille m\u00e9rite mieux\u00a0\u00bb. \u00ab\u00a0Je suis debout, je continuerai de l\u2019\u00eatre car ma force c\u2019est vous, c\u2019est Marseille\u00a0\u00bb, poursuit-elle non sans tacler la candidate de la droite et du centre qui s\u2019est lanc\u00e9e sur un \u00ab\u00a0Marseille je t\u2019aime\u00a0\u00bb\u00a0: \u00ab\u00a0Il faut arr\u00eater de dire aux Marseillais qu\u2019on les aime alors qu\u2019on n\u2019a rien fait pour eux pendant des ann\u00e9es.\u00a0\u00bb<\/p>\n<p>Avant de pr\u00e9senter quelques-unes des t\u00eates de liste comme le m\u00e9decin des quartiers Nord <a href=\"https:\/\/www.laprovence.com\/article\/politique\/3076091261920214\/municipales-2026-le-divers-droit-frederic-collart-oui-je-suis-candidat-a-marseille\" target=\"_blank\" rel=\"noopener\">et ancien soutien de Fr\u00e9d\u00e9ric Collart (DVD)<\/a>, <a href=\"https:\/\/www.laprovence.com\/article\/region\/25054230271371\/un-candidat-potentiel-du-mouvement-marseille-a-coeur-depose-une-main-courante-contre-sebastien-delogu\" target=\"_blank\" rel=\"noopener\">Sa\u00efd Ouichou<\/a>, dans les 15e-16e ou encore \u00c9lisabeth Sa\u00efd, ex-conseill\u00e8re municipale dans le groupe de Jean-No\u00ebl Gu\u00e9rini (PS), dans les 2e-3e, Erwan Davoux invite les participants \u00e0 s\u2019engager\u00a0: \u00ab\u00a0Une dynamique est en train de monter mais elle a besoin de vous pour d\u00e9ferler sur Marseille.\u00a0\u00bb S\u2019il r\u00e9clame un d\u00e9bat avec ses adversaires d\u00e9clar\u00e9s &#8211; <a href=\"https:\/\/www.laprovence.com\/article\/elections\/65538315174283\/pas-dalliance-dappareil-avec-le-rn-martine-vassal-rectifie-le-tir-sans-eteindre-le-malaise-au-centre\" target=\"_blank\" rel=\"noopener\">Martine Vassal (DVD)<\/a>, <a href=\"https:\/\/www.laprovence.com\/article\/elections\/57814407015997\/exclusif-benoit-payan-candidat-aux-municipales-a-marseille-je-veux-porter-cette-ville-vers-son-destin\" target=\"_blank\" rel=\"noopener\">Beno\u00eet Payan (DVG)<\/a>, <a href=\"https:\/\/www.laprovence.com\/article\/politique\/5623800087149\/municipales-2026-a-marseille-pourquoi-lfi-veut-supprimer-la-metropole-aix-marseille-provence\" target=\"_blank\" rel=\"noopener\">S\u00e9bastien Delogu (LFI)<\/a> et <a href=\"https:\/\/www.laprovence.com\/article\/elections\/1685963606272115\/municipales-2026-marseille-doit-etre-lautre-capitale-economique-de-la-france-pour-le-candidat-rn-franck-allisio\" target=\"_blank\" rel=\"noopener\">Franck Allisio (RN)<\/a> &#8211; Erwan Davoux estime que sa candidature \u00ab\u00a0n\u2019est pas une querelle de personnes\u00a0\u00bb, critiquant les \u00ab\u00a0politiques illisibles\u00a0\u00bb et ceux qui ont \u00ab\u00a0maltrait\u00e9 Marseille\u00a0\u00bb. Pour lui \u00ab\u00a0redonner sa fiert\u00e9\u00a0\u00bb, il mise sur \u00ab\u00a0la s\u00e9curit\u00e9 publique, l\u2019\u00e9cole et la jeunesse, un urbanisme coh\u00e9rent\u00a0\u00bb mais surtout sur \u00ab\u00a0la fin du client\u00e9lisme\u00a0\u00bb afin, scande-t-il comme un mantra, de \u00ab\u00a0changer profond\u00e9ment le syst\u00e8me\u00a0\u00bb.<\/p>\n<p><img alt=\"\" loading=\"lazy\" width=\"18\" height=\"18\" decoding=\"async\" data-nimg=\"1\" class=\"mx-[8px]\" style=\"color:transparent\" src=\"https:\/\/www.laprovence.com\/_next\/static\/media\/comment.b95dda91.svg\"\/>D\u00e9marrez la conversation<\/p>\n<p class=\"text-[1.8rem] mt-[32px]\">Votre opinion compte pour nous. Rejoignez la communaut\u00e9 laprovence.com en r\u00e9agissant sur l&rsquo;article Municipales\u00a02026\u00a0: Erwan Davoux et Nora Preziosi, avec Marseille pour tous, veulent \u00ab\u00a0renverser la table\u00a0\u00bb.<\/p>\n","protected":false},"excerpt":{"rendered":"Ballons bleus, blancs et rouges, drapeaux fran\u00e7ais qui voisinent avec les affiches du duo Erwan Davoux\/Nora Preziosi\u00a0: une&hellip;\n","protected":false},"author":2,"featured_media":654775,"comment_status":"","ping_status":"","sticky":false,"template":"","format":"standard","meta":{"footnotes":""},"categories":[2814],"tags":[5734,1111,11,3396,75762,35807,1777,674,1011,27,884,3434,12,16264,316,16265,882,25],"class_list":{"0":"post-654774","1":"post","2":"type-post","3":"status-publish","4":"format-standard","5":"has-post-thumbnail","7":"category-marseille","8":"tag-5734","9":"tag-actu","10":"tag-actualites","11":"tag-avec","12":"tag-davoux","13":"tag-erwan","14":"tag-eu","15":"tag-europe","16":"tag-fr","17":"tag-france","18":"tag-marseille","19":"tag-municipales-2026","20":"tag-news","21":"tag-nora","22":"tag-politique","23":"tag-preziosi","24":"tag-provence-alpes-cote-dazur","25":"tag-republique-francaise"},"share_on_mastodon":{"url":"https:\/\/pubeurope.com\/@fr\/115872848045812644","error":""},"_links":{"self":[{"href":"https:\/\/www.europesays.com\/fr\/wp-json\/wp\/v2\/posts\/654774","targetHints":{"allow":["GET"]}}],"collection":[{"href":"https:\/\/www.europesays.com\/fr\/wp-json\/wp\/v2\/posts"}],"about":[{"href":"https:\/\/www.europesays.com\/fr\/wp-json\/wp\/v2\/types\/post"}],"author":[{"embeddable":true,"href":"https:\/\/www.europesays.com\/fr\/wp-json\/wp\/v2\/users\/2"}],"replies":[{"embeddable":true,"href":"https:\/\/www.europesays.com\/fr\/wp-json\/wp\/v2\/comments?post=654774"}],"version-history":[{"count":0,"href":"https:\/\/www.europesays.com\/fr\/wp-json\/wp\/v2\/posts\/654774\/revisions"}],"wp:featuredmedia":[{"embeddable":true,"href":"https:\/\/www.europesays.com\/fr\/wp-json\/wp\/v2\/media\/654775"}],"wp:attachment":[{"href":"https:\/\/www.europesays.com\/fr\/wp-json\/wp\/v2\/media?parent=654774"}],"wp:term":[{"taxonomy":"category","embeddable":true,"href":"https:\/\/www.europesays.com\/fr\/wp-json\/wp\/v2\/categories?post=654774"},{"taxonomy":"post_tag","embeddable":true,"href":"https:\/\/www.europesays.com\/fr\/wp-json\/wp\/v2\/tags?post=654774"}],"curies":[{"name":"wp","href":"https:\/\/api.w.org\/{rel}","templated":true}]}}