{"id":654782,"date":"2026-01-10T21:13:02","date_gmt":"2026-01-10T21:13:02","guid":{"rendered":"https:\/\/www.europesays.com\/fr\/654782\/"},"modified":"2026-01-10T21:13:02","modified_gmt":"2026-01-10T21:13:02","slug":"il-y-a-un-effet-mareva-dans-les-yvelines-le-concours-de-beaute-dope-par-le-succes-de-lex-miss-ile-de-france","status":"publish","type":"post","link":"https:\/\/www.europesays.com\/fr\/654782\/","title":{"rendered":"\u00ab\u00a0Il y a un effet Mareva\u00a0\u00bb\u00a0: dans les Yvelines, le concours de beaut\u00e9 dop\u00e9 par le succ\u00e8s de l\u2019ex-Miss \u00cele-de-France"},"content":{"rendered":"<p class=\"paragraph text_align_left lp-f-body-02\">Elle est de toutes les conversations. Alors que commencent \u00e0 peine les s\u00e9lections pour le concours Miss France 2027, les Yvelines font face \u00e0 un afflux de candidates. Ce samedi, une cinquantaine de jeunes femmes se sont pr\u00e9sent\u00e9es aux \u00e9preuves locales. Avec un objectif : imiter, au moins, le parcours de <a href=\"https:\/\/www.leparisien.fr\/culture-loisirs\/miss-france\/miss-france-2026-qui-est-miss-ile-de-france-mareva-michel-30-11-2025-IQB77YGBQBEF5MWWRAJ4TCZMWI.php\" target=\"_blank\" rel=\"noreferrer noopener\">Mareva Michel<\/a>.<\/p>\n<p class=\"\">D\u2019abord Miss Yvelines 2025, cette derni\u00e8re est devenue, l\u2019an dernier, reine de beaut\u00e9 d\u2019\u00cele-de-France avant de finir huiti\u00e8me du concours national en d\u00e9cembre. L\u2019\u00e9v\u00e9nement avait des allures de petit exploit pour <a href=\"https:\/\/www.leparisien.fr\/yvelines-78\/a-rebours-de-la-tendance-les-yvelines-vont-avoir-leur-tout-premier-concours-vers-miss-france-11-01-2025-HBOPWVTV6RCWZC6KWC7ACGW4XE.php?ts=1768058989558\" target=\"_blank\" rel=\"noreferrer noopener\">le comit\u00e9 78<\/a>, puisqu\u2019il venait tout juste d\u2019\u00eatre cr\u00e9\u00e9 !<\/p>\n<p class=\"\">\u00ab Forc\u00e9ment, savoir que Mareva a r\u00e9ussi, savoir qu\u2019elle a v\u00e9cu les m\u00eames choses que nous, \u00e7a donne l\u2019espoir d\u2019y arriver, confie Lou-Anne, 18 ans, venue de Chatou. Je suis Yvelinoise et dans la m\u00eame \u00e9cole de commerce que Mareva. Alors je me suis logiquement identifi\u00e9e \u00e0 elle. \u00bb<\/p>\n<p class=\"\">Dans la petite salle de Noisy-le-Roi, pr\u00e8s de Versailles, qui accueille les pr\u00e9tendantes, la petite foule attend f\u00e9brilement les r\u00e9sultats des pr\u00e9s\u00e9lections. Seules 12 d\u2019entre elles seront retenues et nourriront l\u2019espoir de d\u00e9crocher, le 15 f\u00e9vrier prochain, l\u2019\u00e9charpe de Miss Yvelines.<\/p>\n<p>\u00ab Elle a ouvert la voie \u00bb<\/p>\n<p class=\"\">Le casting les juge sur leur d\u00e9marche, leur charisme ou leur conversation. Il faut mesurer 1,70 m minimum mais l\u2019\u00e2ge n\u2019est pas un crit\u00e8re. Anna, qui vient d\u2019apprendre sa s\u00e9lection, affiche ainsi sans complexe ses 28 ans. Architecte venue de Saint-Arnoult-en-Yvelines, elle aussi cite l\u2019engouement autour de la belle Yvelinoise, qui a \u00ab ouvert la voie \u00bb : \u00ab Il y a clairement un effet Mareva mais je veux souligner l\u2019apport du comit\u00e9 local. Savoir qu\u2019il existait a beaucoup jou\u00e9 sur ma d\u00e9cision de me pr\u00e9senter. \u00bb<\/p>\n<p class=\"\">Nolwen a elle aussi \u00e9t\u00e9 convaincue par la cr\u00e9ation d\u2019une section d\u00e9partementale. C\u2019est aussi le cas d\u2019Elijah. Faute d\u2019organisation locale, la Versaillaise avait, l\u2019an pass\u00e9, directement tent\u00e9 les \u00e9preuves \u00cele-de-France. Sans succ\u00e8s.<\/p>\n<p class=\"\">Elle tente de nouveau sa chance, mais cette fois dans un contexte diff\u00e9rent et avec l\u2019assurance d\u2019un suivi r\u00e9gulier. \u00ab Il n\u2019est pas interdit de postuler directement au concours \u00cele-de-France, assure Philippe Dompeyre, pr\u00e9sident du comit\u00e9 des Yvelines, qu\u2019il a lui-m\u00eame cr\u00e9\u00e9. Mais passer par une antenne locale permet de s\u2019y pr\u00e9parer. Pendant plusieurs semaines, nous allons coacher ces filles. Elles auront par exemple droit aux conseils d\u2019un chor\u00e9graphe et de deux ex-Miss. \u00bb<\/p>\n<p class=\"\">Ce m\u00e9decin install\u00e9 \u00e0 Poissy, dirigeant d\u2019une association qui vient en aide \u00e0 la recherche contre le cancer, n\u2019\u00e9chappe pas, lui non plus, \u00e0 l\u2019\u00e9mulation autour de \u00ab sa \u00bb premi\u00e8re Miss. Si ce premier succ\u00e8s l\u2019oblige, il offre aussi une belle publicit\u00e9 au d\u00e9partement.<\/p>\n<p class=\"\">\u00ab Nous avons mis la barre assez haut en d\u00e9crochant, pour notre premi\u00e8re ann\u00e9e, l\u2019\u00e9charpe \u00cele-de-France, reconna\u00eet-il. Mais le succ\u00e8s de Mareva Michel aura eu un effet positif. En plus d\u2019attirer plus de jeunes femmes, il alimente leur ambition. On a l\u2019impression que Miss Yvelines n\u2019est plus une fin en soi, qu\u2019elles peuvent viser plus haut. \u00bb<\/p>\n<p class=\"\">\u00ab Plus haut \u00bb, c\u2019est-\u00e0-dire esp\u00e9rer d\u00e9crocher le titre r\u00e9gional puis national comme <a href=\"https:\/\/www.leparisien.fr\/yvelines-78\/elle-a-un-truc-en-plus-a-chambourcy-accueil-de-rock-star-pour-miss-france-17-12-2025-SW7ZDIWPBJG3PPQGCX2H5PRJWQ.php\" target=\"_blank\" rel=\"noreferrer noopener\">Hinaupoko Dev\u00e8ze<\/a>, couronn\u00e9e en d\u00e9cembre dernier. La Miss France rencontrera d\u2019ailleurs son public mercredi prochain, de 15 heures \u00e0 17h30, au centre Aushopping Grand Plaisir.<\/p>\n","protected":false},"excerpt":{"rendered":"Elle est de toutes les conversations. Alors que commencent \u00e0 peine les s\u00e9lections pour le concours Miss France&hellip;\n","protected":false},"author":2,"featured_media":654783,"comment_status":"","ping_status":"","sticky":false,"template":"","format":"standard","meta":{"footnotes":""},"categories":[1592],"tags":[1111,11,1777,674,1011,27,662,1944,12,626,25,1938],"class_list":{"0":"post-654782","1":"post","2":"type-post","3":"status-publish","4":"format-standard","5":"has-post-thumbnail","7":"category-ile-de-france","8":"tag-actu","9":"tag-actualites","10":"tag-eu","11":"tag-europe","12":"tag-fr","13":"tag-france","14":"tag-ile-de-france","15":"tag-ma-ville","16":"tag-news","17":"tag-paris","18":"tag-republique-francaise","19":"tag-yvelines"},"share_on_mastodon":{"url":"https:\/\/pubeurope.com\/@fr\/115872871518240704","error":""},"_links":{"self":[{"href":"https:\/\/www.europesays.com\/fr\/wp-json\/wp\/v2\/posts\/654782","targetHints":{"allow":["GET"]}}],"collection":[{"href":"https:\/\/www.europesays.com\/fr\/wp-json\/wp\/v2\/posts"}],"about":[{"href":"https:\/\/www.europesays.com\/fr\/wp-json\/wp\/v2\/types\/post"}],"author":[{"embeddable":true,"href":"https:\/\/www.europesays.com\/fr\/wp-json\/wp\/v2\/users\/2"}],"replies":[{"embeddable":true,"href":"https:\/\/www.europesays.com\/fr\/wp-json\/wp\/v2\/comments?post=654782"}],"version-history":[{"count":0,"href":"https:\/\/www.europesays.com\/fr\/wp-json\/wp\/v2\/posts\/654782\/revisions"}],"wp:featuredmedia":[{"embeddable":true,"href":"https:\/\/www.europesays.com\/fr\/wp-json\/wp\/v2\/media\/654783"}],"wp:attachment":[{"href":"https:\/\/www.europesays.com\/fr\/wp-json\/wp\/v2\/media?parent=654782"}],"wp:term":[{"taxonomy":"category","embeddable":true,"href":"https:\/\/www.europesays.com\/fr\/wp-json\/wp\/v2\/categories?post=654782"},{"taxonomy":"post_tag","embeddable":true,"href":"https:\/\/www.europesays.com\/fr\/wp-json\/wp\/v2\/tags?post=654782"}],"curies":[{"name":"wp","href":"https:\/\/api.w.org\/{rel}","templated":true}]}}