{"id":654784,"date":"2026-01-10T21:14:15","date_gmt":"2026-01-10T21:14:15","guid":{"rendered":"https:\/\/www.europesays.com\/fr\/654784\/"},"modified":"2026-01-10T21:14:15","modified_gmt":"2026-01-10T21:14:15","slug":"paris-une-peniche-amarree-durgence-sous-le-pont-rouelle-en-raison-dune-avarie-moteur","status":"publish","type":"post","link":"https:\/\/www.europesays.com\/fr\/654784\/","title":{"rendered":"Paris\u00a0: une p\u00e9niche amarr\u00e9e d\u2019urgence sous le pont Rouelle en raison d\u2019une \u00ab\u00a0avarie moteur\u00a0\u00bb"},"content":{"rendered":"<p class=\"paragraph text_align_left lp-f-body-02\">Une <a href=\"https:\/\/www.leparisien.fr\/yvelines-78\/je-lai-trouvee-par-hasard-sur-leboncoin-a-montesson-la-nouvelle-salle-communale-sera-une-peniche-01-12-2025-SKUHMESLHZD4LLMY5T5QMJEUFA.php\" target=\"_self\" rel=\"noopener\">p\u00e9niche<\/a> a \u00e9t\u00e9 mise \u00e0 quai d\u2019urgence sous le pont Rouelle, \u00e0 Paris, en raison d\u2019une \u00ab avarie moteur \u00bb ce vendredi en fin d\u2019apr\u00e8s-midi, indique au Parisien une source polici\u00e8re. <\/p>\n<p class=\"\">D\u2019apr\u00e8s les constatations d\u2019un de nos journalistes, la p\u00e9niche blanche et rouge nomm\u00e9e \u00ab L\u2019\u00e9v\u00e9nement \u00bb \u00e9tait parqu\u00e9e sous le pont vers 17h30. Selon nos informations, aucun passager n\u2019\u00e9tait pr\u00e9sent \u00e0 bord du bateau lors de l\u2019incident.<\/p>\n<p>Le trafic du RER C perturb\u00e9<\/p>\n<p class=\"\">Peu apr\u00e8s 18 heures, la brigade fluviale de Paris nous a indiqu\u00e9 que son intervention sur les lieux de l\u2019incident \u00e9tait \u00ab en cours \u00bb, sans donner davantage de d\u00e9tails. Selon une source polici\u00e8re, l\u2019incident a perturb\u00e9 le trafic du RER C, le pont Rouelle \u00e9tant un pont ferroviaire emprunt\u00e9 par certains trains de la ligne.<\/p>\n<p class=\"\">Selon la SNCF, le trafic du RER C est effectivement interrompu dans cette zone, entre les stations Avenue Henri Martin et Champ de Mars, jusqu\u2019\u00e0 20h15, et perturb\u00e9 entre les stations Avenue Henri Martin et Pontoise. \u00ab Un incident affecte la voie dans le secteur \u00bb, indique la SNCF <a href=\"https:\/\/x.com\/RERC_SNCF\/status\/2010050072860319820\" target=\"_self\" rel=\"\">sur X<\/a>, sans mentionner l\u2019incident de la p\u00e9niche.<\/p>\n<p class=\"\">Le pont Rouelle, uniquement ferroviaire, permet au RER C de traverser la Seine, entre les XVe et XVIe arrondissement.<\/p>\n","protected":false},"excerpt":{"rendered":"Une p\u00e9niche a \u00e9t\u00e9 mise \u00e0 quai d\u2019urgence sous le pont Rouelle, \u00e0 Paris, en raison d\u2019une \u00ab&hellip;\n","protected":false},"author":2,"featured_media":654785,"comment_status":"","ping_status":"","sticky":false,"template":"","format":"standard","meta":{"footnotes":""},"categories":[1888],"tags":[1111,1928,11,1927,1777,674,118,1011,27,1944,12,1926,626,1925,25],"class_list":{"0":"post-654784","1":"post","2":"type-post","3":"status-publish","4":"format-standard","5":"has-post-thumbnail","7":"category-paris","8":"tag-actu","9":"tag-actu-paris","10":"tag-actualites","11":"tag-actualites-paris","12":"tag-eu","13":"tag-europe","14":"tag-faits-divers","15":"tag-fr","16":"tag-france","17":"tag-ma-ville","18":"tag-news","19":"tag-news-paris","20":"tag-paris","21":"tag-paris-news","22":"tag-republique-francaise"},"share_on_mastodon":{"url":"https:\/\/pubeurope.com\/@fr\/115872875376388052","error":""},"_links":{"self":[{"href":"https:\/\/www.europesays.com\/fr\/wp-json\/wp\/v2\/posts\/654784","targetHints":{"allow":["GET"]}}],"collection":[{"href":"https:\/\/www.europesays.com\/fr\/wp-json\/wp\/v2\/posts"}],"about":[{"href":"https:\/\/www.europesays.com\/fr\/wp-json\/wp\/v2\/types\/post"}],"author":[{"embeddable":true,"href":"https:\/\/www.europesays.com\/fr\/wp-json\/wp\/v2\/users\/2"}],"replies":[{"embeddable":true,"href":"https:\/\/www.europesays.com\/fr\/wp-json\/wp\/v2\/comments?post=654784"}],"version-history":[{"count":0,"href":"https:\/\/www.europesays.com\/fr\/wp-json\/wp\/v2\/posts\/654784\/revisions"}],"wp:featuredmedia":[{"embeddable":true,"href":"https:\/\/www.europesays.com\/fr\/wp-json\/wp\/v2\/media\/654785"}],"wp:attachment":[{"href":"https:\/\/www.europesays.com\/fr\/wp-json\/wp\/v2\/media?parent=654784"}],"wp:term":[{"taxonomy":"category","embeddable":true,"href":"https:\/\/www.europesays.com\/fr\/wp-json\/wp\/v2\/categories?post=654784"},{"taxonomy":"post_tag","embeddable":true,"href":"https:\/\/www.europesays.com\/fr\/wp-json\/wp\/v2\/tags?post=654784"}],"curies":[{"name":"wp","href":"https:\/\/api.w.org\/{rel}","templated":true}]}}