{"id":654794,"date":"2026-01-10T21:20:14","date_gmt":"2026-01-10T21:20:14","guid":{"rendered":"https:\/\/www.europesays.com\/fr\/654794\/"},"modified":"2026-01-10T21:20:14","modified_gmt":"2026-01-10T21:20:14","slug":"kiev-grelotte-apres-des-frappes-russes-un-conseil-de-securite-de-lonu-attendu-lundi","status":"publish","type":"post","link":"https:\/\/www.europesays.com\/fr\/654794\/","title":{"rendered":"Kiev grelotte apr\u00e8s des frappes russes, un conseil de s\u00e9curit\u00e9 de l\u2019ONU attendu lundi"},"content":{"rendered":"<p>Vous avez rat\u00e9 les derniers \u00e9v\u00e9nements sur la <a href=\"https:\/\/www.20minutes.fr\/monde\/ukraine\/\" class=\"c-link c-link--is-underlined\" target=\"_blank\" rel=\"noopener\">guerre en Ukraine<\/a>\u00a0? 20 Minutes fait le point pour vous tous les soirs. Voici l\u2019essentiel de ce samedi 10\u00a0janvier, au 1.416e jour du conflit.<\/p>\n<p>Le fait du jour<\/p>\n<p>Au lendemain de frappes russes massives sur <a href=\"https:\/\/www.20minutes.fr\/dossier\/kiev\" class=\"c-link c-link--is-underlined\" target=\"_blank\" rel=\"noopener\">Kiev<\/a>, de nombreux habitants de la capitale de l\u2019Ukraine se retrouvent samedi priv\u00e9s de chauffage dans un froid glacial. Le pr\u00e9sident ukrainien <a href=\"https:\/\/www.20minutes.fr\/monde\/volodymyr-zelensky\/\" class=\"c-link c-link--is-underlined\" target=\"_blank\" rel=\"noopener\">Volodymyr Zelensky<\/a> a r\u00e9clam\u00e9 une \u00ab\u00a0r\u00e9action claire\u00a0\u00bb de la communaut\u00e9 internationale apr\u00e8s cette attaque en pleine vague de froid, qui a touch\u00e9 une quarantaine de sites dans la capitale. Le parquet ukrainien a fait \u00e9tat de 4 morts et de 26 bless\u00e9s.<\/p>\n<p>\u00ab\u00a0La moiti\u00e9 des immeubles d\u2019habitation \u00e0 Kiev &#8211; pr\u00e8s de 6.000 &#8211; sont actuellement priv\u00e9s de chauffage\u00a0\u00bb, s\u2019est alarm\u00e9 le maire de Kiev, Vitaly Klitschko, qui a exhort\u00e9 ceux qui le peuvent \u00e0 quitter \u00ab\u00a0temporairement\u00a0\u00bb la ville.<\/p>\n<p>Des \u00e9quipes \u00e9taient \u00e0 l\u2019oeuvre vendredi par des temp\u00e9ratures oscillant entre -7\u00b0C et -12\u00b0C pour r\u00e9tablir au plus vite le chauffage dans la capitale, coup\u00e9 pour 417.000 foyers, selon l\u2019op\u00e9rateur \u00e9lectrique priv\u00e9 DTEK.<\/p>\n<p><\/p>\n<p>Le chiffre du jour<\/p>\n<p>200\u00a0millions. C\u2019est la somme, en livres, soit l\u2019\u00e9quivalent de 230\u00a0millions d\u2019euros, que le <a href=\"https:\/\/www.20minutes.fr\/monde\/royaume-uni\/\" class=\"c-link c-link--is-underlined\" target=\"_blank\" rel=\"noopener\">Royaume-Uni<\/a> va mobiliser pour pr\u00e9parer son arm\u00e9e dans le cadre d\u2019un futur d\u00e9ploiement d\u2019une force multinationale en Ukraine, en cas de cessez-le-feu avec la Russie, a annonc\u00e9 vendredi le minist\u00e8re de la D\u00e9fense. Ce financement, pris sur le budget militaire de\u00a02026, permettra \u00ab\u00a0de fournir de nouveaux v\u00e9hicules, des syst\u00e8mes de communication et des capacit\u00e9s de protection contre les drones, garantissant ainsi que les troupes britanniques soient pr\u00eates \u00e0 \u00eatre d\u00e9ploy\u00e9es\u00a0\u00bb, d\u00e9taille un communiqu\u00e9.<\/p>\n<p>En outre, la production de drones intercepteurs Octopus d\u00e9butera ce mois-ci au Royaume-Uni \u00ab\u00a0afin de renforcer la d\u00e9fense a\u00e9rienne de l\u2019Ukraine\u00a0\u00bb, pr\u00e9cise le communiqu\u00e9. Le ministre britannique de la D\u00e9fense John Healey \u00e9tait vendredi \u00e0 Kiev o\u00f9 il devait rencontrer le pr\u00e9sident ukrainien Volodymyr Zelensky.<\/p>\n<p>La tendance<\/p>\n<p>Le Conseil de s\u00e9curit\u00e9 de l\u2019<a href=\"https:\/\/www.20minutes.fr\/monde\/onu\/\" class=\"c-link c-link--is-underlined\" target=\"_blank\" rel=\"noopener\">ONU<\/a> se r\u00e9unira lundi \u00e0 la demande de l\u2019Ukraine apr\u00e8s de nouvelles frappes russes massives et l\u2019utilisation par Moscou de son <a href=\"https:\/\/www.20minutes.fr\/monde\/ukraine\/4195271-20260109-guerre-ukraine-russie-utilise-fameux-missile-orechnik-capitale-kiev-grande-precarite\" target=\"_blank\" class=\"c-link c-link--is-underlined\" rel=\"noopener\">missile de derni\u00e8re g\u00e9n\u00e9ration Orechnik<\/a>, selon le programme modifi\u00e9 du Conseil publi\u00e9 vendredi soir.<\/p>\n<p><a href=\"https:\/\/www.20minutes.fr\/monde\/ukraine\/\" class=\"c-link c-btn c-btn--primary\" target=\"_blank\" rel=\"noopener\">Notre dossier sur la guerre en Ukraine<\/a><\/p>\n<p>\u00ab\u00a0La Russie a atteint un nouveau niveau effroyable de crimes de guerre et de crimes contre l\u2019humanit\u00e9 dans ses attaques contre les civils et infrastructures civiles en Ukraine\u00a0\u00bb, d\u00e9nonce l\u2019ambassadeur d\u2019Ukraine \u00e0 l\u2019ONU Andri\u00ef Melnyk dans sa lettre demandant la r\u00e9union. La requ\u00eate de l\u2019Ukraine a \u00e9t\u00e9 appuy\u00e9e par six membres du Conseil\u00a0: la France, le Royaume-Uni, la Lettonie, le Danemark, la Gr\u00e8ce et le Lib\u00e9ria.<\/p>\n","protected":false},"excerpt":{"rendered":"Vous avez rat\u00e9 les derniers \u00e9v\u00e9nements sur la guerre en Ukraine\u00a0? 20 Minutes fait le point pour vous&hellip;\n","protected":false},"author":2,"featured_media":654795,"comment_status":"","ping_status":"","sticky":false,"template":"","format":"standard","meta":{"footnotes":""},"categories":[1590],"tags":[47,11,1777,674,131,74,1916,12,3521,473,132,220,135,134],"class_list":{"0":"post-654794","1":"post","2":"type-post","3":"status-publish","4":"format-standard","5":"has-post-thumbnail","7":"category-ukraine","8":"tag-actualite","9":"tag-actualites","10":"tag-eu","11":"tag-europe","12":"tag-guerre-en-ukraine","13":"tag-monde","14":"tag-moscou","15":"tag-news","16":"tag-onu","17":"tag-royaume-uni","18":"tag-russie","19":"tag-ukraine","20":"tag-vladimir-poutine","21":"tag-volodymyr-zelensky"},"share_on_mastodon":{"url":"https:\/\/pubeurope.com\/@fr\/115872899164170183","error":""},"_links":{"self":[{"href":"https:\/\/www.europesays.com\/fr\/wp-json\/wp\/v2\/posts\/654794","targetHints":{"allow":["GET"]}}],"collection":[{"href":"https:\/\/www.europesays.com\/fr\/wp-json\/wp\/v2\/posts"}],"about":[{"href":"https:\/\/www.europesays.com\/fr\/wp-json\/wp\/v2\/types\/post"}],"author":[{"embeddable":true,"href":"https:\/\/www.europesays.com\/fr\/wp-json\/wp\/v2\/users\/2"}],"replies":[{"embeddable":true,"href":"https:\/\/www.europesays.com\/fr\/wp-json\/wp\/v2\/comments?post=654794"}],"version-history":[{"count":0,"href":"https:\/\/www.europesays.com\/fr\/wp-json\/wp\/v2\/posts\/654794\/revisions"}],"wp:featuredmedia":[{"embeddable":true,"href":"https:\/\/www.europesays.com\/fr\/wp-json\/wp\/v2\/media\/654795"}],"wp:attachment":[{"href":"https:\/\/www.europesays.com\/fr\/wp-json\/wp\/v2\/media?parent=654794"}],"wp:term":[{"taxonomy":"category","embeddable":true,"href":"https:\/\/www.europesays.com\/fr\/wp-json\/wp\/v2\/categories?post=654794"},{"taxonomy":"post_tag","embeddable":true,"href":"https:\/\/www.europesays.com\/fr\/wp-json\/wp\/v2\/tags?post=654794"}],"curies":[{"name":"wp","href":"https:\/\/api.w.org\/{rel}","templated":true}]}}