{"id":654796,"date":"2026-01-10T21:21:12","date_gmt":"2026-01-10T21:21:12","guid":{"rendered":"https:\/\/www.europesays.com\/fr\/654796\/"},"modified":"2026-01-10T21:21:12","modified_gmt":"2026-01-10T21:21:12","slug":"en-iran-la-contestation-se-poursuit-a-teheran-et-dans-plusieurs-villes-samedi-soir-donald-trump-affirme-que-les-etats-unis-se-tiennent-prets-a-aider-les-manifestants","status":"publish","type":"post","link":"https:\/\/www.europesays.com\/fr\/654796\/","title":{"rendered":"En Iran, la contestation se poursuit \u00e0 T\u00e9h\u00e9ran et dans plusieurs villes samedi soir\u00a0; Donald Trump affirme que les Etats-Unis \u00ab\u00a0se tiennent pr\u00eats \u00e0 aider\u00a0\u00bb les manifestants"},"content":{"rendered":"<p>                      <img loading=\"lazy\" decoding=\"async\" src=\"https:\/\/www.europesays.com\/fr\/wp-content\/uploads\/2026\/01\/91baeda_upload-1-3g0xabw7q0xh-915302.jpg\" alt=\"Des manifestants bloquent un carrefour lors d\u2019une protestation \u00e0 T\u00e9h\u00e9ran, en Iran, le 8\u00a0janvier 2026. Image extraite d\u2019une vid\u00e9o obtenue par Associated Press.\"   width=\"664\" height=\"443\"\/>    Des manifestants bloquent un carrefour lors d\u2019une protestation \u00e0 T\u00e9h\u00e9ran, en Iran, le 8\u00a0janvier 2026. Image extraite d\u2019une vid\u00e9o obtenue par Associated Press.  AP                          <\/p>\n<p class=\"article__paragraph  \">Une semaine apr\u00e8s l\u2019op\u00e9ration militaire am\u00e9ricaine ayant men\u00e9 \u00e0 l\u2019enl\u00e8vement du pr\u00e9sident Nicolas Maduro au Venezuela, Donald Trump a renouvel\u00e9, samedi 10\u00a0janvier, ses menaces contre le r\u00e9gime iranien. \u00ab\u00a0L\u2019Iran aspire \u00e0 la libert\u00e9, comme peut-\u00eatre jamais auparavant. Les Etats-Unis se tiennent pr\u00eats \u00e0 aider\u00a0!\u00a0\u00bb, a \u00e9crit le pr\u00e9sident am\u00e9ricain sur sa plateforme, Truth Social.<\/p>\n<p class=\"article__paragraph  \">Le r\u00e9gime iranien a promis de r\u00e9agir avec fermet\u00e9 aux manifestations antigouvernementales qui touchent une grande partie du pays. Les gardiens de la r\u00e9volution, arm\u00e9e id\u00e9ologique du pouvoir, ont qualifi\u00e9 les manifestants de terroristes et ont d\u00e9clar\u00e9 que \u00ab\u00a0pr\u00e9server les acquis de la r\u00e9volution islamique et maintenir la s\u00e9curit\u00e9 et la survie du r\u00e9gime constituent une ligne rouge\u00a0\u00bb.<\/p>\n<p class=\"article__paragraph  \">Un black-out quasi total impos\u00e9 par T\u00e9h\u00e9ran complique la v\u00e9rification des informations. Les Iraniens sont en effet priv\u00e9s d\u2019internet depuis quarante-huit\u00a0heures \u00e0 la suite d\u2019une d\u00e9cision des autorit\u00e9s, selon l\u2019ONG de surveillance de la cybers\u00e9curit\u00e9 NetBlocks.<\/p>\n<p>                                       Lire aussi |  Article r\u00e9serv\u00e9 \u00e0 nos abonn\u00e9s  <a href=\"https:\/\/www.lemonde.fr\/international\/article\/2026\/01\/10\/en-iran-une-repression-sanglante-et-a-huis-clos_6661266_3210.html\" class=\"js-article-read-also catcher--favoris__link\" data-premium=\"1\" id=\"article-title-3453966\" target=\"_blank\" rel=\"noopener\">En Iran, une r\u00e9pression sanglante et \u00e0 huis clos<\/a>    <\/p>\n<p>   Lire plus tard  <\/p>\n<p>                          Des manifestations \u00e0 T\u00e9h\u00e9ran, Machhad, Tabriz et dans la ville sainte de Qom                    <\/p>\n<p class=\"article__paragraph  \">Malgr\u00e9 la r\u00e9pression, les manifestations se poursuivent samedi soir dans plusieurs villes. Un blogueur iranien, Vahid Online, diffuse samedi soir sur son compte Telegram des vid\u00e9os de manifestations dans plusieurs villes du pays, notamment \u00e0 T\u00e9h\u00e9ran.<\/p>\n<p class=\"article__paragraph  \">Ces manifestations interviennent alors que Reza Pahlavi, fils du chah d\u00e9chu en\u00a01979\u00a0et figure de l\u2019opposition en exil, <a href=\"https:\/\/www.lemonde.fr\/international\/article\/2026\/01\/10\/en-iran-reza-pahlavi-fils-du-chah-dechu-exhorte-les-manifestants-a-se-preparer-a-conquerir-les-centres-villes_6661268_3210.html\" target=\"_blank\" rel=\"noopener\">a exhort\u00e9 samedi les manifestants \u00e0 \u00ab\u00a0se pr\u00e9parer \u00e0 conqu\u00e9rir\u00a0\u00bb les centres-villes<\/a>. Dans un message publi\u00e9 sur le r\u00e9seau social X, il \u00ab\u00a0appelle les travailleurs et les employ\u00e9s des secteurs-cl\u00e9s de l\u2019\u00e9conomie, notamment des transports, du p\u00e9trole, du gaz et de l\u2019\u00e9nergie, \u00e0 entamer un processus de gr\u00e8ve nationale\u00a0\u00bb.<\/p>\n<p class=\"article__paragraph  \">Avant de leur demander \u00e0 \u00ab\u00a0tous de descendre dans la rue aujourd\u2019hui et demain, samedi et dimanche (10 et 11\u00a0janvier) munis de drapeaux, d\u2019images et de symboles nationaux, afin d\u2019occuper l\u2019espace public\u00a0\u00bb. \u00ab\u00a0Notre objectif n\u2019est plus seulement de manifester dans la rue\u00a0; il s\u2019agit de nous pr\u00e9parer \u00e0 conqu\u00e9rir et \u00e0 d\u00e9fendre les centres-villes\u00a0\u00bb, a-t-il ajout\u00e9.<\/p>\n<p>                               <img loading=\"lazy\" decoding=\"async\" src=\"https:\/\/www.europesays.com\/fr\/wp-content\/uploads\/2026\/01\/1ee6d20_ftp-1-4yoywtuctwvi-b3a22b35c31642e784bc0161bbc80636-0-259c3f825458493eae7beff9bddc69d3.jpg\" alt=\"Capture d\u2019\u00e9cran r\u00e9alis\u00e9e par l\u2019agence Associated Press montrant un manifestant masqu\u00e9 qui brandit un portrait du prince h\u00e9ritier iranien Reza Pahlavi, lors d\u2019une manifestation \u00e0 T\u00e9h\u00e9ran, en Iran, le vendredi 9\u00a0janvier 2026.\"   width=\"664\" height=\"443\"\/>    Capture d\u2019\u00e9cran r\u00e9alis\u00e9e par l\u2019agence Associated Press montrant un manifestant masqu\u00e9 qui brandit un portrait du prince h\u00e9ritier iranien Reza Pahlavi, lors d\u2019une manifestation \u00e0 T\u00e9h\u00e9ran, en Iran, le vendredi 9\u00a0janvier 2026.  AP                          <\/p>\n<p class=\"article__paragraph  \">D\u00e9j\u00e0 dans la nuit de vendredi \u00e0 samedi, dans le quartier de Saadatabad \u00e0 T\u00e9h\u00e9ran, des habitants ont scand\u00e9 selon Reuters des slogans antigouvernementaux, notamment \u00ab\u00a0Mort \u00e0 [Ali] Khamenei\u00a0\u00bb, le Guide supr\u00eame iranien. Des cha\u00eenes de t\u00e9l\u00e9vision en persan bas\u00e9es \u00e0 l\u2019\u00e9tranger ont aussi diffus\u00e9 des vid\u00e9os de nombreux protestataires \u00e0 Machhad, dans l\u2019Est, \u00e0 Tabriz, dans le Nord, et dans la ville sainte de Qom.<\/p>\n<p class=\"article__paragraph  \">Selon l\u2019AFP, une autre vid\u00e9o diffus\u00e9e sur Telegram montre un homme brandissant un drapeau iranien de l\u2019\u00e9poque du chah au milieu de feux et d\u2019une foule dansant \u00e0 Hamadan, alors que des slogans appellent au retour de la dynastie chass\u00e9e par la r\u00e9volution islamique en\u00a01979.<\/p>\n<p> Le Monde M\u00e9morable  <\/p>\n<p> <a href=\"https:\/\/www.lemonde.fr\/memorable\/?rfextension=inread\" class=\"inread__link js-services-inread-link\" target=\"_blank\" rel=\"noopener\">  <\/p>\n<p>Testez votre culture g\u00e9n\u00e9rale avec la r\u00e9daction du \u00ab Monde \u00bb<\/p>\n<p>Testez votre culture g\u00e9n\u00e9rale avec la r\u00e9daction du \u00ab Monde \u00bb<\/p>\n<p>D\u00e9couvrir<\/p>\n<p> <\/a>      <\/p>\n<p> Newsletter  <\/p>\n<p> <a href=\"https:\/\/www.lemonde.fr\/newsletters\/a-la-une\/\" class=\"inread__link js-services-inread-link\" target=\"_blank\" rel=\"noopener\">  <\/p>\n<p>\u00ab A la une \u00bb<\/p>\n<p>Chaque matin, parcourez l&rsquo;essentiel de l&rsquo;actualit\u00e9 du jour avec les derniers titres du \u00ab Monde \u00bb<\/p>\n<p>S&rsquo;inscrire<\/p>\n<p> <\/a>          <\/p>\n<p> Le Monde Application  <\/p>\n<p> <a href=\"https:\/\/lamatinale.onelink.me\/gKMy\/ahw2ubr3\" class=\"inread__link js-services-inread-link\" target=\"_blank\" rel=\"noopener\">  <\/p>\n<p>La Matinale du Monde<\/p>\n<p>Chaque matin, retrouvez notre s\u00e9lection de 20 articles \u00e0 ne pas manquer <\/p>\n<p>T\u00e9l\u00e9charger l&rsquo;application<\/p>\n<p> <\/a>      <\/p>\n<p> Newsletter abonn\u00e9s  <\/p>\n<p> <a href=\"https:\/\/www.lemonde.fr\/newsletters\/international\/\" class=\"inread__link js-services-inread-link\" target=\"_blank\" rel=\"noopener\">  <\/p>\n<p>\u00ab International \u00bb<\/p>\n<p>L\u2019essentiel de l\u2019actualit\u00e9 internationale de la semaine<\/p>\n<p>S&rsquo;inscrire<\/p>\n<p> <\/a>             <\/p>\n<p class=\"article__paragraph  \">Depuis le d\u00e9but de cette contestation, le 28\u00a0d\u00e9cembre, partie d\u2019un mouvement li\u00e9 au co\u00fbt de la vie, au moins 51 manifestants, dont neuf enfants, ont \u00e9t\u00e9 tu\u00e9s et des centaines d\u2019autres bless\u00e9s, a d\u00e9nombr\u00e9 vendredi l\u2019organisation Iran Human Rights, sise en Norv\u00e8ge. Elle a diffus\u00e9 des images montrant, selon elle, des cadavres de manifestants empil\u00e9s dans un h\u00f4pital de T\u00e9h\u00e9ran.<\/p>\n<p class=\"article__paragraph  \">La situation sanitaire dans les grandes villes iraniennes est devenue critique face \u00e0 l\u2019ampleur de la r\u00e9pression. Le Dr Hamid Hematpour, m\u00e9decin et militant des droits de l\u2019homme install\u00e9 \u00e0 Vienne, a rapport\u00e9 samedi \u00e0 la <a href=\"https:\/\/t.me\/bbcpersian\/268743\" target=\"_blank\" rel=\"noopener\" title=\"Nouvelle fen\u00eatre\">BBC Persian<\/a> une s\u00e9rie de t\u00e9moignages de confr\u00e8res exer\u00e7ant \u00e0 l\u2019int\u00e9rieur du pays. Selon ces sources, les journ\u00e9es des 8 et 9\u00a0janvier ont \u00e9t\u00e9 marqu\u00e9es par des \u00ab\u00a0conditions extr\u00eamement critiques\u00a0\u00bb dans les centres hospitaliers. Les m\u00e9decins locaux d\u00e9crivent un afflux de bless\u00e9s souffrant de traumatismes caus\u00e9s par des balles, visant sp\u00e9cifiquement des zones vitales ou invalidantes telles que la t\u00eate, le cou et les yeux.<\/p>\n<p>                    Menaces et inqui\u00e9tude                    <\/p>\n<p class=\"article__paragraph  \">Vendredi soir, d\u00e9j\u00e0, Donald Trump avait menac\u00e9 T\u00e9h\u00e9ran, d\u00e9clarant\u00a0: \u00ab\u00a0Vous feriez mieux de ne pas commencer \u200b\u00e0 tirer sinon nous \u200daussi nous commencerons \u00e0 tirer.\u00a0\u00bb \u00ab\u00a0J\u2019esp\u00e8re seulement que les manifestants \u200ben Iran seront en s\u00e9curit\u00e9, car c\u2019est un endroit tr\u00e8s \u200cdangereux en ce moment\u00a0\u00bb, a-t-il \u200bajout\u00e9. Les Etats-Unis ont frapp\u00e9 des installations nucl\u00e9aires en Iran en juin\u00a02025, se joignant ainsi \u00e0 \u200cIsra\u00ebl dans une br\u00e8ve guerre contre T\u00e9h\u00e9ran.<\/p>\n<p class=\"article__paragraph  \">L\u2019administration am\u00e9ricaine a entam\u00e9 des r\u00e9flexions pr\u00e9liminaires sur d\u2019\u00e9ventuelles frappes militaires contre l\u2019Iran, afin de donner corps aux r\u00e9centes menaces du pr\u00e9sident Donald Trump, rapporte le <a href=\"https:\/\/www.wsj.com\/world\/middle-east\/iran-toughens-crackdown-as-death-toll-grows-a2200bda\" target=\"_blank\" rel=\"noopener\" title=\"Nouvelle fen\u00eatre\">Wall Street Journal<\/a>. Selon des responsables am\u00e9ricains cit\u00e9s par le quotidien, plusieurs sc\u00e9narios sont sur la table, notamment celui d\u2019une frappe visant des installations militaires. Toutefois, les sources du journal soulignent qu\u2019aucun consensus n\u2019a \u00e9t\u00e9 atteint au sein de l\u2019ex\u00e9cutif sur la strat\u00e9gie \u00e0 adopter.<\/p>\n<p class=\"article__paragraph  \">Le s\u00e9nateur r\u00e9publicain am\u00e9ricain Lindsey Graham a adress\u00e9 un message de soutien aux manifestants iraniens, affirmant que \u00ab\u00a0le long cauchemar\u00a0\u00bb du peuple iranien \u00ab\u00a0touche bient\u00f4t \u00e0 sa fin\u00a0\u00bb. Dans ce message publi\u00e9 sur X, l\u2019\u00e9lu assure que le combat des Iraniens a \u00e9t\u00e9 \u00ab\u00a0remarqu\u00e9 par le pr\u00e9sident des \u00c9tats-Unis\u00a0\u00bb. \u00ab\u00a0Lorsque le pr\u00e9sident Trump dit \u201cMake Iran Great Again\u201d, cela signifie que les manifestants en Iran doivent l\u2019emporter sur les ayatollahs\u00a0\u00bb, d\u00e9clare-t-il.<\/p>\n<p class=\"article__paragraph  \">La laur\u00e9ate du prix Nobel de la paix 2003, l\u2019avocate iranienne en exil Shirin Ebadi, a dit redouter un \u00ab\u00a0massacre sous le couvert d\u2019un black-out total\u00a0\u00bb, de nombreuses capitales occidentales condamnant l\u2019usage de la force contre des manifestations \u00ab\u00a0pacifiques\u00a0\u00bb. La pr\u00e9sidente de la Commission europ\u00e9enne, Ursula von der Leyen, a exprim\u00e9 le plein soutien de l\u2019Europe aux \u00ab\u00a0femmes et hommes iraniens qui r\u00e9clament la libert\u00e9\u00a0\u00bb, d\u00e9non\u00e7ant la \u00ab\u00a0r\u00e9pression violente\u00a0\u00bb.<\/p>\n<p>                                       Lire aussi |  Article r\u00e9serv\u00e9 \u00e0 nos abonn\u00e9s  <a href=\"https:\/\/www.lemonde.fr\/idees\/article\/2026\/01\/10\/en-iran-l-escalade-repressive-expose-le-regime-a-une-double-vulnerabilite-interne-et-externe_6661296_3232.html\" class=\"js-article-read-also catcher--favoris__link\" data-premium=\"1\" id=\"article-title-3454069\" target=\"_blank\" rel=\"noopener\">\u00ab\u00a0En Iran, l\u2019escalade r\u00e9pressive expose le r\u00e9gime \u00e0 une double vuln\u00e9rabilit\u00e9, interne et externe\u00a0\u00bb<\/a>    <\/p>\n<p>   Lire plus tard  <\/p>\n<p class=\"author__detail\">  Le Monde avec AFP et Reuters  <\/p>\n","protected":false},"excerpt":{"rendered":"Des manifestants bloquent un carrefour lors d\u2019une protestation \u00e0 T\u00e9h\u00e9ran, en Iran, le 8\u00a0janvier 2026. Image extraite d\u2019une&hellip;\n","protected":false},"author":2,"featured_media":654797,"comment_status":"","ping_status":"","sticky":false,"template":"","format":"standard","meta":{"footnotes":""},"categories":[1589],"tags":[11,73,1866,12,1864,1865,1863,308],"class_list":{"0":"post-654796","1":"post","2":"type-post","3":"status-publish","4":"format-standard","5":"has-post-thumbnail","7":"category-etats-unis","8":"tag-actualites","9":"tag-etats-unis","10":"tag-etats-unis-damerique","11":"tag-news","12":"tag-united-states","13":"tag-united-states-of-america","14":"tag-us","15":"tag-usa"},"share_on_mastodon":{"url":"https:\/\/pubeurope.com\/@fr\/115872902995745135","error":""},"_links":{"self":[{"href":"https:\/\/www.europesays.com\/fr\/wp-json\/wp\/v2\/posts\/654796","targetHints":{"allow":["GET"]}}],"collection":[{"href":"https:\/\/www.europesays.com\/fr\/wp-json\/wp\/v2\/posts"}],"about":[{"href":"https:\/\/www.europesays.com\/fr\/wp-json\/wp\/v2\/types\/post"}],"author":[{"embeddable":true,"href":"https:\/\/www.europesays.com\/fr\/wp-json\/wp\/v2\/users\/2"}],"replies":[{"embeddable":true,"href":"https:\/\/www.europesays.com\/fr\/wp-json\/wp\/v2\/comments?post=654796"}],"version-history":[{"count":0,"href":"https:\/\/www.europesays.com\/fr\/wp-json\/wp\/v2\/posts\/654796\/revisions"}],"wp:featuredmedia":[{"embeddable":true,"href":"https:\/\/www.europesays.com\/fr\/wp-json\/wp\/v2\/media\/654797"}],"wp:attachment":[{"href":"https:\/\/www.europesays.com\/fr\/wp-json\/wp\/v2\/media?parent=654796"}],"wp:term":[{"taxonomy":"category","embeddable":true,"href":"https:\/\/www.europesays.com\/fr\/wp-json\/wp\/v2\/categories?post=654796"},{"taxonomy":"post_tag","embeddable":true,"href":"https:\/\/www.europesays.com\/fr\/wp-json\/wp\/v2\/tags?post=654796"}],"curies":[{"name":"wp","href":"https:\/\/api.w.org\/{rel}","templated":true}]}}