{"id":654798,"date":"2026-01-10T21:22:22","date_gmt":"2026-01-10T21:22:22","guid":{"rendered":"https:\/\/www.europesays.com\/fr\/654798\/"},"modified":"2026-01-10T21:22:22","modified_gmt":"2026-01-10T21:22:22","slug":"au-royaume-uni-le-gouvernement-veut-abaisser-le-taux-dalcool-autorise-au-volant-de-08-a-05g-litre-de-sang-actualites","status":"publish","type":"post","link":"https:\/\/www.europesays.com\/fr\/654798\/","title":{"rendered":"Au Royaume-Uni, le gouvernement veut abaisser le taux d&rsquo;alcool autoris\u00e9 au volant de 0,8 \u00e0 0,5g\/ litre de sang : Actualit\u00e9s"},"content":{"rendered":"<p class=\"a__paragraph text-gray3 \" id=\"atm-video-summary-text\">\n                    Alors que pr\u00e8s de 300 personnes sont mortes sur les routes \u00e0 cause de l&rsquo;alcool au volant en 2025, le Royaume-Uni veut \u00eatre plus strict en ce qui concerne le taux d&rsquo;alcool au volant: il veut abaisser le taux autoris\u00e9 de 0,8 \u00e0 0,5 gramme par litre de sang. Une mesure qui divise au sein du pays. L&rsquo;an dernier, 400 pubs ont ferm\u00e9 au Royaume-Uni, soit plus d&rsquo;un par jour.\n            <\/p>\n","protected":false},"excerpt":{"rendered":"Alors que pr\u00e8s de 300 personnes sont mortes sur les routes \u00e0 cause de l&rsquo;alcool au volant en&hellip;\n","protected":false},"author":2,"featured_media":654799,"comment_status":"","ping_status":"","sticky":false,"template":"","format":"standard","meta":{"footnotes":""},"categories":[1588],"tags":[11,1777,674,12,473,1853,1851,1850,1852],"class_list":{"0":"post-654798","1":"post","2":"type-post","3":"status-publish","4":"format-standard","5":"has-post-thumbnail","7":"category-royaume-uni","8":"tag-actualites","9":"tag-eu","10":"tag-europe","11":"tag-news","12":"tag-royaume-uni","13":"tag-royaume-uni-de-grande-bretagne-et-dirlande-du-nord","14":"tag-uk","15":"tag-united-kingdom","16":"tag-united-kingdom-of-great-britain-and-northern-ireland"},"share_on_mastodon":{"url":"https:\/\/pubeurope.com\/@fr\/115872907007103533","error":""},"_links":{"self":[{"href":"https:\/\/www.europesays.com\/fr\/wp-json\/wp\/v2\/posts\/654798","targetHints":{"allow":["GET"]}}],"collection":[{"href":"https:\/\/www.europesays.com\/fr\/wp-json\/wp\/v2\/posts"}],"about":[{"href":"https:\/\/www.europesays.com\/fr\/wp-json\/wp\/v2\/types\/post"}],"author":[{"embeddable":true,"href":"https:\/\/www.europesays.com\/fr\/wp-json\/wp\/v2\/users\/2"}],"replies":[{"embeddable":true,"href":"https:\/\/www.europesays.com\/fr\/wp-json\/wp\/v2\/comments?post=654798"}],"version-history":[{"count":0,"href":"https:\/\/www.europesays.com\/fr\/wp-json\/wp\/v2\/posts\/654798\/revisions"}],"wp:featuredmedia":[{"embeddable":true,"href":"https:\/\/www.europesays.com\/fr\/wp-json\/wp\/v2\/media\/654799"}],"wp:attachment":[{"href":"https:\/\/www.europesays.com\/fr\/wp-json\/wp\/v2\/media?parent=654798"}],"wp:term":[{"taxonomy":"category","embeddable":true,"href":"https:\/\/www.europesays.com\/fr\/wp-json\/wp\/v2\/categories?post=654798"},{"taxonomy":"post_tag","embeddable":true,"href":"https:\/\/www.europesays.com\/fr\/wp-json\/wp\/v2\/tags?post=654798"}],"curies":[{"name":"wp","href":"https:\/\/api.w.org\/{rel}","templated":true}]}}