{"id":654800,"date":"2026-01-10T21:23:14","date_gmt":"2026-01-10T21:23:14","guid":{"rendered":"https:\/\/www.europesays.com\/fr\/654800\/"},"modified":"2026-01-10T21:23:14","modified_gmt":"2026-01-10T21:23:14","slug":"lente-amelioration-en-allemagne-et-en-france","status":"publish","type":"post","link":"https:\/\/www.europesays.com\/fr\/654800\/","title":{"rendered":"lente am\u00e9lioration en Allemagne et en France"},"content":{"rendered":"<p style=\"text-align:\">La situation s&rsquo;am\u00e9liore l\u00e9g\u00e8rement samedi 10 janvier en Allemagne et en France, apr\u00e8s le passage de violentes temp\u00eates en Europe, tandis qu&rsquo;un mort a \u00e9t\u00e9 recens\u00e9 au Royaume-Uni o\u00f9 28.000 foyers sont encore priv\u00e9s d&rsquo;\u00e9lectricit\u00e9.<\/p>\n<p><a href=\"https:\/\/lecourrier.vn\/tempete-goretti-la-manche-en-vigilance-rouge-vent-pour-la-nuit-de-jeudi-a-vendredi\/1308949.html\" title=\"Temp\u00eate Goretti : la Manche en vigilance rouge vent pour la nuit de jeudi \u00e0 vendredi\" target=\"_blank\" rel=\"noopener\">&gt;&gt; Temp\u00eate Goretti : la Manche en vigilance rouge vent pour la nuit de jeudi \u00e0 vendredi<\/a><\/p>\n<p><a href=\"https:\/\/lecourrier.vn\/tempetes-goretti-et-elli-une-partie-de-leurope-se-prepare-a-larrivee-de-fortes-intemperies\/1309009.html\" title=\"Temp\u00eates Goretti et Elli : une partie de l&#039;Europe se pr\u00e9pare \u00e0 l&#039;arriv\u00e9e de fortes intemp\u00e9ries\" target=\"_blank\" rel=\"noopener\">&gt;&gt; Temp\u00eates Goretti et Elli : une partie de l&rsquo;Europe se pr\u00e9pare \u00e0 l&rsquo;arriv\u00e9e de fortes intemp\u00e9ries<\/a><\/p>\n<tr>\n<td class=\"pic\"><img decoding=\"async\" class=\"lazyload\" src=\"https:\/\/www.europesays.com\/fr\/wp-content\/uploads\/2026\/01\/200733-1444x920_une-vague-giganteesque-s-ecrase-sur-la-jetee-du-port-du-conquet.jpg\" alt=\"\"\/><\/td>\n<\/tr>\n<tr>\n<td class=\"caption\">Une vague giganteesque s&rsquo;\u00e9crase sur la jet\u00e9e du port du Conquet, en France.<\/td>\n<\/tr>\n<tr align=\"right\">\n<td class=\"author\">Photo : AFP\/VNA\/CVN<\/td>\n<\/tr>\n<p style=\"text-align:left\">La temp\u00eate Goretti a balay\u00e9 le Royaume-Uni dans la nuit de jeudi 8 janvier \u00e0 vendredi, avec des rafales qui ont fr\u00f4l\u00e9 les 160 km\/h dans le sud-ouest de l&rsquo;Angleterre et du Pays de Galles et de fortes chutes de neige, du verglas et de la pluie vendredi 9 janvier sur l&rsquo;\u00c9cosse, le Pays de Galles, l&rsquo;Irlande du Nord et le nord de l&rsquo;Angleterre, entra\u00eenant de nombreuses perturbations.<\/p>\n<p style=\"text-align:left\">La police de la r\u00e9gion des Cornouailles et du Devon, dans le sud-ouest de l&rsquo;Angleterre, a annonc\u00e9 samedi 10 janvier le d\u00e9c\u00e8s d&rsquo;un homme dans la ville de Helston, retrouv\u00e9 par les services d&rsquo;urgence dans sa caravane sur laquelle un arbre \u00e9tait tomb\u00e9 jeudi 8 janvier.<\/p>\n<p style=\"text-align:left\">\u00ab\u00a0Des op\u00e9rations ont \u00e9t\u00e9 men\u00e9es sur place (vendredi) pour retirer l&rsquo;arbre en toute s\u00e9curit\u00e9 et (&#8230;) tragiquement, une homme d&rsquo;une cinquantaine d&rsquo;ann\u00e9es a \u00e9t\u00e9 retrouv\u00e9 mort \u00e0 l&rsquo;int\u00e9rieur de la caravane\u00a0\u00bb, a indiqu\u00e9 la police locale dans un communiqu\u00e9.<\/p>\n<p style=\"text-align:left\">La plupart du Royaume-Uni est toujours plac\u00e9 en vigilance jaune \u00e0 la neige et au gel samedi par l&rsquo;agence nationale de m\u00e9t\u00e9orologie, le Met Office, jusqu&rsquo;\u00e0 au moins la fin de la matin\u00e9e, et 15h00 GMT en \u00c9cosse et au nord de l&rsquo;Angleterre, o\u00f9 le verglas pourrait entra\u00eener des \u00ab\u00a0perturbations\u00a0\u00bb.<\/p>\n<p style=\"text-align:left\">Samedi matin 10 janvier, environ 28.000 foyers \u00e9taient encore sans \u00e9lectricit\u00e9 dans le sud-ouest de l&rsquo;Angleterre et les Midlands, selon le dernier comptage de l&rsquo;op\u00e9rateur du r\u00e9seau National Grid.<\/p>\n<p style=\"text-align:left\">La temp\u00eate Goretti a \u00e9galement fait d&rsquo;importants d\u00e9g\u00e2ts mat\u00e9riels en France, o\u00f9 moins de 100.000 foyers restaient priv\u00e9s d&rsquo;\u00e9lectricit\u00e9 samedi matin, essentiellement en Normandie (ouest), mais aucun mort n&rsquo;a \u00e9t\u00e9 recens\u00e9.<\/p>\n<p style=\"text-align:left\">Au plus fort des intemp\u00e9ries, 380.000 foyers ont \u00e9t\u00e9 priv\u00e9s d&rsquo;\u00e9lectricit\u00e9, loin du bilan de la temp\u00eate Ciaran qui avait plong\u00e9 dans le noir 1,2 million de clients en novembre 2023.<\/p>\n<p style=\"text-align:left\">En Allemagne, le trafic ferroviaire longue distance ne reprend que tr\u00e8s progressivement samedi 10 janvier dans le Nord du pays, apr\u00e8s avoir \u00e9t\u00e9 compl\u00e8tement suspendu vendredi 9 janvier \u00e0 cause de la temp\u00eate Elli, a indiqu\u00e9 la compagnie des chemins de fer allemands, Deutsche Bahn.<\/p>\n<p style=\"text-align:left\">Les premiers trains reliant Berlin \u00e0 la Rh\u00e9nanie du Nord Westphalie (Ouest) \u00e9taient pr\u00e9vus pour d\u00e9marrer \u00e0 10h00 locales (09b00 GMT).<\/p>\n<p style=\"text-align:left\">Encore particuli\u00e8rement touch\u00e9e, la ville de Hambourg a \u00e9t\u00e9 tr\u00e8s affect\u00e9e par une quantit\u00e9 de neige \u00e0 laquelle cette grande ville du Nord n&rsquo;est pas habitu\u00e9e.<\/p>\n<p style=\"text-align:left\">Une s\u00e9rie de liaisons ne seront pas encore r\u00e9tablies samedi, notamment celles reliant Hambourg \u00e0 Copenhague, Amsterdam ou Hanovre. Les liaisons au d\u00e9part de Hambourg vers la Ruhr (Ouest) ou vers Berlin devraient \u00eatre r\u00e9tablies dans le courant de la journ\u00e9e de samedi 10 janvier.<\/p>\n<p style=\"text-align:left\">La Deutsche Bahn a \u00e9galement mis en garde les voyageurs contre des annulations et des retards sur les trains r\u00e9gionaux en Basse Saxe et dans le Schleswig-Holtstein, deux r\u00e9gions du Nord de l&rsquo;Allemagne.<\/p>\n<p style=\"text-align:right\"><b>AFP\/VNA\/CVN<\/b><\/p>\n","protected":false},"excerpt":{"rendered":"La situation s&rsquo;am\u00e9liore l\u00e9g\u00e8rement samedi 10 janvier en Allemagne et en France, apr\u00e8s le passage de violentes temp\u00eates&hellip;\n","protected":false},"author":2,"featured_media":654801,"comment_status":"","ping_status":"","sticky":false,"template":"","format":"standard","meta":{"footnotes":""},"categories":[1587],"tags":[11,672,20309,1804,1805,1803,1777,674,1801,75507,12,1802,7747],"class_list":{"0":"post-654800","1":"post","2":"type-post","3":"status-publish","4":"format-standard","5":"has-post-thumbnail","7":"category-allemagne","8":"tag-actualites","9":"tag-allemagne","10":"tag-amelioration","11":"tag-bundesrepublik-deutschland","12":"tag-de","13":"tag-deutschland","14":"tag-eu","15":"tag-europe","16":"tag-germany","17":"tag-goretti","18":"tag-news","19":"tag-republique-federale-dallemagne","20":"tag-tempete"},"share_on_mastodon":{"url":"https:\/\/pubeurope.com\/@fr\/115872910860313818","error":""},"_links":{"self":[{"href":"https:\/\/www.europesays.com\/fr\/wp-json\/wp\/v2\/posts\/654800","targetHints":{"allow":["GET"]}}],"collection":[{"href":"https:\/\/www.europesays.com\/fr\/wp-json\/wp\/v2\/posts"}],"about":[{"href":"https:\/\/www.europesays.com\/fr\/wp-json\/wp\/v2\/types\/post"}],"author":[{"embeddable":true,"href":"https:\/\/www.europesays.com\/fr\/wp-json\/wp\/v2\/users\/2"}],"replies":[{"embeddable":true,"href":"https:\/\/www.europesays.com\/fr\/wp-json\/wp\/v2\/comments?post=654800"}],"version-history":[{"count":0,"href":"https:\/\/www.europesays.com\/fr\/wp-json\/wp\/v2\/posts\/654800\/revisions"}],"wp:featuredmedia":[{"embeddable":true,"href":"https:\/\/www.europesays.com\/fr\/wp-json\/wp\/v2\/media\/654801"}],"wp:attachment":[{"href":"https:\/\/www.europesays.com\/fr\/wp-json\/wp\/v2\/media?parent=654800"}],"wp:term":[{"taxonomy":"category","embeddable":true,"href":"https:\/\/www.europesays.com\/fr\/wp-json\/wp\/v2\/categories?post=654800"},{"taxonomy":"post_tag","embeddable":true,"href":"https:\/\/www.europesays.com\/fr\/wp-json\/wp\/v2\/tags?post=654800"}],"curies":[{"name":"wp","href":"https:\/\/api.w.org\/{rel}","templated":true}]}}