{"id":654808,"date":"2026-01-10T21:28:21","date_gmt":"2026-01-10T21:28:21","guid":{"rendered":"https:\/\/www.europesays.com\/fr\/654808\/"},"modified":"2026-01-10T21:28:21","modified_gmt":"2026-01-10T21:28:21","slug":"une-photo-de-la-patronne-du-constellation-aux-cotes-de-sasha-baron-cohen-refait-surface","status":"publish","type":"post","link":"https:\/\/www.europesays.com\/fr\/654808\/","title":{"rendered":"Une photo de la patronne du Constellation aux c\u00f4t\u00e9s de Sasha Baron-Cohen refait surface"},"content":{"rendered":"<p>Depuis le drame qui a co\u00fbt\u00e9 la vie \u00e0 40 personnes et bless\u00e9 116 autres la nuit de la Saint-Sylvestre \u00e0 <a href=\"https:\/\/www.20minutes.fr\/faits_divers\/incendie-crans-montana\/\" class=\"c-link c-link--is-underlined\" target=\"_blank\" rel=\"noopener\">Crans-Montana<\/a> (Suisse), le profil des copropri\u00e9taires de l\u2019\u00e9tablissement s\u2019affine. Le propri\u00e9taire <a href=\"https:\/\/www.20minutes.fr\/faits_divers\/4194664-20260106-incendie-mortel-crans-montana-sait-proprietaires-francais-bar-constellation\" target=\"_blank\" class=\"c-link c-link--is-underlined\" rel=\"noopener\">Jacques Moretti<\/a> &#8211; connu de la justice fran\u00e7aise et condamn\u00e9 pour une affaire de prox\u00e9n\u00e9tisme en\u00a02008 &#8211; a \u00e9t\u00e9 auditionn\u00e9 \u00e0 Sion pendant plus de six heures avec son \u00e9pouse et copropri\u00e9taire Jessica vendredi. Le minist\u00e8re public cantonal a annonc\u00e9 l\u2019avoir <a href=\"https:\/\/www.20minutes.fr\/justice\/4195218-20260109-incendie-crans-montana-proprietaire-bar-jacques-moretti-place-detention-preventive\" target=\"_blank\" class=\"c-link c-link--is-underlined\" rel=\"noopener\">plac\u00e9 en d\u00e9tention provisoire<\/a>, estimant que \u00ab\u00a0compte tenu de ses d\u00e9clarations, de son parcours de vie et de sa situation en Suisse et \u00e0 l\u2019\u00e9tranger\u00a0\u00bb, le risque de fuite \u00e9tait \u00ab\u00a0concret\u00a0\u00bb.<\/p>\n<p>Sa femme a quant \u00e0 elle pu ressortir libre et <a href=\"https:\/\/www.20minutes.fr\/monde\/4195259-20260109-incendie-crans-montana-jamais-pu-imaginer-ca-jessica-moretti-gerante-bar-presente-excuses\" target=\"_blank\" class=\"c-link c-link--is-underlined\" rel=\"noopener\">s\u2019est exprim\u00e9 pour la premi\u00e8re fois devant des m\u00e9dias<\/a> \u00ab\u00a0Mes pens\u00e9es constantes vont vers les victimes et les gens qui se battent aujourd\u2019hui. C\u2019\u00e9tait une trag\u00e9die inimaginable. Et jamais, jamais on n\u2019aurait pu imaginer \u00e7a. Et \u00e7a c\u2019est pass\u00e9 dans notre \u00e9tablissement et je tiens \u00e0 m\u2019excuser\u00a0\u00bb, a-t-elle expliqu\u00e9 avant de s\u2019\u00e9clipser.<\/p>\n<blockquote class=\"twitter-tweet\" align=\"center\" data-lang=\"fr_FR\">\n<p lang=\"fr\" dir=\"ltr\">EN IMAGES &#8211; Bien que soup\u00e7onn\u00e9e au m\u00eame titre que son mari \u00ab d\u2019homicide par n\u00e9gligence, de l\u00e9sions corporelles par n\u00e9gligence et d\u2019incendie par n\u00e9gligence \u00bb, Jessica Moretti a \u00e9t\u00e9 remise en libert\u00e9 ce vendredi 9 janvier par la justice Suisse&#8230;. <a href=\"https:\/\/t.co\/mhkYmEtBaS\">https:\/\/t.co\/mhkYmEtBaS<\/a><\/p>\n<p>\u2014 Paris Match (@ParisMatch) <a href=\"https:\/\/twitter.com\/ParisMatch\/status\/2009928408348709005?ref_src=twsrc%5Etfw\" target=\"_blank\" rel=\"noopener\">January 10, 2026<\/a><\/p><\/blockquote>\n<p class=\"mb-m@xs text-l@xs\">En cliquant sur\u00ab J\u2019accepte \u00bb, vous acceptez le d\u00e9p\u00f4t de cookies par des services externes et aurez ainsi acc\u00e8s aux contenus de nos partenaires.<\/p>\n<p class=\"mb-xl@xs text-s@xs\">Plus d\u2019informations sur la page<a href=\"https:\/\/www.20minutes.fr\/gestion-cookies\" class=\"mx-xxs@xs color-ultramarine\" target=\"_blank\" rel=\"noopener\">Politique de gestion des cookies<\/a><\/p>\n<p>J\u2019accepteOriginaire de la C\u00f4te d\u2019Azur<\/p>\n<p>Si, depuis une semaine, on a pu d\u00e9couvrir le pass\u00e9 sulfureux de son \u00e9poux, la vie \u00ab\u00a0d\u2019avant Crans-Montana\u00a0\u00bb de Jessica Moretti \u00e9tait moins connue. Loin des milieux sombres fr\u00e9quent\u00e9s par Jacques Moretti, la jeune femme cherchait la lumi\u00e8re, dans le monde du mannequinat et du cin\u00e9ma. Ainsi, le site de Paris Match a exhum\u00e9 <a href=\"https:\/\/www.parismatch.com\/actu\/faits-divers\/le-passe-de-mannequin-de-jessica-moretti-la-patronne-du-bar-incendie-a-crans-montana-262751#8\" target=\"_blank\" class=\"c-link c-link--is-underlined\" rel=\"noopener\">des photos de la copropri\u00e9taire du Constellation<\/a> datant de\u00a02012 et prises lors du <a href=\"https:\/\/www.20minutes.fr\/dossier\/festival_de_cannes\" class=\"c-link c-link--is-underlined\" target=\"_blank\" rel=\"noopener\">Festival de Cannes<\/a>. On peut l\u2019y voir, affubl\u00e9e d\u2019un costume militaire sexy, aux c\u00f4t\u00e9s de l\u2019acteur et r\u00e9alisateur <a href=\"https:\/\/www.20minutes.fr\/arts-stars\/cinema\/2891031-20201024-video-sacha-baron-cohen-vecu-plusieurs-jours-affilee-peau-borat-nouveau-film\" target=\"_blank\" class=\"c-link c-link--is-underlined\" rel=\"noopener\">Sasha Baron-Cohen<\/a> en pleine promotion de son film \u00ab\u00a0Le dictateur\u00a0\u00bb. Un petit boulot d\u2019\u00e9tudiante\u00a0? Probable si l\u2019on se r\u00e9f\u00e8re aux informations donn\u00e9es par le journal <a href=\"https:\/\/www.ladepeche.fr\/2026\/01\/10\/portrait-incendie-de-crans-montana-je-mexcuse-qui-est-jessica-la-femme-du-proprietaire-du-bar-le-constellation-13152779.php\" rel=\"nofollow noopener\" target=\"_blank\" class=\"c-link c-link--is-underlined\">La D\u00e9p\u00eache<\/a> qui avait \u00e9voqu\u00e9 dans un article que Jessica Moretti a \u00ab\u00a0habit\u00e9 \u00e0 Cannes et fr\u00e9quent\u00e9 un lyc\u00e9e d\u2019Antibes puis \u00e9tudi\u00e9 \u00e0 l\u2019International University of Monaco\u00a0\u00bb. M\u00eame si elle n\u2019a pas \u00e9t\u00e9 plac\u00e9e en d\u00e9tention, elle est, comme son mari, officiellement soup\u00e7onn\u00e9e \u00ab\u00a0d\u2019homicide par n\u00e9gligence, de l\u00e9sions corporelles par n\u00e9gligence et d\u2019incendie par n\u00e9gligence\u00a0\u00bb.<\/p>\n<p><script async src=\"https:\/\/platform.twitter.com\/widgets.js\" charset=\"utf-8\"><\/script><\/p>\n","protected":false},"excerpt":{"rendered":"Depuis le drame qui a co\u00fbt\u00e9 la vie \u00e0 40 personnes et bless\u00e9 116 autres la nuit de&hellip;\n","protected":false},"author":2,"featured_media":654809,"comment_status":"","ping_status":"","sticky":false,"template":"","format":"standard","meta":{"footnotes":""},"categories":[2],"tags":[47,11,2898,7306,650,118,1011,27,74645,303,12,883,5818,882,25,3067],"class_list":{"0":"post-654808","1":"post","2":"type-post","3":"status-publish","4":"format-standard","5":"has-post-thumbnail","7":"category-actualites","8":"tag-actualite","9":"tag-actualites","10":"tag-alpes-maritimes","11":"tag-cannes","12":"tag-cinema","13":"tag-faits-divers","14":"tag-fr","15":"tag-france","16":"tag-incendie-a-crans-montana","17":"tag-justice","18":"tag-news","19":"tag-paca","20":"tag-paris-match","21":"tag-provence-alpes-cote-dazur","22":"tag-republique-francaise","23":"tag-suisse"},"share_on_mastodon":{"url":"https:\/\/pubeurope.com\/@fr\/115872930539617687","error":""},"_links":{"self":[{"href":"https:\/\/www.europesays.com\/fr\/wp-json\/wp\/v2\/posts\/654808","targetHints":{"allow":["GET"]}}],"collection":[{"href":"https:\/\/www.europesays.com\/fr\/wp-json\/wp\/v2\/posts"}],"about":[{"href":"https:\/\/www.europesays.com\/fr\/wp-json\/wp\/v2\/types\/post"}],"author":[{"embeddable":true,"href":"https:\/\/www.europesays.com\/fr\/wp-json\/wp\/v2\/users\/2"}],"replies":[{"embeddable":true,"href":"https:\/\/www.europesays.com\/fr\/wp-json\/wp\/v2\/comments?post=654808"}],"version-history":[{"count":0,"href":"https:\/\/www.europesays.com\/fr\/wp-json\/wp\/v2\/posts\/654808\/revisions"}],"wp:featuredmedia":[{"embeddable":true,"href":"https:\/\/www.europesays.com\/fr\/wp-json\/wp\/v2\/media\/654809"}],"wp:attachment":[{"href":"https:\/\/www.europesays.com\/fr\/wp-json\/wp\/v2\/media?parent=654808"}],"wp:term":[{"taxonomy":"category","embeddable":true,"href":"https:\/\/www.europesays.com\/fr\/wp-json\/wp\/v2\/categories?post=654808"},{"taxonomy":"post_tag","embeddable":true,"href":"https:\/\/www.europesays.com\/fr\/wp-json\/wp\/v2\/tags?post=654808"}],"curies":[{"name":"wp","href":"https:\/\/api.w.org\/{rel}","templated":true}]}}