{"id":654810,"date":"2026-01-10T21:29:14","date_gmt":"2026-01-10T21:29:14","guid":{"rendered":"https:\/\/www.europesays.com\/fr\/654810\/"},"modified":"2026-01-10T21:29:14","modified_gmt":"2026-01-10T21:29:14","slug":"coupe-de-france-feminine-lom-assure-lessentiel-contre-thonon-evian-et-se-qualifie-en-8e-de-finale","status":"publish","type":"post","link":"https:\/\/www.europesays.com\/fr\/654810\/","title":{"rendered":"Coupe de France f\u00e9minine : l&rsquo;OM assure l&rsquo;essentiel contre Thonon-\u00c9vian et se qualifie en 8e de finale"},"content":{"rendered":"<p><a href=\"https:\/\/www.laprovence.com\/article\/om\/1778705811093415\/football-coupe-de-france-feminine-thonon-evian-une-simple-repetition-pour-lom-avant-saint-etienne\" target=\"_blank\" rel=\"noopener\">Ce 16e de finale de coupe de France contre Thonon-\u00c9vian<\/a> (D2) a longtemps ressembl\u00e9 au match pi\u00e8ge par excellence de d\u00e9but d\u2019ann\u00e9e. Durant soixante-quinze minutes exactement, jusqu\u2019au coup de casque de <a href=\"https:\/\/www.laprovence.com\/article\/om\/1052513588180715\/om-d1-feminine-comment-la-marseillaise-salome-elisor-prepare-son-apres-carriere\" target=\"_blank\" rel=\"noopener\">Salom\u00e9 Elisor<\/a> sur un corner de Tess Laplacette, qui a permis aux Marseillaises de valider leur billet pour le tour suivant (0-1) et d\u2019\u00e9viter une d\u00e9sillusion pour commencer 2026.<\/p>\n<p>\u00ab\u00a0Sur l\u2019ensemble du match on a eu la ma\u00eetrise, tout n\u2019\u00e9tait pas parfait, bien \u00e9videmment, mais on a su rester patientes et confiantes aussi dans ce qu\u2019on avait travaill\u00e9 la semaine. Un premier match apr\u00e8s la reprise n\u2019est jamais \u00e9vident \u00e0 n\u00e9gocier, mais on l\u2019a fait plut\u00f4t de belle mani\u00e8re\u00a0\u00bb, f\u00e9licite <a href=\"https:\/\/www.laprovence.com\/article\/om\/1052513588180715\/om-d1-feminine-comment-la-marseillaise-salome-elisor-prepare-son-apres-carriere\" target=\"_blank\" rel=\"noopener\">Corinne Diacre<\/a>, qui avait quasiment align\u00e9 son \u00e9quipe type \u00e0 quatre jours de la r\u00e9ception de Saint-\u00c9tienne en championnat.<\/p>\n<p>Sous un froid polaire, l\u2019OM a ma\u00eetris\u00e9 la rencontre, mais Mathilde Bourdieu et ses partenaires ont, une nouvelle fois, manqu\u00e9 d\u2019efficacit\u00e9 face au but adverse. L\u2019ancienne buteuse du Paris FC a rat\u00e9 un premier face-\u00e0-face (34), avant de mettre le second au fond (45 +\u00a02) mais de voir le drapeau se lever pour une position de hors-jeu qui ne semblait pas justifi\u00e9e.<\/p>\n<p>Au retour des vestiaires, c\u2019est Jody Brown qui a grill\u00e9 plusieurs cartouches (56, 68, 73), avant, donc, le but lib\u00e9rateur d\u2019Elisor, son premier de la saison. Les Olympiennes conna\u00eetront leur adversaire en 8es ce lundi (12h15, Youtube FFF).<\/p>\n<p>Thonon-\u00c9vian 0 &#8211; 1 OM<\/p>\n<p>Stade Saint-Disdille. Mi-temps\u00a0: 0-0.<br \/>Arbitre\u00a0: Charl\u00e8ne Laur.<br \/>But\u00a0: Elisor (75).<br \/>Avertissements &#8211; Thonon-\u00c9vian\u00a0: Mazo (8).<br \/>OM\u00a0: Elisor (24), Perret (81).<br \/>OM\u00a0: N\u2019Gazi &#8211; Laplacette (cap.), Blanchard (Moryl, 90), Carro, Khezami &#8211; Le Mou\u00ebl (Perret, 66), Elisor &#8211; L\u00e9ger, Bamenga (Kbida, 85), Brown &#8211; Bourdieu (Herrera, 66).<br \/>Entra\u00eeneure\u00a0: Corinne Diacre.<\/p>\n","protected":false},"excerpt":{"rendered":"Ce 16e de finale de coupe de France contre Thonon-\u00c9vian (D2) a longtemps ressembl\u00e9 au match pi\u00e8ge par&hellip;\n","protected":false},"author":2,"featured_media":654811,"comment_status":"","ping_status":"","sticky":false,"template":"","format":"standard","meta":{"footnotes":""},"categories":[4],"tags":[5734,11,3529,615,4283,63,1011,27,15468,4056,12,149,25],"class_list":{"0":"post-654810","1":"post","2":"type-post","3":"status-publish","4":"format-standard","5":"has-post-thumbnail","7":"category-france","8":"tag-5734","9":"tag-actualites","10":"tag-assure","11":"tag-coupe","12":"tag-feminine","13":"tag-football","14":"tag-fr","15":"tag-france","16":"tag-lessentiel","17":"tag-lom","18":"tag-news","19":"tag-om","20":"tag-republique-francaise"},"share_on_mastodon":{"url":"https:\/\/pubeurope.com\/@fr\/115872934309004443","error":""},"_links":{"self":[{"href":"https:\/\/www.europesays.com\/fr\/wp-json\/wp\/v2\/posts\/654810","targetHints":{"allow":["GET"]}}],"collection":[{"href":"https:\/\/www.europesays.com\/fr\/wp-json\/wp\/v2\/posts"}],"about":[{"href":"https:\/\/www.europesays.com\/fr\/wp-json\/wp\/v2\/types\/post"}],"author":[{"embeddable":true,"href":"https:\/\/www.europesays.com\/fr\/wp-json\/wp\/v2\/users\/2"}],"replies":[{"embeddable":true,"href":"https:\/\/www.europesays.com\/fr\/wp-json\/wp\/v2\/comments?post=654810"}],"version-history":[{"count":0,"href":"https:\/\/www.europesays.com\/fr\/wp-json\/wp\/v2\/posts\/654810\/revisions"}],"wp:featuredmedia":[{"embeddable":true,"href":"https:\/\/www.europesays.com\/fr\/wp-json\/wp\/v2\/media\/654811"}],"wp:attachment":[{"href":"https:\/\/www.europesays.com\/fr\/wp-json\/wp\/v2\/media?parent=654810"}],"wp:term":[{"taxonomy":"category","embeddable":true,"href":"https:\/\/www.europesays.com\/fr\/wp-json\/wp\/v2\/categories?post=654810"},{"taxonomy":"post_tag","embeddable":true,"href":"https:\/\/www.europesays.com\/fr\/wp-json\/wp\/v2\/tags?post=654810"}],"curies":[{"name":"wp","href":"https:\/\/api.w.org\/{rel}","templated":true}]}}