{"id":654812,"date":"2026-01-10T21:31:15","date_gmt":"2026-01-10T21:31:15","guid":{"rendered":"https:\/\/www.europesays.com\/fr\/654812\/"},"modified":"2026-01-10T21:31:15","modified_gmt":"2026-01-10T21:31:15","slug":"tranquille-comme-anatole-chaboissant-avec-lalterna-stade-poitevin","status":"publish","type":"post","link":"https:\/\/www.europesays.com\/fr\/654812\/","title":{"rendered":"tranquille comme Anatole Chaboissant avec l\u2019Alterna Stade Poitevin"},"content":{"rendered":"<p><strong>Alterna Stade Poitevin\u00a0&#8211; Narbonne<\/strong><\/p>\n<p>Heureux qui, comme Ulysse, a fait un beau voyage\u2026 Heureux aussi qui, comme Anatole Chaboissant, a jou\u00e9 et disput\u00e9 un beau match en Gr\u00e8ce\u2026 Il ne restait plus qu\u2019un point \u00e0 inscrire pour d\u00e9finitivement valider la qualification de l\u2019Alterna Stade Poitevin en 8e\u00a0de finale de la Coupe CEV, mercredi, \u00e0 Ath\u00e8nes.<\/p>\n<p>Dans le troisi\u00e8me set (1), alors que son \u00e9quipe menait largement au score (18-24) face au Panathina\u00efkos, le passeur n\u2019a pas eu peur de prendre sa chance et de claquer une attaque dans le camp grec pour propulser son \u00e9quipe au tour suivant de la deuxi\u00e8me comp\u00e9tition europ\u00e9enne, avant de distribuer sereinement le jeu dans la manche suivante pour d\u00e9crocher un beau succ\u00e8s face \u00e0 l\u2019institution verte et blanche (1-3).<\/p>\n<p>Tout semble facile avec le passeur originaire des Deux-S\u00e8vres. Il a beau avoir \u00e9t\u00e9 \u00e9loign\u00e9 des terrains pendant plusieurs mois \u00e0 cause <a target=\"_self\" href=\"https:\/\/www.lanouvellerepublique.fr\/niort\/msl-comment-va-le-passeur-niortais-de-l-alterna-stade-poitevin-anatole-chaboissant-1760797451\" rel=\"noopener\">d\u2019une fracture de fatigue au tibia<\/a> l\u2019\u00e9t\u00e9 dernier et la pose d\u2019une tige de titane, de vis et d\u2019une plaque, il est revenu comme si de rien n\u2019\u00e9tait dans le collectif poitevin, il y a une semaine, au Plessis-Robinson. Ravi de pouvoir rejouer, m\u00eame s\u2019il s\u2019estime encore \u00e0 \u00ab\u00a070-80\u00a0%\u00a0\u00bb de son potentiel.<\/p>\n<p>\u00ab\u00a0Il me faudra du rythme et de la pratique pour \u00eatre au top. Quand j\u2019\u00e9tais bless\u00e9, je ne faisais pas les d\u00e9placements, je n\u2019\u00e9tais pas vraiment au c\u0153ur de la vie de l\u2019\u00e9quipe. Cela fait un bien fou de revenir. Je reprends du plaisir avec les copains. La blessure est derri\u00e8re moi. Je joue sans crainte. Je me sens bien sur le terrain.\u00a0\u00bb Et cela se voit&#8230;. <\/p>\n<p>    Cet article a \u00e9t\u00e9 tronqu\u00e9. Abonnez-vous pour lire l&rsquo;article complet sur notre site.<\/p>\n<p style=\"margin: 0 !important; padding: 0 !important; font-size: 12px !important;\">Cet article a \u00e9t\u00e9 tronqu\u00e9. Abonnez-vous pour lire l&rsquo;article complet.<\/p>\n<p>    <a href=\"https:\/\/www.lanouvellerepublique.fr\/abonnements\" style=\"display: inline-block; margin-top: 5px !important; padding: 6px 12px !important; background: #cb1c27; color: white; text-decoration: none; border-radius: 4px; font-size: 12px !important;\" target=\"_blank\" rel=\"noopener\"><br \/>\n      S&rsquo;abonner<br \/>\n    <\/a><\/p>\n","protected":false},"excerpt":{"rendered":"Alterna Stade Poitevin\u00a0&#8211; Narbonne Heureux qui, comme Ulysse, a fait un beau voyage\u2026 Heureux aussi qui, comme Anatole&hellip;\n","protected":false},"author":2,"featured_media":654813,"comment_status":"","ping_status":"","sticky":false,"template":"","format":"standard","meta":{"footnotes":""},"categories":[1417],"tags":[1392,1654,2545,1011,27,1655,6752,1653,60,1584,1470,1469],"class_list":{"0":"post-654812","1":"post","2":"type-post","3":"status-publish","4":"format-standard","5":"has-post-thumbnail","7":"category-volley","8":"tag-a-la-une-local","9":"tag-alterna-stade-poitevin-volley-ball","10":"tag-deux-sevres","11":"tag-fr","12":"tag-france","13":"tag-ligue-a","14":"tag-niort","15":"tag-poitiers","16":"tag-sports","17":"tag-vienne","18":"tag-volley","19":"tag-volleyball"},"share_on_mastodon":{"url":"https:\/\/pubeurope.com\/@fr\/115872942323297270","error":""},"_links":{"self":[{"href":"https:\/\/www.europesays.com\/fr\/wp-json\/wp\/v2\/posts\/654812","targetHints":{"allow":["GET"]}}],"collection":[{"href":"https:\/\/www.europesays.com\/fr\/wp-json\/wp\/v2\/posts"}],"about":[{"href":"https:\/\/www.europesays.com\/fr\/wp-json\/wp\/v2\/types\/post"}],"author":[{"embeddable":true,"href":"https:\/\/www.europesays.com\/fr\/wp-json\/wp\/v2\/users\/2"}],"replies":[{"embeddable":true,"href":"https:\/\/www.europesays.com\/fr\/wp-json\/wp\/v2\/comments?post=654812"}],"version-history":[{"count":0,"href":"https:\/\/www.europesays.com\/fr\/wp-json\/wp\/v2\/posts\/654812\/revisions"}],"wp:featuredmedia":[{"embeddable":true,"href":"https:\/\/www.europesays.com\/fr\/wp-json\/wp\/v2\/media\/654813"}],"wp:attachment":[{"href":"https:\/\/www.europesays.com\/fr\/wp-json\/wp\/v2\/media?parent=654812"}],"wp:term":[{"taxonomy":"category","embeddable":true,"href":"https:\/\/www.europesays.com\/fr\/wp-json\/wp\/v2\/categories?post=654812"},{"taxonomy":"post_tag","embeddable":true,"href":"https:\/\/www.europesays.com\/fr\/wp-json\/wp\/v2\/tags?post=654812"}],"curies":[{"name":"wp","href":"https:\/\/api.w.org\/{rel}","templated":true}]}}