{"id":654820,"date":"2026-01-10T21:38:16","date_gmt":"2026-01-10T21:38:16","guid":{"rendered":"https:\/\/www.europesays.com\/fr\/654820\/"},"modified":"2026-01-10T21:38:16","modified_gmt":"2026-01-10T21:38:16","slug":"fabian-ruiz-dit-oui-a-galatasaray","status":"publish","type":"post","link":"https:\/\/www.europesays.com\/fr\/654820\/","title":{"rendered":"Fabian Ruiz dit oui \u00e0 Galatasaray !"},"content":{"rendered":"<p><b>Le PSG, \u00e0 l&rsquo;\u00e9coute des offres pour Fabian Ruiz tant que ce dernier n&rsquo;aura pas prolong\u00e9, va avoir des nouvelles de Galatasaray tr\u00e8s prochainement en vue d&rsquo;un gros transfert. <\/b><\/p>\n<p>Gros point fort du <a href=\"https:\/\/www.foot01.com\/paris\" target=\"_self\" rel=\"noopener\">Paris SG<\/a> la saison derni\u00e8re, le trio du milieu de terrain est invariablement align\u00e9 par Luis Enrique d\u00e8s qu\u2019il le peut. Entre la maestria technique de Vitinha et la fougue de Joao Noves, il y a le m\u00e9tronome Fabian Ruiz, maitre dans l\u2019art du bon placement et du contr\u00f4le du tempo du jeu. L\u2019Espagnol fait l\u2019unanimit\u00e9 au PSG, mais son avenir est plus incertain.<\/p>\n<p>Souvent annonc\u00e9 comme un joueur amen\u00e9 \u00e0 prolonger \u00e0 Paris, le milieu de terrain a r\u00e9cemment fait savoir qu\u2019il projetait d\u00e9j\u00e0 sur une fin de carri\u00e8re au B\u00e9tis S\u00e9ville, son club de coeur. A 29 ans, l\u2019international espagnol a encore le temps de voir venir, au point d\u2019envisager de passer par un club interm\u00e9diaire.<\/p>\n<p>Fabian Ruiz ok pour \u00e9couter l&rsquo;offre de Galatasaray<\/p>\n<p>Ces derniers jours, le Galatasaray Istanbul s\u2019est renseign\u00e9 \u00e0 son sujet, et selon le m\u00e9dia turc Hurriyet, l\u2019agent de l\u2019ancien joueur du Napoli a donn\u00e9 \u00ab le feu vert \u00bb pour discuter d\u2019un transfert avec le PSG. L\u2019id\u00e9e de rejoindre Galatasaray ne d\u00e9plait pas \u00e0 Fabian Ruiz, qui a certainement re\u00e7u une proposition salariale tr\u00e8s \u00e9lev\u00e9e et un contrat longue dur\u00e9e pour \u00eatre s\u00e9duit par l\u2019id\u00e9e de rejoindre le championnat turc.<\/p>\n<p>Le m\u00e9dia pr\u00e9cise que Galatasaray, qui se veut tr\u00e8s ambitieux, envisage de faire une offre \u00e0 hauteur de 30 ME pour convaincre le PSG de laisser partir son milieu de terrain. Pour le moment, Paris n\u2019est absolument pas vendeur, mais dans sa politique salariale plus stricte, le club de la capitale se heurte \u00e0 quelques complications dans les n\u00e9gociations avec ses joueurs majeurs. Cela a le don d\u2019ouvrir des portes pour regarder ailleurs, et Galatasaray, avec ses moyens \u00e9lev\u00e9s et ses grosses ambitions, compte bien tenter sa chance pour r\u00e9aliser le gros coup de l\u2019hiver.<\/p>\n<p>Fabian Ruiz est sous contrat avec le Paris SG jusqu\u2019en juin 2027, et faute d\u2019accord pour une prolongation, il entrerait alors en juin prochain dans la derni\u00e8re ann\u00e9e de son contrat. Une situation que Luis Camps et Nasser Al-Khela\u00effi ne veulent pas vivre.<\/p>\n","protected":false},"excerpt":{"rendered":"Le PSG, \u00e0 l&rsquo;\u00e9coute des offres pour Fabian Ruiz tant que ce dernier n&rsquo;aura pas prolong\u00e9, va avoir&hellip;\n","protected":false},"author":2,"featured_media":654821,"comment_status":"","ping_status":"","sticky":false,"template":"","format":"standard","meta":{"footnotes":""},"categories":[1410],"tags":[8936,63,1011,27,1434,93,60],"class_list":{"0":"post-654820","1":"post","2":"type-post","3":"status-publish","4":"format-standard","5":"has-post-thumbnail","7":"category-football","8":"tag-breaking-news","9":"tag-football","10":"tag-fr","11":"tag-france","12":"tag-mercato","13":"tag-psg","14":"tag-sports"},"share_on_mastodon":{"url":"https:\/\/pubeurope.com\/@fr\/115872969802042092","error":""},"_links":{"self":[{"href":"https:\/\/www.europesays.com\/fr\/wp-json\/wp\/v2\/posts\/654820","targetHints":{"allow":["GET"]}}],"collection":[{"href":"https:\/\/www.europesays.com\/fr\/wp-json\/wp\/v2\/posts"}],"about":[{"href":"https:\/\/www.europesays.com\/fr\/wp-json\/wp\/v2\/types\/post"}],"author":[{"embeddable":true,"href":"https:\/\/www.europesays.com\/fr\/wp-json\/wp\/v2\/users\/2"}],"replies":[{"embeddable":true,"href":"https:\/\/www.europesays.com\/fr\/wp-json\/wp\/v2\/comments?post=654820"}],"version-history":[{"count":0,"href":"https:\/\/www.europesays.com\/fr\/wp-json\/wp\/v2\/posts\/654820\/revisions"}],"wp:featuredmedia":[{"embeddable":true,"href":"https:\/\/www.europesays.com\/fr\/wp-json\/wp\/v2\/media\/654821"}],"wp:attachment":[{"href":"https:\/\/www.europesays.com\/fr\/wp-json\/wp\/v2\/media?parent=654820"}],"wp:term":[{"taxonomy":"category","embeddable":true,"href":"https:\/\/www.europesays.com\/fr\/wp-json\/wp\/v2\/categories?post=654820"},{"taxonomy":"post_tag","embeddable":true,"href":"https:\/\/www.europesays.com\/fr\/wp-json\/wp\/v2\/tags?post=654820"}],"curies":[{"name":"wp","href":"https:\/\/api.w.org\/{rel}","templated":true}]}}